{"id":261291,"date":"2025-04-09T16:00:00","date_gmt":"2025-04-09T14:00:00","guid":{"rendered":"https:\/\/www.tucomarca.com\/wordpress\/segunda\/?p=261291"},"modified":"2025-04-09T16:15:57","modified_gmt":"2025-04-09T14:15:57","slug":"emergencias-asegura-que-no-hubo-retraso-en-el-envio-del-email-para-solicitar-el-refuerzo-de-la-ume-y-que-no-tenia-confirmacion-oficial-de-posibles-fallecidos-a-las-2033-horas","status":"publish","type":"post","link":"https:\/\/www.tucomarca.com\/wordpress\/segunda\/emergencias-asegura-que-no-hubo-retraso-en-el-envio-del-email-para-solicitar-el-refuerzo-de-la-ume-y-que-no-tenia-confirmacion-oficial-de-posibles-fallecidos-a-las-2033-horas\/","title":{"rendered":"Emergencias asegura que no hubo retraso en el env\u00edo del email para solicitar el refuerzo de la UME y que no ten\u00eda confirmaci\u00f3n oficial de posibles fallecidos a las 20,33 horas"},"content":{"rendered":"\n<h3 class=\"wp-block-heading\">Desde el Consell mantienen que la petici\u00f3n fue firmada digitalmente a las 20,33 horas y enviada a las 20,35 horas a la Delegaci\u00f3n del Gobierno y al CENEM (Centro Nacional de Seguimiento y Coordinaci\u00f3n de Emergencias).<\/h3>\n\n\n\n<h3 class=\"wp-block-heading\">Emergencias defiende que no se ten\u00eda certificaci\u00f3n ni confirmaci\u00f3n oficial de posibles fallecimientos a las 20,33 horas; y que la Generalitat no tuvo confirmaci\u00f3n de fallecimientos hasta medianoche.<\/h3>\n\n\n\n<h3 class=\"wp-block-heading\">El Consell lamenta \u00abla ignorancia de Comprom\u00eds por no saber interpretar unos simples datos y critica que s\u00f3lo quiere generar crispaci\u00f3n contra las instituciones valencianas\u00bb, a la vez que solicita al grupo parlamentario \u00abque rectifique de inmediato sus declaraciones que no se corresponden con la verdad\u00bb.<\/h3>\n\n\n\n<p>La Conselleria de Emergencias e Interior ha asegurado que el despliegue de la Unidad Militar de Emergencias \u00abse solicit\u00f3 la tarde del 29 de octubre de 2024 en dos minutos\u00bb y ha querido desmentir as\u00ed \u00abcateg\u00f3ricamente las acusaciones del grupo parlamentario Comprom\u00eds que est\u00e1 difundiendo la falsedad de que se tard\u00f3 una hora\u00bb, tal como respondido desde el ejecutivo valenciano.<\/p>\n\n\n\n<p>Concretamente, el grupo parlamentario de Comprom\u00eds en les Corts Valencianes ha asegurado que el documento para solicitar el despliegue de la Unidad Militar de Emergencias (UME) en toda la provincia de Valencia \u00abestaba listo a las 19,34 horas y que no se envi\u00f3 hasta una hora despu\u00e9s\u00bb.<\/p>\n\n\n\n<p>La Conselleria ha calificado esa afirmaci\u00f3n de \u00ababsolutamente falsa\u00bb y ha explicado que la hora que aparece en el correo electr\u00f3nico al que hacen referencia el grupo parlamentario \u00abcorresponde a la zona horaria UTC +0, y no a la hora oficial en Espa\u00f1a (UTC +1). Es decir, las 19,34 horas UTC +0 son, en realidad, las 20,34 horas en Espa\u00f1a. El correo fue firmado digitalmente por el subdirector general de Emergencias, Jorge Su\u00e1rez, a las 20,33 horas, y remitido inmediatamente despu\u00e9s: a las 20,34 horas a la Sala de Emergencias y a las 20,35 horas a la Delegaci\u00f3n del Gobierno y al CENEM (Centro Nacional de Seguimiento y Coordinaci\u00f3n de Emergencias)\u00bb, tal como han relatado.<\/p>\n\n\n\n<p>La Conselleria de Emergencias asegura por tanto \u00abque no solo no hubo demora alguna, sino que es completamente falsa y err\u00f3nea la afirmaci\u00f3n de que el documento se retras\u00f3 una hora porque el mensaje no estaba ni preparado, ni enviado, ni listo antes de las 20,33 horas\u00bb.\u00a0<\/p>\n\n\n\n<p>Adem\u00e1s, la informaci\u00f3n que llegaba al CECOPI sobre posibles fallecidos como consecuencia de la riada \u00abproced\u00eda de las fuerzas de intervenci\u00f3n, como el cuerpo de bomberos, por eso esta informaci\u00f3n se hace constar en el documento de solicitud de refuerzo de la intervenci\u00f3n de la UME siguiendo un criterio de prudencia, ya que no hab\u00eda certificaci\u00f3n ni confirmaci\u00f3n oficial de posibles fallecimientos a la hora que se remite el citado documento\u00bb.<\/p>\n\n\n\n<p>\u00abEn ese documento se registran, seg\u00fan la evaluaci\u00f3n preliminar de la situaci\u00f3n de emergencia, las circunstancias y condiciones que afectan a la emergencia, todo eso con el objetivo de que la UME re\u00fana y active todas las capacidades y dispositivos necesarios para afrontar de la forma m\u00e1s eficaz posible la emergencia o cualquier otra situaci\u00f3n que se podr\u00eda estar produciendo\u00bb, tal como han explicado fuentes del ejecutivo valenciano, desde donde insisten en que la Generalitat \u00abno tiene confirmaci\u00f3n de fallecimientos hasta medianoche. La prueba evidente es que el President en su comparecencia p\u00fablica de las 21,00 horas no puede confirmar fallecimientos y en la de medianoche s\u00ed\u00bb.<\/p>\n\n\n\n<p><strong>\u00abCampa\u00f1a de intoxicaci\u00f3n\u00bb<\/strong><\/p>\n\n\n\n<p>La Generalitat denuncia que estas afirmaciones forman parte de \u00abuna campa\u00f1a de intoxicaci\u00f3n y de bulos malintencionados\u00bb y \u00a0lamenta que el grupo parlamentario de Comprom\u00eds \u00abno tenga la suficiente pericia y capacidad para saber leer e interpretar documentos oficiales, lo que implica un nulo respeto por la verdad\u00bb.\u00a0<\/p>\n\n\n\n<p>Asimismo, critica y condena \u00abde forma en\u00e9rgica la crispaci\u00f3n a la que se ven sometidas las instituciones y la ciudadan\u00eda valenciana mediante mentiras constantes que s\u00f3lo buscan manipular una tragedia\u00bb, por lo que la Generalitat exige a Comprom\u00eds \u00abque rectifique de inmediato sus declaraciones, deje de utilizar el sufrimiento de los valencianos para lograr titulares y empiece a actuar con responsabilidad\u00bb.<\/p>\n","protected":false},"excerpt":{"rendered":"<div class=\"mh-excerpt\">Desde el Consell mantienen que la petici\u00f3n fue firmada digitalmente a las 20,33 horas y enviada a las 20,35 horas a la Delegaci\u00f3n del Gobierno y al CENEM (Centro Nacional de Seguimiento y Coordinaci\u00f3n de <a class=\"mh-excerpt-more\" href=\"https:\/\/www.tucomarca.com\/wordpress\/segunda\/emergencias-asegura-que-no-hubo-retraso-en-el-envio-del-email-para-solicitar-el-refuerzo-de-la-ume-y-que-no-tenia-confirmacion-oficial-de-posibles-fallecidos-a-las-2033-horas\/\" title=\"Emergencias asegura que no hubo retraso en el env\u00edo del email para solicitar el refuerzo de la UME y que no ten\u00eda confirmaci\u00f3n oficial de posibles fallecidos a las 20,33 horas\">[+] <\/a><\/div>\n","protected":false},"author":1,"featured_media":242215,"comment_status":"open","ping_status":"open","sticky":false,"template":"","format":"standard","meta":{"footnotes":""},"categories":[21465,128,8,72,117,142,3,116,45],"tags":[2163,12831,10716,2142],"class_list":{"0":"post-261291","1":"post","2":"type-post","3":"status-publish","4":"format-standard","5":"has-post-thumbnail","7":"category-dana","8":"category-infraestructuras","9":"category-la-comarca","10":"category-sin-categorizar","11":"category-medio-ambiente-la-comarca","12":"category-politica-la-comarca","13":"category-seccion","14":"category-sucesos-la-comarca","15":"category-ventana","16":"tag-consell","17":"tag-dana-2","18":"tag-generalitat-valenciana","19":"tag-la-comunitat"},"_links":{"self":[{"href":"https:\/\/www.tucomarca.com\/wordpress\/segunda\/wp-json\/wp\/v2\/posts\/261291","targetHints":{"allow":["GET"]}}],"collection":[{"href":"https:\/\/www.tucomarca.com\/wordpress\/segunda\/wp-json\/wp\/v2\/posts"}],"about":[{"href":"https:\/\/www.tucomarca.com\/wordpress\/segunda\/wp-json\/wp\/v2\/types\/post"}],"author":[{"embeddable":true,"href":"https:\/\/www.tucomarca.com\/wordpress\/segunda\/wp-json\/wp\/v2\/users\/1"}],"replies":[{"embeddable":true,"href":"https:\/\/www.tucomarca.com\/wordpress\/segunda\/wp-json\/wp\/v2\/comments?post=261291"}],"version-history":[{"count":0,"href":"https:\/\/www.tucomarca.com\/wordpress\/segunda\/wp-json\/wp\/v2\/posts\/261291\/revisions"}],"wp:featuredmedia":[{"embeddable":true,"href":"https:\/\/www.tucomarca.com\/wordpress\/segunda\/wp-json\/wp\/v2\/media\/242215"}],"wp:attachment":[{"href":"https:\/\/www.tucomarca.com\/wordpress\/segunda\/wp-json\/wp\/v2\/media?parent=261291"}],"wp:term":[{"taxonomy":"category","embeddable":true,"href":"https:\/\/www.tucomarca.com\/wordpress\/segunda\/wp-json\/wp\/v2\/categories?post=261291"},{"taxonomy":"post_tag","embeddable":true,"href":"https:\/\/www.tucomarca.com\/wordpress\/segunda\/wp-json\/wp\/v2\/tags?post=261291"}],"curies":[{"name":"wp","href":"https:\/\/api.w.org\/{rel}","templated":true}]}}