{"id":261462,"date":"2025-04-10T17:45:00","date_gmt":"2025-04-10T15:45:00","guid":{"rendered":"https:\/\/www.tucomarca.com\/wordpress\/segunda\/?p=261462"},"modified":"2025-04-10T22:06:59","modified_gmt":"2025-04-10T20:06:59","slug":"la-tarjeta-recuperem-valencia-pasara-a-tramitarse-a-traves-de-la-web-de-la-generalitat-a-partir-del-16-de-abril","status":"publish","type":"post","link":"https:\/\/www.tucomarca.com\/wordpress\/segunda\/la-tarjeta-recuperem-valencia-pasara-a-tramitarse-a-traves-de-la-web-de-la-generalitat-a-partir-del-16-de-abril\/","title":{"rendered":"La tarjeta Recuperem Val\u00e8ncia pasar\u00e1 a tramitarse a trav\u00e9s de la web de la Generalitat a partir del 16 de abril"},"content":{"rendered":"\n<h3 class=\"wp-block-heading\"><strong>El conseller de Medio Ambiente muestra su satisfacci\u00f3n por la buena acogida de esta medida y recuerda que este soporte \u201cpermite viajar gratis a los beneficiarios hasta el 31 de diciembre de este a\u00f1o\u201d<\/strong>.<\/h3>\n\n\n\n<h3 class=\"wp-block-heading\"><strong>Se han repartido m\u00e1s de 180.000 tarjetas de transporte gratuito Recuperem Val\u00e8ncia desde que se abri\u00f3 el tr\u00e1mite de solicitud<\/strong>.<\/h3>\n\n\n\n<p>La tarjeta Recuperem Val\u00e8ncia de la Generalitat dejar\u00e1 de solicitarse en los ayuntamientos desde el 16 de abril y solo se tramitar\u00e1 a trav\u00e9s de la web de la Autoridad del Transporte Metropolitano de Val\u00e8ncia, ATMV.&nbsp;<\/p>\n\n\n\n<p>As\u00ed lo ha avanzado el conseller de Medio Ambiente, Infraestructuras y Territorio, Vicente Mart\u00ednez Mus, quien ha mostrado su satisfacci\u00f3n por la buena acogida de esta medida y ha recordado que \u201cesta tarjeta permitir\u00e1 a los beneficiarios viajar sin coste alguno en Metrovalencia, Cercan\u00edas, EMT, Metrob\u00fas y autobuses auton\u00f3micos hasta el 31 de diciembre de 2025\u201d.<\/p>\n\n\n\n<p>Esta iniciativa va destinada a todos los habitantes de los 31 municipios m\u00e1s afectados por la riada, as\u00ed como a aquellos residentes de otras localidades que hayan perdido su veh\u00edculo. La Generalitat ha repartido m\u00e1s de 180.000 tarjetas de transporte gratuito Recuperem Val\u00e8ncia en colaboraci\u00f3n con los ayuntamientos desde que se abri\u00f3 el tr\u00e1mite de solicitud.<\/p>\n\n\n\n<p>Mart\u00ednez Mus ha explicado que el proceso de gesti\u00f3n de las tarjetas desde el 16 de abril dejar\u00e1 de solicitarse en los municipios y solo se podr\u00e1 hacer a trav\u00e9s de la web de la ATMV. El conseller ha aprovechado la ocasi\u00f3n para agradecer el \u201csobresfuerzo de las corporaciones municipales, que han colaborado junto a las m\u00e1s de 50 personas destinadas a esa labor por la Conselleria\u201d y ha a\u00f1adido que \u201ceste esfuerzo adicional se ha hecho sin la ayuda del Ministerio\u201d.<\/p>\n\n\n\n<p>Hasta el momento, Paiporta es el municipio que m\u00e1s tarjetas ha repartido, con un total de 16.133, seguido de Catarroja con 15.489 y Aldaia con 15.005.<\/p>\n\n\n\n<p>El proceso de entrega de las tarjetas se hab\u00eda organizado en dos grupos, considerando el grado de afectaci\u00f3n de cada municipio. En el primer grupo, los residentes de las 31 localidades m\u00e1s afectadas, que han perdido m\u00e1s del 5 % de los coches matriculados. Hasta ahora la entrega de las tarjetas la hab\u00edan asumido los ayuntamientos para agilizar el tr\u00e1mite, pero, tras la expedici\u00f3n inicial, la asumir\u00e1 la Generalitat.<\/p>\n\n\n\n<p>Se trata de las localidades de Sedav\u00ed, Paiporta, Massanassa, Alfafar, Llocnou de la Corona, Benet\u00fasser, Picanya, Catarroja, Algemes\u00ed, Beniparrell, Aldaia, L\u2019Alc\u00fadia, Albal, Guadassuar, Riba-roja de T\u00faria, Alaqu\u00e0s, Sot de Chera, Riola, Chiva, Loriguilla, Cheste, Catadau, Pedralba, Utiel, Llombai, Montserrat, Godelleta, Quart de Poblet, Xirivella, Benicull de X\u00faquer y Gestalgar, as\u00ed como las pedan\u00edas de Val\u00e8ncia: Castellar-Oliveral, Forn d\u2019Alcedo y La Torre.<\/p>\n\n\n\n<p>Para el segundo grupo la tramitaci\u00f3n se mantiene v\u00eda internet. Los residentes de municipios menos afectados por las inundaciones, pero que tambi\u00e9n han perdido su veh\u00edculo podr\u00e1n siguiendo solicitar la tarjeta como hasta ahora.<\/p>\n\n\n\n<p>Toda la informaci\u00f3n necesaria sobre la tarjeta de movilidad est\u00e1 disponible en la&nbsp;<a href=\"https:\/\/atmv.gva.es\/va\/\" target=\"_blank\" rel=\"noreferrer noopener\">p\u00e1gina de la Generalitat<\/a>.<\/p>\n","protected":false},"excerpt":{"rendered":"<div class=\"mh-excerpt\">El conseller de Medio Ambiente muestra su satisfacci\u00f3n por la buena acogida de esta medida y recuerda que este soporte \u201cpermite viajar gratis a los beneficiarios hasta el 31 de diciembre de este a\u00f1o\u201d. Se <a class=\"mh-excerpt-more\" href=\"https:\/\/www.tucomarca.com\/wordpress\/segunda\/la-tarjeta-recuperem-valencia-pasara-a-tramitarse-a-traves-de-la-web-de-la-generalitat-a-partir-del-16-de-abril\/\" title=\"La tarjeta Recuperem Val\u00e8ncia pasar\u00e1 a tramitarse a trav\u00e9s de la web de la Generalitat a partir del 16 de abril\">[+] <\/a><\/div>\n","protected":false},"author":12,"featured_media":261463,"comment_status":"open","ping_status":"open","sticky":false,"template":"","format":"standard","meta":{"footnotes":""},"categories":[21465,128,8,72,117,142,3,116,45],"tags":[723,2142,21814],"class_list":{"0":"post-261462","1":"post","2":"type-post","3":"status-publish","4":"format-standard","5":"has-post-thumbnail","7":"category-dana","8":"category-infraestructuras","9":"category-la-comarca","10":"category-sin-categorizar","11":"category-medio-ambiente-la-comarca","12":"category-politica-la-comarca","13":"category-seccion","14":"category-sucesos-la-comarca","15":"category-ventana","16":"tag-generalitat","17":"tag-la-comunitat","18":"tag-transportes"},"_links":{"self":[{"href":"https:\/\/www.tucomarca.com\/wordpress\/segunda\/wp-json\/wp\/v2\/posts\/261462","targetHints":{"allow":["GET"]}}],"collection":[{"href":"https:\/\/www.tucomarca.com\/wordpress\/segunda\/wp-json\/wp\/v2\/posts"}],"about":[{"href":"https:\/\/www.tucomarca.com\/wordpress\/segunda\/wp-json\/wp\/v2\/types\/post"}],"author":[{"embeddable":true,"href":"https:\/\/www.tucomarca.com\/wordpress\/segunda\/wp-json\/wp\/v2\/users\/12"}],"replies":[{"embeddable":true,"href":"https:\/\/www.tucomarca.com\/wordpress\/segunda\/wp-json\/wp\/v2\/comments?post=261462"}],"version-history":[{"count":0,"href":"https:\/\/www.tucomarca.com\/wordpress\/segunda\/wp-json\/wp\/v2\/posts\/261462\/revisions"}],"wp:featuredmedia":[{"embeddable":true,"href":"https:\/\/www.tucomarca.com\/wordpress\/segunda\/wp-json\/wp\/v2\/media\/261463"}],"wp:attachment":[{"href":"https:\/\/www.tucomarca.com\/wordpress\/segunda\/wp-json\/wp\/v2\/media?parent=261462"}],"wp:term":[{"taxonomy":"category","embeddable":true,"href":"https:\/\/www.tucomarca.com\/wordpress\/segunda\/wp-json\/wp\/v2\/categories?post=261462"},{"taxonomy":"post_tag","embeddable":true,"href":"https:\/\/www.tucomarca.com\/wordpress\/segunda\/wp-json\/wp\/v2\/tags?post=261462"}],"curies":[{"name":"wp","href":"https:\/\/api.w.org\/{rel}","templated":true}]}}