{"id":261542,"date":"2025-04-12T10:00:00","date_gmt":"2025-04-12T08:00:00","guid":{"rendered":"https:\/\/www.tucomarca.com\/wordpress\/segunda\/?p=261542"},"modified":"2025-04-12T13:27:56","modified_gmt":"2025-04-12T11:27:56","slug":"siete-aguas-inicia-la-primera-fase-de-rehabilitacion-del-chalet-carsi","status":"publish","type":"post","link":"https:\/\/www.tucomarca.com\/wordpress\/segunda\/siete-aguas-inicia-la-primera-fase-de-rehabilitacion-del-chalet-carsi\/","title":{"rendered":"Siete Aguas inicia la primera fase de rehabilitaci\u00f3n del emblem\u00e1tico Chalet Cars\u00ed"},"content":{"rendered":"\n<p>El Ayuntamiento de Siete Aguas ha comenzado las obras correspondientes a la primera fase de rehabilitaci\u00f3n y consolidaci\u00f3n de la estructura y la fachada del emblem\u00e1tico Chalet Cars\u00ed, un inmueble de gran valor hist\u00f3rico y simb\u00f3lico para la localidad.<\/p>\n\n\n\n<p>Con un presupuesto que supera los 100.000 euros, esta intervenci\u00f3n contempla trabajos centrados en la recuperaci\u00f3n y restauraci\u00f3n de los elementos arquitect\u00f3nicos y estructurales m\u00e1s significativos del edificio. El objetivo es preservar su patrimonio y poner en valor este c\u00e9ntrico inmueble, que forma parte del legado cultural de Siete Aguas.<\/p>\n\n\n\n<p>Desde el consistorio han adelantado que la intenci\u00f3n es abrir pr\u00f3ximamente el Chalet Cars\u00ed al p\u00fablico, de modo que vecinos y visitantes puedan disfrutar de este espacio hist\u00f3rico una vez finalicen las obras.<\/p>\n","protected":false},"excerpt":{"rendered":"<div class=\"mh-excerpt\">El Ayuntamiento de Siete Aguas ha comenzado las obras correspondientes a la primera fase de rehabilitaci\u00f3n y consolidaci\u00f3n de la estructura y la fachada del emblem\u00e1tico Chalet Cars\u00ed, un inmueble de gran valor hist\u00f3rico y <a class=\"mh-excerpt-more\" href=\"https:\/\/www.tucomarca.com\/wordpress\/segunda\/siete-aguas-inicia-la-primera-fase-de-rehabilitacion-del-chalet-carsi\/\" title=\"Siete Aguas inicia la primera fase de rehabilitaci\u00f3n del emblem\u00e1tico Chalet Cars\u00ed\">[+] <\/a><\/div>\n","protected":false},"author":12,"featured_media":261545,"comment_status":"open","ping_status":"open","sticky":false,"template":"","format":"standard","meta":{"footnotes":""},"categories":[128,8,10,142,3,12,45],"tags":[22159,5952,10381],"class_list":{"0":"post-261542","1":"post","2":"type-post","3":"status-publish","4":"format-standard","5":"has-post-thumbnail","7":"category-infraestructuras","8":"category-la-comarca","9":"category-la-hoya","10":"category-politica-la-comarca","11":"category-seccion","12":"category-siete-aguas","13":"category-ventana","14":"tag-chalet-carsi","15":"tag-la-hoya-de-bunol-chiva","16":"tag-siete-aguas"},"_links":{"self":[{"href":"https:\/\/www.tucomarca.com\/wordpress\/segunda\/wp-json\/wp\/v2\/posts\/261542","targetHints":{"allow":["GET"]}}],"collection":[{"href":"https:\/\/www.tucomarca.com\/wordpress\/segunda\/wp-json\/wp\/v2\/posts"}],"about":[{"href":"https:\/\/www.tucomarca.com\/wordpress\/segunda\/wp-json\/wp\/v2\/types\/post"}],"author":[{"embeddable":true,"href":"https:\/\/www.tucomarca.com\/wordpress\/segunda\/wp-json\/wp\/v2\/users\/12"}],"replies":[{"embeddable":true,"href":"https:\/\/www.tucomarca.com\/wordpress\/segunda\/wp-json\/wp\/v2\/comments?post=261542"}],"version-history":[{"count":0,"href":"https:\/\/www.tucomarca.com\/wordpress\/segunda\/wp-json\/wp\/v2\/posts\/261542\/revisions"}],"wp:featuredmedia":[{"embeddable":true,"href":"https:\/\/www.tucomarca.com\/wordpress\/segunda\/wp-json\/wp\/v2\/media\/261545"}],"wp:attachment":[{"href":"https:\/\/www.tucomarca.com\/wordpress\/segunda\/wp-json\/wp\/v2\/media?parent=261542"}],"wp:term":[{"taxonomy":"category","embeddable":true,"href":"https:\/\/www.tucomarca.com\/wordpress\/segunda\/wp-json\/wp\/v2\/categories?post=261542"},{"taxonomy":"post_tag","embeddable":true,"href":"https:\/\/www.tucomarca.com\/wordpress\/segunda\/wp-json\/wp\/v2\/tags?post=261542"}],"curies":[{"name":"wp","href":"https:\/\/api.w.org\/{rel}","templated":true}]}}