{"id":261999,"date":"2025-04-16T10:20:00","date_gmt":"2025-04-16T08:20:00","guid":{"rendered":"https:\/\/www.tucomarca.com\/wordpress\/segunda\/?p=261999"},"modified":"2025-04-16T10:26:17","modified_gmt":"2025-04-16T08:26:17","slug":"bunol-da-comienzo-a-la-semana-santa-2025-una-semana-de-tradicion-y-devocion","status":"publish","type":"post","link":"https:\/\/www.tucomarca.com\/wordpress\/segunda\/bunol-da-comienzo-a-la-semana-santa-2025-una-semana-de-tradicion-y-devocion\/","title":{"rendered":"Bu\u00f1ol da comienzo a la Semana Santa 2025: una semana de tradici\u00f3n y devoci\u00f3n"},"content":{"rendered":"\n<p>Bu\u00f1ol se prepara para vivir con intensidad y recogimiento una de las semanas m\u00e1s significativas del calendario lit\u00fargico cristiano. Este domingo 13 de abril se di\u00f3 el pistoletazo de salida a los actos de <strong>Semana Santa 2025<\/strong>, un periodo de reflexi\u00f3n y renovaci\u00f3n de la fe, organizado por las parroquias locales con la participaci\u00f3n activa de clavar\u00edas, cofrades y vecindad del municipio.<\/p>\n\n\n\n<p><strong>PROGRAMA COMPLETO DE SEMANA SANTA EN BU\u00d1OL<\/strong><\/p>\n\n\n\n<p><strong>Mi\u00e9rcoles Santo \u2013 16 de abril<\/strong><\/p>\n\n\n\n<ul class=\"wp-block-list\">\n<li>22:00 h: <em>Procesi\u00f3n del Silencio<\/em>, con salida desde la Iglesia de San Rafael hasta la Parroquia Nuestra Se\u00f1ora de los Dolores.<\/li>\n<\/ul>\n\n\n\n<p><strong>Jueves Santo \u2013 17 de abril<\/strong><\/p>\n\n\n\n<ul class=\"wp-block-list\">\n<li>18:30 h: <em>Celebraci\u00f3n de la Cena del Se\u00f1or<\/em>.<\/li>\n\n\n\n<li>22:30 h: <em>Hora Santa<\/em>.<\/li>\n<\/ul>\n\n\n\n<p><strong>Viernes Santo \u2013 18 de abril<\/strong> <\/p>\n\n\n\n<ul class=\"wp-block-list\">\n<li>10:30 h: <em>V\u00eda Crucis<\/em> por el itinerario tradicional.<\/li>\n\n\n\n<li>18:00 h: <em>Celebraci\u00f3n de la Pasi\u00f3n del Se\u00f1or<\/em>.<\/li>\n\n\n\n<li>21:15 h: <em>Procesi\u00f3n del Santo Entierro<\/em>, desde la Parroquia de San Pedro Ap\u00f3stol con acompa\u00f1amiento de clavar\u00edas y cofrades. Finaliza con el canto de los Gozos a la Virgen en la Parroquia.<\/li>\n<\/ul>\n\n\n\n<p><strong>S\u00e1bado de Gloria \u2013 19 de abril<\/strong><\/p>\n\n\n\n<ul class=\"wp-block-list\">\n<li>20:00 h: <em>Solemne Vigilia Pascual<\/em> y posterior celebraci\u00f3n del \u00abCordero Pascual\u00bb.<\/li>\n<\/ul>\n\n\n\n<p><strong>Domingo de Pascua \u2013 20 de abril<\/strong><\/p>\n\n\n\n<ul class=\"wp-block-list\">\n<li>9:00 h: <em>Santo Encuentro \u201cArrempuj\u00f3n\u201d<\/em> en la Plaza del Castillo y posterior <em>Solemne Eucarist\u00eda de Pascua<\/em> en la Parroquia Nuestra Se\u00f1ora de los Dolores.<\/li>\n\n\n\n<li>12:00 h: Segunda <em>Eucarist\u00eda de Pascua<\/em> en la misma parroquia.<\/li>\n<\/ul>\n\n\n\n<p>Este a\u00f1o, el programa cuenta con la colaboraci\u00f3n activa de los <strong>clavar\u00edos y cofrades de honor<\/strong>, cuyas figuras representan el compromiso y la continuidad de esta tradici\u00f3n religiosa en Bu\u00f1ol. <\/p>\n\n\n\n<p>Desde las parroquias se invita a toda la ciudadan\u00eda a participar en los actos lit\u00fargicos, procesiones y celebraciones, fomentando as\u00ed una vivencia plena y comunitaria de la fe cristiana en estos d\u00edas santos.<\/p>\n\n\n\n<p><strong>Clavarios:<\/strong><\/p>\n\n\n\n<ul class=\"wp-block-list\">\n<li>Carlos Avi\u00f1\u00f3 Hern\u00e1ndez<\/li>\n\n\n\n<li>Elvira Monz\u00f3ns L\u00f3pez<\/li>\n\n\n\n<li>Viorel Serban<\/li>\n\n\n\n<li>Elena Ortiz Miralles<\/li>\n\n\n\n<li>Fran Rubio Cercos<\/li>\n\n\n\n<li>M\u00aa \u00c1ngeles Masmano Ort\u00edz<\/li>\n\n\n\n<li>M\u00aa Carmen Cervera P\u00e9rez<\/li>\n\n\n\n<li>Vicente Hern\u00e1ndez Ort\u00edz<\/li>\n\n\n\n<li>Beltr\u00e1n Hern\u00e1ndez Cervera<\/li>\n\n\n\n<li>Vicente Hern\u00e1ndez Cervera<br><\/li>\n<\/ul>\n\n\n\n<p><strong>Cofrades de Honor:<\/strong><\/p>\n\n\n\n<ul class=\"wp-block-list\">\n<li>Fernando Hern\u00e1ndez Carri\u00f3n<\/li>\n\n\n\n<li>Conchita Guijarro Faubell<\/li>\n\n\n\n<li>Francisco Ferrer Fuentes<\/li>\n<\/ul>\n\n\n\n<p><\/p>\n","protected":false},"excerpt":{"rendered":"<div class=\"mh-excerpt\">Bu\u00f1ol se prepara para vivir con intensidad y recogimiento una de las semanas m\u00e1s significativas del calendario lit\u00fargico cristiano. Este domingo 13 de abril se di\u00f3 el pistoletazo de salida a los actos de Semana <a class=\"mh-excerpt-more\" href=\"https:\/\/www.tucomarca.com\/wordpress\/segunda\/bunol-da-comienzo-a-la-semana-santa-2025-una-semana-de-tradicion-y-devocion\/\" title=\"Bu\u00f1ol da comienzo a la Semana Santa 2025: una semana de tradici\u00f3n y devoci\u00f3n\">[+] <\/a><\/div>\n","protected":false},"author":12,"featured_media":216607,"comment_status":"open","ping_status":"open","sticky":false,"template":"","format":"standard","meta":{"footnotes":""},"categories":[4,18,8,10,7,3],"tags":[10385,5952,783],"class_list":{"0":"post-261999","1":"post","2":"type-post","3":"status-publish","4":"format-standard","5":"has-post-thumbnail","7":"category-agenda","8":"category-bunol","9":"category-la-comarca","10":"category-la-hoya","11":"category-ocio-y-cultura","12":"category-seccion","13":"tag-bunol","14":"tag-la-hoya-de-bunol-chiva","15":"tag-semana-santa"},"_links":{"self":[{"href":"https:\/\/www.tucomarca.com\/wordpress\/segunda\/wp-json\/wp\/v2\/posts\/261999","targetHints":{"allow":["GET"]}}],"collection":[{"href":"https:\/\/www.tucomarca.com\/wordpress\/segunda\/wp-json\/wp\/v2\/posts"}],"about":[{"href":"https:\/\/www.tucomarca.com\/wordpress\/segunda\/wp-json\/wp\/v2\/types\/post"}],"author":[{"embeddable":true,"href":"https:\/\/www.tucomarca.com\/wordpress\/segunda\/wp-json\/wp\/v2\/users\/12"}],"replies":[{"embeddable":true,"href":"https:\/\/www.tucomarca.com\/wordpress\/segunda\/wp-json\/wp\/v2\/comments?post=261999"}],"version-history":[{"count":0,"href":"https:\/\/www.tucomarca.com\/wordpress\/segunda\/wp-json\/wp\/v2\/posts\/261999\/revisions"}],"wp:featuredmedia":[{"embeddable":true,"href":"https:\/\/www.tucomarca.com\/wordpress\/segunda\/wp-json\/wp\/v2\/media\/216607"}],"wp:attachment":[{"href":"https:\/\/www.tucomarca.com\/wordpress\/segunda\/wp-json\/wp\/v2\/media?parent=261999"}],"wp:term":[{"taxonomy":"category","embeddable":true,"href":"https:\/\/www.tucomarca.com\/wordpress\/segunda\/wp-json\/wp\/v2\/categories?post=261999"},{"taxonomy":"post_tag","embeddable":true,"href":"https:\/\/www.tucomarca.com\/wordpress\/segunda\/wp-json\/wp\/v2\/tags?post=261999"}],"curies":[{"name":"wp","href":"https:\/\/api.w.org\/{rel}","templated":true}]}}