{"id":262039,"date":"2025-04-16T10:15:00","date_gmt":"2025-04-16T08:15:00","guid":{"rendered":"https:\/\/www.tucomarca.com\/wordpress\/segunda\/?p=262039"},"modified":"2025-04-16T20:48:32","modified_gmt":"2025-04-16T18:48:32","slug":"gestalgar-se-prepara-para-vivir-sus-fallas-2025-con-homenaje-a-la-fortaleza-del-pueblo-y-orgullo-colectivo","status":"publish","type":"post","link":"https:\/\/www.tucomarca.com\/wordpress\/segunda\/gestalgar-se-prepara-para-vivir-sus-fallas-2025-con-homenaje-a-la-fortaleza-del-pueblo-y-orgullo-colectivo\/","title":{"rendered":"Gestalgar se prepara para vivir sus Fallas 2025 con homenaje a la fortaleza del pueblo y orgullo colectivo"},"content":{"rendered":"\n<p>En la comarca de Los Serranos, a\u00fan queda una localidad por celebrar sus Fallas 2025: Gestalgar, donde la comisi\u00f3n Falla Los Murones se prepara para vivir unos d\u00edas intensos de fiesta, emoci\u00f3n y tradici\u00f3n.<\/p>\n\n\n\n<p>La semana fallera comenzar\u00e1 el jueves 24 de abril y se prolongar\u00e1 hasta el domingo 27, con una programaci\u00f3n variada que combina actos festivos, espect\u00e1culos, m\u00fasica y momentos de profundo simbolismo.<\/p>\n\n\n\n<p><strong>Programaci\u00f3n Fallas Gestalgar 2025<\/strong><\/p>\n\n\n\n<p><strong>Jueves 24 de abril<\/strong><\/p>\n\n\n\n<ul class=\"wp-block-list\">\n<li>20:00 h: Crit de inicio a la semana fallera.<\/li>\n\n\n\n<li>20:30 h: Plant\u00e0 de la falla.<\/li>\n<\/ul>\n\n\n\n<p><strong>Viernes 25 de abril<\/strong><\/p>\n\n\n\n<ul class=\"wp-block-list\">\n<li>23:00 h: Espect\u00e1culo de magia con el Mago Jojo.<\/li>\n<\/ul>\n\n\n\n<p>S\u00e1bado 26 de abril<\/p>\n\n\n\n<ul class=\"wp-block-list\">\n<li>Despert\u00e0 especial en forma de cacerolada, con la intenci\u00f3n de sacar de la cama a los falleros m\u00e1s dormilones.<\/li>\n\n\n\n<li>11:00 h: Picaeta popular en la Plaza de la Constituci\u00f3n.<\/li>\n\n\n\n<li>18:30 h: Tardeo remember con la m\u00fasica del DJ \u00c1lex Cervera.<\/li>\n<\/ul>\n\n\n\n<p><strong>Domingo 27 de abril<\/strong><\/p>\n\n\n\n<ul class=\"wp-block-list\">\n<li>11:15 h: Ofrenda de flores a la Virgen de los Desamparados, con salida desde la Plaza Vicente Corach\u00e1n.<\/li>\n\n\n\n<li>20:00 h: Crem\u00e0 de la falla, que pondr\u00e1 el broche final a las fiestas.<\/li>\n<\/ul>\n\n\n\n<p><strong>Una crem\u00e0 cargada de simbolismo<\/strong><\/p>\n\n\n\n<p>Este a\u00f1o, la crem\u00e0 no solo simbolizar\u00e1 el fin de las Fallas, sino tambi\u00e9n un acto de renacimiento y homenaje. El monumento fallero arder\u00e1 como tributo a la fortaleza del pueblo y a todos los que han contribuido a la recuperaci\u00f3n tras los estragos de la DANA.<\/p>\n\n\n\n<p>Con el apoyo del Ayuntamiento de Gestalgar, la Diputaci\u00f3n de Val\u00e8ncia y numerosos patrocinadores locales, las Fallas de Los Murones se presentan como una celebraci\u00f3n del orgullo colectivo, del esfuerzo compartido y del esp\u00edritu de un pueblo que no se rinde.<\/p>\n","protected":false},"excerpt":{"rendered":"<div class=\"mh-excerpt\">En la comarca de Los Serranos, a\u00fan queda una localidad por celebrar sus Fallas 2025: Gestalgar, donde la comisi\u00f3n Falla Los Murones se prepara para vivir unos d\u00edas intensos de fiesta, emoci\u00f3n y tradici\u00f3n. La <a class=\"mh-excerpt-more\" href=\"https:\/\/www.tucomarca.com\/wordpress\/segunda\/gestalgar-se-prepara-para-vivir-sus-fallas-2025-con-homenaje-a-la-fortaleza-del-pueblo-y-orgullo-colectivo\/\" title=\"Gestalgar se prepara para vivir sus Fallas 2025 con homenaje a la fortaleza del pueblo y orgullo colectivo\">[+] <\/a><\/div>\n","protected":false},"author":12,"featured_media":262042,"comment_status":"open","ping_status":"open","sticky":false,"template":"","format":"standard","meta":{"footnotes":""},"categories":[193,8,59,7,3],"tags":[20848,10446,10400],"class_list":{"0":"post-262039","1":"post","2":"type-post","3":"status-publish","4":"format-standard","5":"has-post-thumbnail","7":"category-gestalgar","8":"category-la-comarca","9":"category-los-serranos","10":"category-ocio-y-cultura","11":"category-seccion","12":"tag-fallas-2025","13":"tag-gestalgar","14":"tag-los-serranos"},"_links":{"self":[{"href":"https:\/\/www.tucomarca.com\/wordpress\/segunda\/wp-json\/wp\/v2\/posts\/262039","targetHints":{"allow":["GET"]}}],"collection":[{"href":"https:\/\/www.tucomarca.com\/wordpress\/segunda\/wp-json\/wp\/v2\/posts"}],"about":[{"href":"https:\/\/www.tucomarca.com\/wordpress\/segunda\/wp-json\/wp\/v2\/types\/post"}],"author":[{"embeddable":true,"href":"https:\/\/www.tucomarca.com\/wordpress\/segunda\/wp-json\/wp\/v2\/users\/12"}],"replies":[{"embeddable":true,"href":"https:\/\/www.tucomarca.com\/wordpress\/segunda\/wp-json\/wp\/v2\/comments?post=262039"}],"version-history":[{"count":0,"href":"https:\/\/www.tucomarca.com\/wordpress\/segunda\/wp-json\/wp\/v2\/posts\/262039\/revisions"}],"wp:featuredmedia":[{"embeddable":true,"href":"https:\/\/www.tucomarca.com\/wordpress\/segunda\/wp-json\/wp\/v2\/media\/262042"}],"wp:attachment":[{"href":"https:\/\/www.tucomarca.com\/wordpress\/segunda\/wp-json\/wp\/v2\/media?parent=262039"}],"wp:term":[{"taxonomy":"category","embeddable":true,"href":"https:\/\/www.tucomarca.com\/wordpress\/segunda\/wp-json\/wp\/v2\/categories?post=262039"},{"taxonomy":"post_tag","embeddable":true,"href":"https:\/\/www.tucomarca.com\/wordpress\/segunda\/wp-json\/wp\/v2\/tags?post=262039"}],"curies":[{"name":"wp","href":"https:\/\/api.w.org\/{rel}","templated":true}]}}