{"id":262070,"date":"2025-04-15T11:30:00","date_gmt":"2025-04-15T09:30:00","guid":{"rendered":"https:\/\/www.tucomarca.com\/wordpress\/segunda\/?p=262070"},"modified":"2025-04-15T19:47:42","modified_gmt":"2025-04-15T17:47:42","slug":"el-consell-autoriza-un-incremento-presupuestario-de-tres-millones-de-euros-para-la-nueva-sede-judicial-de-lliria","status":"publish","type":"post","link":"https:\/\/www.tucomarca.com\/wordpress\/segunda\/el-consell-autoriza-un-incremento-presupuestario-de-tres-millones-de-euros-para-la-nueva-sede-judicial-de-lliria\/","title":{"rendered":"El Consell autoriza un incremento presupuestario de tres millones de euros para la nueva sede judicial de Ll\u00edria"},"content":{"rendered":"\n<h3 class=\"wp-block-heading\">El objetivo es adaptar el proyecto inicial a las nuevas necesidades t\u00e9cnicas y funcionales.<\/h3>\n\n\n\n<h3 class=\"wp-block-heading\">Con esta modificaci\u00f3n presupuestaria, las obras de construcci\u00f3n ascienden a 18,5 millones de euros.<\/h3>\n\n\n\n<p>El Pleno del Consell ha autorizado una ampliaci\u00f3n presupuestaria de 3.077.097 euros para la nueva sede judicial de Ll\u00edria, con el objetivo de adaptar el proyecto inicial a las nuevas necesidades t\u00e9cnicas y funcionales.<\/p>\n\n\n\n<p>Esta modificaci\u00f3n permitir\u00e1 habilitar los espacios de reserva para la incorporaci\u00f3n de cuatro Juzgados m\u00e1s, que se suman a los 10 previstos en el proyecto inicial, y sus respectivas salas de vista.<\/p>\n\n\n\n<p>Asimismo, se contemplan mejoras en la eficiencia energ\u00e9tica y sostenibilidad del edificio y se introducen medidas para optimizar el acondicionamiento ac\u00fastico.<\/p>\n\n\n\n<p>El contrato inicial de las obras de construcci\u00f3n de la nueva sede judicial de Ll\u00edria, suscrito el 20 de junio de 2022, fue adjudicado por un importe de 15.463.503 euros y con la modificaci\u00f3n autorizada, alcanza un coste total de 18.540.600 euros, lo que supone un aumento del 19,90% respecto al precio inicial.<\/p>\n\n\n\n<p>La finalizaci\u00f3n de las obras est\u00e1 prevista para el tercer trimestre del a\u00f1o.<\/p>\n","protected":false},"excerpt":{"rendered":"<div class=\"mh-excerpt\">El objetivo es adaptar el proyecto inicial a las nuevas necesidades t\u00e9cnicas y funcionales. Con esta modificaci\u00f3n presupuestaria, las obras de construcci\u00f3n ascienden a 18,5 millones de euros. El Pleno del Consell ha autorizado una <a class=\"mh-excerpt-more\" href=\"https:\/\/www.tucomarca.com\/wordpress\/segunda\/el-consell-autoriza-un-incremento-presupuestario-de-tres-millones-de-euros-para-la-nueva-sede-judicial-de-lliria\/\" title=\"El Consell autoriza un incremento presupuestario de tres millones de euros para la nueva sede judicial de Ll\u00edria\">[+] <\/a><\/div>\n","protected":false},"author":13,"featured_media":81445,"comment_status":"open","ping_status":"open","sticky":false,"template":"","format":"standard","meta":{"footnotes":""},"categories":[46,128,8,47,142,3],"tags":[10395,10412,10396],"class_list":{"0":"post-262070","1":"post","2":"type-post","3":"status-publish","4":"format-standard","5":"has-post-thumbnail","7":"category-camp-de-turia","8":"category-infraestructuras","9":"category-la-comarca","10":"category-lliria","11":"category-politica-la-comarca","12":"category-seccion","13":"tag-camp-de-turia","14":"tag-infraestructuras","15":"tag-lliria"},"_links":{"self":[{"href":"https:\/\/www.tucomarca.com\/wordpress\/segunda\/wp-json\/wp\/v2\/posts\/262070","targetHints":{"allow":["GET"]}}],"collection":[{"href":"https:\/\/www.tucomarca.com\/wordpress\/segunda\/wp-json\/wp\/v2\/posts"}],"about":[{"href":"https:\/\/www.tucomarca.com\/wordpress\/segunda\/wp-json\/wp\/v2\/types\/post"}],"author":[{"embeddable":true,"href":"https:\/\/www.tucomarca.com\/wordpress\/segunda\/wp-json\/wp\/v2\/users\/13"}],"replies":[{"embeddable":true,"href":"https:\/\/www.tucomarca.com\/wordpress\/segunda\/wp-json\/wp\/v2\/comments?post=262070"}],"version-history":[{"count":0,"href":"https:\/\/www.tucomarca.com\/wordpress\/segunda\/wp-json\/wp\/v2\/posts\/262070\/revisions"}],"wp:featuredmedia":[{"embeddable":true,"href":"https:\/\/www.tucomarca.com\/wordpress\/segunda\/wp-json\/wp\/v2\/media\/81445"}],"wp:attachment":[{"href":"https:\/\/www.tucomarca.com\/wordpress\/segunda\/wp-json\/wp\/v2\/media?parent=262070"}],"wp:term":[{"taxonomy":"category","embeddable":true,"href":"https:\/\/www.tucomarca.com\/wordpress\/segunda\/wp-json\/wp\/v2\/categories?post=262070"},{"taxonomy":"post_tag","embeddable":true,"href":"https:\/\/www.tucomarca.com\/wordpress\/segunda\/wp-json\/wp\/v2\/tags?post=262070"}],"curies":[{"name":"wp","href":"https:\/\/api.w.org\/{rel}","templated":true}]}}