{"id":262136,"date":"2025-04-16T09:00:00","date_gmt":"2025-04-16T07:00:00","guid":{"rendered":"https:\/\/www.tucomarca.com\/wordpress\/segunda\/?p=262136"},"modified":"2025-04-16T10:34:38","modified_gmt":"2025-04-16T08:34:38","slug":"el-centro-de-envejecimiento-activo-de-requena-prepara-su-semana-cultural","status":"publish","type":"post","link":"https:\/\/www.tucomarca.com\/wordpress\/segunda\/el-centro-de-envejecimiento-activo-de-requena-prepara-su-semana-cultural\/","title":{"rendered":"El Centro de Envejecimiento Activo de Requena prepara su Semana Cultural"},"content":{"rendered":"<div class=\"wp-block-image\">\n<figure class=\"alignleft size-full is-resized\"><img loading=\"lazy\" decoding=\"async\" width=\"445\" height=\"631\" src=\"https:\/\/www.tucomarca.com\/wordpress\/segunda\/wp-content\/uploads\/2025\/04\/Requena_SemanaCultural.jpg\" alt=\"\" class=\"wp-image-262139\" style=\"width:266px;height:auto\" srcset=\"https:\/\/www.tucomarca.com\/wordpress\/segunda\/wp-content\/uploads\/2025\/04\/Requena_SemanaCultural.jpg 445w, https:\/\/www.tucomarca.com\/wordpress\/segunda\/wp-content\/uploads\/2025\/04\/Requena_SemanaCultural-212x300.jpg 212w\" sizes=\"auto, (max-width: 445px) 100vw, 445px\" \/><\/figure>\n<\/div>\n\n\n<p>Del 5 al 11 de mayo se celebrar\u00e1n en Requena los actos de la Semana Cultural del Centro de Envejecimiento Activo (CEA), de la poblaci\u00f3n.<\/p>\n\n\n\n<p>Del 5 al 9, en el sal\u00f3n de actos del centro habr\u00e1 una exposici\u00f3n de trabajos realizados por usuarios del CEA. Tambi\u00e9n del 5 al 9 de mayo se celebraran torneos de villar, parch\u00eds y domin\u00f3.<\/p>\n\n\n\n<p>Otras actividades destacadas ser\u00e1n: la&nbsp; Comida de Convivencia, el 9 de mayo, y la exhibici\u00f3n de baile a cargo de los usuarios del CEA en el Teatro Principal de Requena, el 11 de mayo.<\/p>\n","protected":false},"excerpt":{"rendered":"<div class=\"mh-excerpt\">Del 5 al 11 de mayo se celebrar\u00e1n en Requena los actos de la Semana Cultural del Centro de Envejecimiento Activo (CEA), de la poblaci\u00f3n. Del 5 al 9, en el sal\u00f3n de actos del <a class=\"mh-excerpt-more\" href=\"https:\/\/www.tucomarca.com\/wordpress\/segunda\/el-centro-de-envejecimiento-activo-de-requena-prepara-su-semana-cultural\/\" title=\"El Centro de Envejecimiento Activo de Requena prepara su Semana Cultural\">[+] <\/a><\/div>\n","protected":false},"author":12,"featured_media":262139,"comment_status":"open","ping_status":"open","sticky":false,"template":"","format":"standard","meta":{"footnotes":""},"categories":[4,8,7,28,27,3],"tags":[1366,15855,10388,10387],"class_list":{"0":"post-262136","1":"post","2":"type-post","3":"status-publish","4":"format-standard","5":"has-post-thumbnail","7":"category-agenda","8":"category-la-comarca","9":"category-ocio-y-cultura","10":"category-requena","11":"category-requena-utiel","12":"category-seccion","13":"tag-agenda-2","14":"tag-ocio-y-cultura","15":"tag-requena","16":"tag-requena-utiel"},"_links":{"self":[{"href":"https:\/\/www.tucomarca.com\/wordpress\/segunda\/wp-json\/wp\/v2\/posts\/262136","targetHints":{"allow":["GET"]}}],"collection":[{"href":"https:\/\/www.tucomarca.com\/wordpress\/segunda\/wp-json\/wp\/v2\/posts"}],"about":[{"href":"https:\/\/www.tucomarca.com\/wordpress\/segunda\/wp-json\/wp\/v2\/types\/post"}],"author":[{"embeddable":true,"href":"https:\/\/www.tucomarca.com\/wordpress\/segunda\/wp-json\/wp\/v2\/users\/12"}],"replies":[{"embeddable":true,"href":"https:\/\/www.tucomarca.com\/wordpress\/segunda\/wp-json\/wp\/v2\/comments?post=262136"}],"version-history":[{"count":0,"href":"https:\/\/www.tucomarca.com\/wordpress\/segunda\/wp-json\/wp\/v2\/posts\/262136\/revisions"}],"wp:featuredmedia":[{"embeddable":true,"href":"https:\/\/www.tucomarca.com\/wordpress\/segunda\/wp-json\/wp\/v2\/media\/262139"}],"wp:attachment":[{"href":"https:\/\/www.tucomarca.com\/wordpress\/segunda\/wp-json\/wp\/v2\/media?parent=262136"}],"wp:term":[{"taxonomy":"category","embeddable":true,"href":"https:\/\/www.tucomarca.com\/wordpress\/segunda\/wp-json\/wp\/v2\/categories?post=262136"},{"taxonomy":"post_tag","embeddable":true,"href":"https:\/\/www.tucomarca.com\/wordpress\/segunda\/wp-json\/wp\/v2\/tags?post=262136"}],"curies":[{"name":"wp","href":"https:\/\/api.w.org\/{rel}","templated":true}]}}