{"id":262165,"date":"2025-04-15T05:05:00","date_gmt":"2025-04-15T03:05:00","guid":{"rendered":"https:\/\/www.tucomarca.com\/wordpress\/segunda\/?p=262165"},"modified":"2025-04-15T21:24:39","modified_gmt":"2025-04-15T19:24:39","slug":"la-bunolense-ariadna-fuentes-valero-se-proclama-subcampeona-de-espana-en-gimnasia-ritmica","status":"publish","type":"post","link":"https:\/\/www.tucomarca.com\/wordpress\/segunda\/la-bunolense-ariadna-fuentes-valero-se-proclama-subcampeona-de-espana-en-gimnasia-ritmica\/","title":{"rendered":"La bu\u00f1olense Ariadna Fuentes Valero se proclama subcampeona de Espa\u00f1a en gimnasia r\u00edtmica"},"content":{"rendered":"\n<p>La joven gimnasta de Bu\u00f1ol, Ariadna Fuentes Valero, ha logrado un hito destacado al proclamarse subcampeona de Espa\u00f1a en el Campeonato Nacional de Gimnasia R\u00edtmica, celebrado en Guadalajara del 8 al 13 de abril.<\/p>\n\n\n\n<p>Ariadna compiti\u00f3 con un total de 192 gimnastas en su categor\u00eda, ofreciendo una actuaci\u00f3n brillante en el tapiz que le permiti\u00f3 alzarse con la segunda posici\u00f3n a nivel nacional. Su ejercicio fue especialmente valorado en la nota de dificultad, donde obtuvo la puntuaci\u00f3n m\u00e1s alta del campeonato, reflejo de su t\u00e9cnica y preparaci\u00f3n.<\/p>\n\n\n\n<p>Este logro no solo reconoce el talento y dedicaci\u00f3n de Ariadna, sino que tambi\u00e9n supone un motivo de orgullo para toda la localidad de Bu\u00f1ol. Su esfuerzo, constancia y pasi\u00f3n por este deporte la convierten en un ejemplo para j\u00f3venes deportistas y en una embajadora del deporte local a nivel nacional.<\/p>\n\n\n\n<figure class=\"wp-block-gallery has-nested-images columns-default is-cropped wp-block-gallery-1 is-layout-flex wp-block-gallery-is-layout-flex\">\n<figure class=\"wp-block-image size-large\"><img loading=\"lazy\" decoding=\"async\" width=\"1024\" height=\"691\" data-id=\"262168\" src=\"https:\/\/www.tucomarca.com\/wordpress\/segunda\/wp-content\/uploads\/2025\/04\/AriadnaFuentes1-1024x691.jpg\" alt=\"\" class=\"wp-image-262168\" srcset=\"https:\/\/www.tucomarca.com\/wordpress\/segunda\/wp-content\/uploads\/2025\/04\/AriadnaFuentes1-1024x691.jpg 1024w, https:\/\/www.tucomarca.com\/wordpress\/segunda\/wp-content\/uploads\/2025\/04\/AriadnaFuentes1-300x202.jpg 300w, https:\/\/www.tucomarca.com\/wordpress\/segunda\/wp-content\/uploads\/2025\/04\/AriadnaFuentes1-768x518.jpg 768w, https:\/\/www.tucomarca.com\/wordpress\/segunda\/wp-content\/uploads\/2025\/04\/AriadnaFuentes1.jpg 1181w\" sizes=\"auto, (max-width: 1024px) 100vw, 1024px\" \/><\/figure>\n\n\n\n<figure class=\"wp-block-image size-large\"><img loading=\"lazy\" decoding=\"async\" width=\"1024\" height=\"691\" data-id=\"262170\" src=\"https:\/\/www.tucomarca.com\/wordpress\/segunda\/wp-content\/uploads\/2025\/04\/AriadnaFuentes2-1024x691.jpg\" alt=\"\" class=\"wp-image-262170\" srcset=\"https:\/\/www.tucomarca.com\/wordpress\/segunda\/wp-content\/uploads\/2025\/04\/AriadnaFuentes2-1024x691.jpg 1024w, https:\/\/www.tucomarca.com\/wordpress\/segunda\/wp-content\/uploads\/2025\/04\/AriadnaFuentes2-300x202.jpg 300w, https:\/\/www.tucomarca.com\/wordpress\/segunda\/wp-content\/uploads\/2025\/04\/AriadnaFuentes2-768x518.jpg 768w, https:\/\/www.tucomarca.com\/wordpress\/segunda\/wp-content\/uploads\/2025\/04\/AriadnaFuentes2.jpg 1181w\" sizes=\"auto, (max-width: 1024px) 100vw, 1024px\" \/><\/figure>\n<\/figure>\n","protected":false},"excerpt":{"rendered":"<div class=\"mh-excerpt\">La joven gimnasta de Bu\u00f1ol, Ariadna Fuentes Valero, ha logrado un hito destacado al proclamarse subcampeona de Espa\u00f1a en el Campeonato Nacional de Gimnasia R\u00edtmica, celebrado en Guadalajara del 8 al 13 de abril. Ariadna <a class=\"mh-excerpt-more\" href=\"https:\/\/www.tucomarca.com\/wordpress\/segunda\/la-bunolense-ariadna-fuentes-valero-se-proclama-subcampeona-de-espana-en-gimnasia-ritmica\/\" title=\"La bu\u00f1olense Ariadna Fuentes Valero se proclama subcampeona de Espa\u00f1a en gimnasia r\u00edtmica\">[+] <\/a><\/div>\n","protected":false},"author":12,"featured_media":262172,"comment_status":"open","ping_status":"open","sticky":false,"template":"","format":"gallery","meta":{"footnotes":""},"categories":[18,6,8,10,199,3],"tags":[18966,10385,5952],"class_list":{"0":"post-262165","1":"post","2":"type-post","3":"status-publish","4":"format-gallery","5":"has-post-thumbnail","7":"category-bunol","8":"category-deportes","9":"category-la-comarca","10":"category-la-hoya","11":"category-polideportivo","12":"category-seccion","13":"tag-ariadna-fuentes","14":"tag-bunol","15":"tag-la-hoya-de-bunol-chiva","16":"post_format-post-format-gallery"},"_links":{"self":[{"href":"https:\/\/www.tucomarca.com\/wordpress\/segunda\/wp-json\/wp\/v2\/posts\/262165","targetHints":{"allow":["GET"]}}],"collection":[{"href":"https:\/\/www.tucomarca.com\/wordpress\/segunda\/wp-json\/wp\/v2\/posts"}],"about":[{"href":"https:\/\/www.tucomarca.com\/wordpress\/segunda\/wp-json\/wp\/v2\/types\/post"}],"author":[{"embeddable":true,"href":"https:\/\/www.tucomarca.com\/wordpress\/segunda\/wp-json\/wp\/v2\/users\/12"}],"replies":[{"embeddable":true,"href":"https:\/\/www.tucomarca.com\/wordpress\/segunda\/wp-json\/wp\/v2\/comments?post=262165"}],"version-history":[{"count":0,"href":"https:\/\/www.tucomarca.com\/wordpress\/segunda\/wp-json\/wp\/v2\/posts\/262165\/revisions"}],"wp:featuredmedia":[{"embeddable":true,"href":"https:\/\/www.tucomarca.com\/wordpress\/segunda\/wp-json\/wp\/v2\/media\/262172"}],"wp:attachment":[{"href":"https:\/\/www.tucomarca.com\/wordpress\/segunda\/wp-json\/wp\/v2\/media?parent=262165"}],"wp:term":[{"taxonomy":"category","embeddable":true,"href":"https:\/\/www.tucomarca.com\/wordpress\/segunda\/wp-json\/wp\/v2\/categories?post=262165"},{"taxonomy":"post_tag","embeddable":true,"href":"https:\/\/www.tucomarca.com\/wordpress\/segunda\/wp-json\/wp\/v2\/tags?post=262165"}],"curies":[{"name":"wp","href":"https:\/\/api.w.org\/{rel}","templated":true}]}}