{"id":262177,"date":"2025-04-16T10:12:00","date_gmt":"2025-04-16T08:12:00","guid":{"rendered":"https:\/\/www.tucomarca.com\/wordpress\/segunda\/?p=262177"},"modified":"2025-04-16T20:43:47","modified_gmt":"2025-04-16T18:43:47","slug":"siete-aguas-celebra-la-semana-santa-2025-con-procesiones-el-viernes-santo-y-domingo-de-pascua","status":"publish","type":"post","link":"https:\/\/www.tucomarca.com\/wordpress\/segunda\/siete-aguas-celebra-la-semana-santa-2025-con-procesiones-el-viernes-santo-y-domingo-de-pascua\/","title":{"rendered":"Siete Aguas celebra la Semana Santa 2025 con procesiones el Viernes Santo y Domingo de Pascua"},"content":{"rendered":"<div class=\"wp-block-image\">\n<figure class=\"alignleft size-large is-resized\"><img loading=\"lazy\" decoding=\"async\" width=\"721\" height=\"1024\" src=\"https:\/\/www.tucomarca.com\/wordpress\/segunda\/wp-content\/uploads\/2025\/04\/7AguasSemanaSanta-721x1024.jpg\" alt=\"\" class=\"wp-image-262182\" style=\"width:291px;height:auto\" srcset=\"https:\/\/www.tucomarca.com\/wordpress\/segunda\/wp-content\/uploads\/2025\/04\/7AguasSemanaSanta-721x1024.jpg 721w, https:\/\/www.tucomarca.com\/wordpress\/segunda\/wp-content\/uploads\/2025\/04\/7AguasSemanaSanta-211x300.jpg 211w, https:\/\/www.tucomarca.com\/wordpress\/segunda\/wp-content\/uploads\/2025\/04\/7AguasSemanaSanta-768x1091.jpg 768w, https:\/\/www.tucomarca.com\/wordpress\/segunda\/wp-content\/uploads\/2025\/04\/7AguasSemanaSanta.jpg 971w\" sizes=\"auto, (max-width: 721px) 100vw, 721px\" \/><\/figure>\n<\/div>\n\n\n<p>La localidad de Siete Aguas ya prepara su Semana Santa 2025 con varios actos destacados abiertos al p\u00fablico. Los eventos religiosos se desarrollar\u00e1n principalmente en la Iglesia Parroquial San Juan Bautista, donde se podr\u00e1 consultar el programa de actos eclesi\u00e1sticos.<\/p>\n\n\n\n<p>Entre las celebraciones p\u00fablicas m\u00e1s se\u00f1aladas, el Viernes Santo, 18 de abril, tendr\u00e1 lugar la tradicional Procesi\u00f3n del Santo Entierro, que comenzar\u00e1 a las 19:30 horas.<\/p>\n\n\n\n<p>Por su parte, el Domingo de Pascua, 20 de abril, se celebrar\u00e1 el emotivo Encuentro a partir de las 11:45 horas, un acto muy esperado por los vecinos y vecinas del municipio.<\/p>\n\n\n\n<p>Siete Aguas se prepara as\u00ed para vivir unos d\u00edas de recogimiento, tradici\u00f3n y fe, enmarcados en una de las festividades religiosas m\u00e1s importantes del calendario.<\/p>\n","protected":false},"excerpt":{"rendered":"<div class=\"mh-excerpt\">La localidad de Siete Aguas ya prepara su Semana Santa 2025 con varios actos destacados abiertos al p\u00fablico. Los eventos religiosos se desarrollar\u00e1n principalmente en la Iglesia Parroquial San Juan Bautista, donde se podr\u00e1 consultar <a class=\"mh-excerpt-more\" href=\"https:\/\/www.tucomarca.com\/wordpress\/segunda\/siete-aguas-celebra-la-semana-santa-2025-con-procesiones-el-viernes-santo-y-domingo-de-pascua\/\" title=\"Siete Aguas celebra la Semana Santa 2025 con procesiones el Viernes Santo y Domingo de Pascua\">[+] <\/a><\/div>\n","protected":false},"author":12,"featured_media":262182,"comment_status":"open","ping_status":"open","sticky":false,"template":"","format":"standard","meta":{"footnotes":""},"categories":[4,8,10,7,3,12],"tags":[5952,10217,10381],"class_list":{"0":"post-262177","1":"post","2":"type-post","3":"status-publish","4":"format-standard","5":"has-post-thumbnail","7":"category-agenda","8":"category-la-comarca","9":"category-la-hoya","10":"category-ocio-y-cultura","11":"category-seccion","12":"category-siete-aguas","13":"tag-la-hoya-de-bunol-chiva","14":"tag-semana-santa-y-pascua","15":"tag-siete-aguas"},"_links":{"self":[{"href":"https:\/\/www.tucomarca.com\/wordpress\/segunda\/wp-json\/wp\/v2\/posts\/262177","targetHints":{"allow":["GET"]}}],"collection":[{"href":"https:\/\/www.tucomarca.com\/wordpress\/segunda\/wp-json\/wp\/v2\/posts"}],"about":[{"href":"https:\/\/www.tucomarca.com\/wordpress\/segunda\/wp-json\/wp\/v2\/types\/post"}],"author":[{"embeddable":true,"href":"https:\/\/www.tucomarca.com\/wordpress\/segunda\/wp-json\/wp\/v2\/users\/12"}],"replies":[{"embeddable":true,"href":"https:\/\/www.tucomarca.com\/wordpress\/segunda\/wp-json\/wp\/v2\/comments?post=262177"}],"version-history":[{"count":0,"href":"https:\/\/www.tucomarca.com\/wordpress\/segunda\/wp-json\/wp\/v2\/posts\/262177\/revisions"}],"wp:featuredmedia":[{"embeddable":true,"href":"https:\/\/www.tucomarca.com\/wordpress\/segunda\/wp-json\/wp\/v2\/media\/262182"}],"wp:attachment":[{"href":"https:\/\/www.tucomarca.com\/wordpress\/segunda\/wp-json\/wp\/v2\/media?parent=262177"}],"wp:term":[{"taxonomy":"category","embeddable":true,"href":"https:\/\/www.tucomarca.com\/wordpress\/segunda\/wp-json\/wp\/v2\/categories?post=262177"},{"taxonomy":"post_tag","embeddable":true,"href":"https:\/\/www.tucomarca.com\/wordpress\/segunda\/wp-json\/wp\/v2\/tags?post=262177"}],"curies":[{"name":"wp","href":"https:\/\/api.w.org\/{rel}","templated":true}]}}