{"id":262247,"date":"2025-04-16T08:30:00","date_gmt":"2025-04-16T06:30:00","guid":{"rendered":"https:\/\/www.tucomarca.com\/wordpress\/segunda\/?p=262247"},"modified":"2025-04-16T20:28:02","modified_gmt":"2025-04-16T18:28:02","slug":"el-consorci-de-museus-y-el-institut-valencia-de-cultura-apoyan-la-celebracion-de-la-12-edicion-de-la-feria-de-arte-contemporaneo-marte","status":"publish","type":"post","link":"https:\/\/www.tucomarca.com\/wordpress\/segunda\/el-consorci-de-museus-y-el-institut-valencia-de-cultura-apoyan-la-celebracion-de-la-12-edicion-de-la-feria-de-arte-contemporaneo-marte\/","title":{"rendered":"El Consorci de Museus y el Institut Valenci\u00e0 de Cultura apoyan la celebraci\u00f3n de la 12 edici\u00f3n de la feria de arte contempor\u00e1neo MARTE"},"content":{"rendered":"\n<h3 class=\"wp-block-heading\">Del 23 al 25 de mayo, MARTE reunir\u00e1 a m\u00e1s de una veintena de galer\u00edas nacionales en el Auditori i Palau de Congressos de Castell\u00f3.<\/h3>\n\n\n\n<p>La Conselleria de Educaci\u00f3n, Cultura, Universidades y Empleo, a trav\u00e9s del Consorci de Museus de la Comunitat Valenciana y el Institut Valenci\u00e0 de Cultura (IVC) apoya, un a\u00f1o m\u00e1s, la celebraci\u00f3n de la Feria de Arte Contempor\u00e1neo de Castell\u00f3, MARTE, que cumple su decimosegunda edici\u00f3n del 23 al 25 de mayo de 2025.<\/p>\n\n\n\n<p>La feria, que se celebrar\u00e1 en el Auditori i Palau de Congressos de Castell\u00f3, cuenta este a\u00f1o con el artista valenciano Robert Ferrer i Martorell como artista invitado. Este evento se consolida como uno de los referentes culturales m\u00e1s importantes de la Comunitat Valenciana, ofreciendo una nueva oportunidad para acercarse al arte contempor\u00e1neo y disfrutar de un diverso programa de actividades y exposiciones.<\/p>\n\n\n\n<p>M\u00e1s de una veintena de galer\u00edas nacionales -desde Madrid, Tenerife, Valencia o Zaragoza- exhibir\u00e1n una amplia variedad de propuestas art\u00edsticas en Marte &#8216;Curated&#8217;, mostrando exposiciones de artistas individuales y en di\u00e1logo entre creadores.<\/p>\n\n\n\n<p>MARTE busca fomentar el coleccionismo inicial ofreciendo una selecci\u00f3n de artistas emergentes o en etapas intermedias de su carrera, cuyos precios son accesibles. Estos artistas est\u00e1n en un punto de su trayectoria en el que se puede advertir un futuro prometedor, lo que los convierte en opciones ideales para comenzar una colecci\u00f3n de arte.<\/p>\n\n\n\n<p>Dentro de las iniciativas de este a\u00f1o, se incluye el Espacio Cer\u00e1mico, dedicado a las obras de la residencia de arte contempor\u00e1neo CeramicRes, promovida por el colectivo Co-Net, y ubicada en L\u2019Alcora. Los asistentes podr\u00e1n descubrir las propuestas de los artistas emergentes en este \u00e1mbito.<\/p>\n\n\n\n<p>En el marco de MARTE Social, se desarrollar\u00e1n mesas redondas centradas en temas como el registro de la propiedad intelectual o las residencias art\u00edsticas. Tambi\u00e9n se celebrar\u00e1 el espacio MARTE Orbital, con la participaci\u00f3n de diversas instituciones que presentar\u00e1n sus proyectos innovadores.<\/p>\n\n\n\n<p>MARTE es un evento imprescindible para los apasionados del arte, ya sean coleccionistas o simplemente interesados. Con entrada libre y gratuita y un variado programa de actividades, el evento se consagra como un punto de encuentro imprescindible para disfrutar del arte contempor\u00e1neo y apoyar la creaci\u00f3n emergente.<\/p>\n\n\n\n<p><strong>Artista invitado: Robert Ferrer<\/strong><\/p>\n\n\n\n<p>Robert Ferrer i Martorell (Valencia, 1978), representado en feria MARTE por la galer\u00eda mallorquina Pep Llabr\u00e9s, es un artista multidisciplinar, especializado en escultura y abstracci\u00f3n geom\u00e9trica. Es licenciado en Bellas Artes por la Universitat Polit\u00e8cnica de Val\u00e8ncia y ha participado en numerosas exposiciones individuales y colectivas, destacando su obra en la Galer\u00eda Imaginart de Barcelona y en eventos internacionales como la Feria KIAF en Se\u00fal.<\/p>\n\n\n\n<p>Su trabajo ha sido adquirido por instituciones p\u00fablicas, como el Ayuntamiento de Calvi\u00e0 y la Universidade do Porto. Adem\u00e1s, mantiene colaboraci\u00f3n con galer\u00edas como Espacio Valverde en Madrid, Galer\u00eda Pep Llabr\u00e9s en Palma o Galer\u00eda Impakto en Per\u00fa.&nbsp;<\/p>\n\n\n\n<p>Su obra -de raigambre constructivista- se centra en conceptos como la geometr\u00eda (esto es, la forma), la percepci\u00f3n, el espacio (o su ausencia) y la luz, y en 2023 present\u00f3 \u2018L\u00ednies Presents\u2019 en la Fundaci\u00f3n Chirivella Soriano de Val\u00e8ncia.<\/p>\n","protected":false},"excerpt":{"rendered":"<div class=\"mh-excerpt\">Del 23 al 25 de mayo, MARTE reunir\u00e1 a m\u00e1s de una veintena de galer\u00edas nacionales en el Auditori i Palau de Congressos de Castell\u00f3. La Conselleria de Educaci\u00f3n, Cultura, Universidades y Empleo, a trav\u00e9s <a class=\"mh-excerpt-more\" href=\"https:\/\/www.tucomarca.com\/wordpress\/segunda\/el-consorci-de-museus-y-el-institut-valencia-de-cultura-apoyan-la-celebracion-de-la-12-edicion-de-la-feria-de-arte-contemporaneo-marte\/\" title=\"El Consorci de Museus y el Institut Valenci\u00e0 de Cultura apoyan la celebraci\u00f3n de la 12 edici\u00f3n de la feria de arte contempor\u00e1neo MARTE\">[+] <\/a><\/div>\n","protected":false},"author":12,"featured_media":262248,"comment_status":"open","ping_status":"open","sticky":false,"template":"","format":"standard","meta":{"footnotes":""},"categories":[72,7,3,45],"tags":[13272,17757,2142,15855],"class_list":{"0":"post-262247","1":"post","2":"type-post","3":"status-publish","4":"format-standard","5":"has-post-thumbnail","7":"category-sin-categorizar","8":"category-ocio-y-cultura","9":"category-seccion","10":"category-ventana","11":"tag-institut-valencia-de-cultura","12":"tag-ivc","13":"tag-la-comunitat","14":"tag-ocio-y-cultura"},"_links":{"self":[{"href":"https:\/\/www.tucomarca.com\/wordpress\/segunda\/wp-json\/wp\/v2\/posts\/262247","targetHints":{"allow":["GET"]}}],"collection":[{"href":"https:\/\/www.tucomarca.com\/wordpress\/segunda\/wp-json\/wp\/v2\/posts"}],"about":[{"href":"https:\/\/www.tucomarca.com\/wordpress\/segunda\/wp-json\/wp\/v2\/types\/post"}],"author":[{"embeddable":true,"href":"https:\/\/www.tucomarca.com\/wordpress\/segunda\/wp-json\/wp\/v2\/users\/12"}],"replies":[{"embeddable":true,"href":"https:\/\/www.tucomarca.com\/wordpress\/segunda\/wp-json\/wp\/v2\/comments?post=262247"}],"version-history":[{"count":0,"href":"https:\/\/www.tucomarca.com\/wordpress\/segunda\/wp-json\/wp\/v2\/posts\/262247\/revisions"}],"wp:featuredmedia":[{"embeddable":true,"href":"https:\/\/www.tucomarca.com\/wordpress\/segunda\/wp-json\/wp\/v2\/media\/262248"}],"wp:attachment":[{"href":"https:\/\/www.tucomarca.com\/wordpress\/segunda\/wp-json\/wp\/v2\/media?parent=262247"}],"wp:term":[{"taxonomy":"category","embeddable":true,"href":"https:\/\/www.tucomarca.com\/wordpress\/segunda\/wp-json\/wp\/v2\/categories?post=262247"},{"taxonomy":"post_tag","embeddable":true,"href":"https:\/\/www.tucomarca.com\/wordpress\/segunda\/wp-json\/wp\/v2\/tags?post=262247"}],"curies":[{"name":"wp","href":"https:\/\/api.w.org\/{rel}","templated":true}]}}