{"id":262253,"date":"2025-04-16T08:00:00","date_gmt":"2025-04-16T06:00:00","guid":{"rendered":"https:\/\/www.tucomarca.com\/wordpress\/segunda\/?p=262253"},"modified":"2025-04-16T20:18:20","modified_gmt":"2025-04-16T18:18:20","slug":"el-institut-valencia-de-cultura-desvela-los-nombres-de-los-ocho-autores-que-competiran-en-el-torneo-de-dramaturgia","status":"publish","type":"post","link":"https:\/\/www.tucomarca.com\/wordpress\/segunda\/el-institut-valencia-de-cultura-desvela-los-nombres-de-los-ocho-autores-que-competiran-en-el-torneo-de-dramaturgia\/","title":{"rendered":"El Institut Valenci\u00e0 de Cultura desvela los nombres de los ocho autores que competir\u00e1n en el Torneo de dramaturgia"},"content":{"rendered":"\n<h3 class=\"wp-block-heading\">Vicent Domingo ser\u00e1 el maestro de ceremonias de este &#8216;combate&#8217; en el que los protagonistas son los textos.\u00a0<\/h3>\n\n\n\n<h3 class=\"wp-block-heading\">Se celebrar\u00e1 del 29 de abril al 5 de junio en Castell\u00f3 de la Plana, Val\u00e8ncia y Alicante.<\/h3>\n\n\n\n<p>El Institut Valenci\u00e0 de Cultura ha presentado su ya tradicional Torneo de Dramaturgia valenciana, que llega a su novena edici\u00f3n con ocho nuevos autores y con la misma emoci\u00f3n y el mismo protagonista: el texto.&nbsp;<\/p>\n\n\n\n<p>El director general de Cultura, Miquel Nadal; y la directora adjunta de Artes Esc\u00e9nicas del IVC, Mar\u00eda Jos\u00e9 Mora, han desvelado el funcionamiento del torneo, as\u00ed como los nombres de las dramaturgas y dramaturgos de Castell\u00f3 de la Plana, Val\u00e8ncia y Alicante que participan esta edici\u00f3n.&nbsp;<\/p>\n\n\n\n<p>Los autores cuentan, como es habitual y como sucede tambi\u00e9n en los combates de boxeo, con un apodo que tambi\u00e9n ha dado a conocer el maestro de ceremonias del combate, Vicent Domingo.<\/p>\n\n\n\n<p>Ellos son: Iria M\u00e1rquez, \u2018La Rapaci\u00f1a valenciana\u2019; Tom\u00e1s Verd\u00fa, \u2018L&#8217;antiheroi de Monteolivet\u2019; Laia Lloret, \u2018La Maliciosa\u2019; Daniel Tormo, \u2018El martell de Vallada\u2019; Javier Vicedo, \u2018Boquer\u00f3n de Castell\u00f3n\u2019; Ferran Garrigues, \u2018El Migouet de la Magdalena\u2019; Olga M\u00ednguez, \u2018L&#8217;espardenya de Carr\u00fas\u2019 y Cristina Maci\u00e1, \u2018La loca del tercero\u2019.<\/p>\n\n\n\n<p>Todos deben incluir en sus textos esta frase del texto ganador de la pasada edici\u00f3n, \u2018Sapiens\u2019 de Mertxe Aguilar: \u201cLos dioses decidir\u00e1n por nosotros. Los dioses o los que den m\u00e1s miedo\u201d. Se enfrentar\u00e1n por parejas, en los cuartos de final, mediante dos textos de treinta minutos le\u00eddos por dos actores o actrices profesionales en un ring de boxeo. Los autores no conocer\u00e1n a los actores que representar\u00e1n su texto hasta dos horas antes de la representaci\u00f3n.&nbsp;<\/p>\n\n\n\n<p>El p\u00fablico es el que votar\u00e1 la obra ganadora en cada una de las fases, cuartos, semifinales y final, que se celebrar\u00e1n en las tres capitales de provincia. El torneo re\u00fane de este modo a ocho autores y veintiocho int\u00e9rpretes sobre los escenarios convertidos en ring de boxeo.&nbsp;<\/p>\n\n\n\n<p>La directora adjunta de Artes Esc\u00e9nicas del Institut Valenci\u00e0 de Cultura ha destacado la importancia de impulsar este tipo de proyectos: \u201cUno de nuestros grandes prop\u00f3sitos es apoyar y reforzar al sector profesional de las artes esc\u00e9nicas y con el Torneo de dramaturgia fortalecemos varios puntos clave de la escena\u201d.<\/p>\n\n\n\n<p>\u201cPor un lado, la autor\u00eda valenciana en la que tenemos en cuenta la paridad y la descentralizaci\u00f3n, y por otro lado el apoyo a los actores y actrices ya que durante el torneo contamos cada a\u00f1o con veintiocho profesionales sobre el escenario\u201d, ha a\u00f1adido.&nbsp;<\/p>\n\n\n\n<p>Asimismo, Maria Jos\u00e9 Mora ha recordado que desde la direcci\u00f3n adjunta de Artes Esc\u00e9nicas se han puesto en marcha dos nuevos proyectos que fortalecen el sector profesional de las artes esc\u00e9nicas: \u2018In\u00e9dits\u2019, que propone fomentar la autor\u00eda valenciana y los nuevos talentos esc\u00e9nicos a trav\u00e9s de las lecturas dramatizadas; y \u2018Gira escena premiada\u2019, que promueve la exhibici\u00f3n de los espect\u00e1culos galardonados en los Premios IVC a las Artes Esc\u00e9nicas.<\/p>\n\n\n\n<p>Este proyecto naci\u00f3 dentro del prestigioso festival Temporada Alta de Girona de la mano del dramaturgo Jordi Casanovas. Desde 2016 se organiza tambi\u00e9n en la Comunitat Valenciana y ya cuentan con el &#8216;cintur\u00f3n&#8217; de la victoria Juli Disla, Mafalda Bellido, Adri\u00e1n Novella, Borja L\u00f3pez Collado, Sergio Serrano, Amparo Vay\u00e1, Marcos Lu\u00eds Hernando y Merxe Aguilar.<\/p>\n\n\n\n<p><strong>Calendario<\/strong><\/p>\n\n\n\n<p>El torneo se celebrar\u00e1 del 29 de abril al 5 de junio en Castell\u00f3 de la Plana, Val\u00e8ncia y Alicante con un total de seis &#8216;combates&#8217; y una emocionante final para decidir qui\u00e9n se llevar\u00e1 el cintur\u00f3n de campe\u00f3n.&nbsp;<\/p>\n\n\n\n<p>As\u00ed, los combates de cuartos de final ser\u00e1n el 29 y 30 de abril en el Teatro Rialto de Val\u00e8ncia, el 6 de mayo en el Teatro Principal de Castell\u00f3 de la Plana y el 14 de mayo en el Teatre Arniches de Alicante.&nbsp;<\/p>\n\n\n\n<p>Las semifinales se celebrar\u00e1n en el Teatro Rialto de Val\u00e8ncia los d\u00edas 29 y 30 de mayo y la gran final en el mismo teatro el 5 de junio.<\/p>\n\n\n\n<p>La entrada es gratuita y se podr\u00e1 recoger en la taquilla y en la web del&nbsp;<a href=\"https:\/\/taquilla.ivc.gva.es\/es\/recintos\" target=\"_blank\" rel=\"noreferrer noopener\">IVC<\/a>.<\/p>\n","protected":false},"excerpt":{"rendered":"<div class=\"mh-excerpt\">Vicent Domingo ser\u00e1 el maestro de ceremonias de este &#8216;combate&#8217; en el que los protagonistas son los textos.\u00a0 Se celebrar\u00e1 del 29 de abril al 5 de junio en Castell\u00f3 de la Plana, Val\u00e8ncia y <a class=\"mh-excerpt-more\" href=\"https:\/\/www.tucomarca.com\/wordpress\/segunda\/el-institut-valencia-de-cultura-desvela-los-nombres-de-los-ocho-autores-que-competiran-en-el-torneo-de-dramaturgia\/\" title=\"El Institut Valenci\u00e0 de Cultura desvela los nombres de los ocho autores que competir\u00e1n en el Torneo de dramaturgia\">[+] <\/a><\/div>\n","protected":false},"author":12,"featured_media":262256,"comment_status":"open","ping_status":"open","sticky":false,"template":"","format":"standard","meta":{"footnotes":""},"categories":[72,7,3,45],"tags":[13272,17757,15855],"class_list":{"0":"post-262253","1":"post","2":"type-post","3":"status-publish","4":"format-standard","5":"has-post-thumbnail","7":"category-sin-categorizar","8":"category-ocio-y-cultura","9":"category-seccion","10":"category-ventana","11":"tag-institut-valencia-de-cultura","12":"tag-ivc","13":"tag-ocio-y-cultura"},"_links":{"self":[{"href":"https:\/\/www.tucomarca.com\/wordpress\/segunda\/wp-json\/wp\/v2\/posts\/262253","targetHints":{"allow":["GET"]}}],"collection":[{"href":"https:\/\/www.tucomarca.com\/wordpress\/segunda\/wp-json\/wp\/v2\/posts"}],"about":[{"href":"https:\/\/www.tucomarca.com\/wordpress\/segunda\/wp-json\/wp\/v2\/types\/post"}],"author":[{"embeddable":true,"href":"https:\/\/www.tucomarca.com\/wordpress\/segunda\/wp-json\/wp\/v2\/users\/12"}],"replies":[{"embeddable":true,"href":"https:\/\/www.tucomarca.com\/wordpress\/segunda\/wp-json\/wp\/v2\/comments?post=262253"}],"version-history":[{"count":0,"href":"https:\/\/www.tucomarca.com\/wordpress\/segunda\/wp-json\/wp\/v2\/posts\/262253\/revisions"}],"wp:featuredmedia":[{"embeddable":true,"href":"https:\/\/www.tucomarca.com\/wordpress\/segunda\/wp-json\/wp\/v2\/media\/262256"}],"wp:attachment":[{"href":"https:\/\/www.tucomarca.com\/wordpress\/segunda\/wp-json\/wp\/v2\/media?parent=262253"}],"wp:term":[{"taxonomy":"category","embeddable":true,"href":"https:\/\/www.tucomarca.com\/wordpress\/segunda\/wp-json\/wp\/v2\/categories?post=262253"},{"taxonomy":"post_tag","embeddable":true,"href":"https:\/\/www.tucomarca.com\/wordpress\/segunda\/wp-json\/wp\/v2\/tags?post=262253"}],"curies":[{"name":"wp","href":"https:\/\/api.w.org\/{rel}","templated":true}]}}