{"id":262285,"date":"2025-04-16T09:25:00","date_gmt":"2025-04-16T07:25:00","guid":{"rendered":"https:\/\/www.tucomarca.com\/wordpress\/segunda\/?p=262285"},"modified":"2025-04-16T21:41:30","modified_gmt":"2025-04-16T19:41:30","slug":"fotogaleria-el-club-gimnasia-ritmica-bunol-turis-montserrat-destaca-en-el-nacional-base-individual-de-guadalajara","status":"publish","type":"post","link":"https:\/\/www.tucomarca.com\/wordpress\/segunda\/fotogaleria-el-club-gimnasia-ritmica-bunol-turis-montserrat-destaca-en-el-nacional-base-individual-de-guadalajara\/","title":{"rendered":"Fotogaler\u00eda: El Club Gimnasia R\u00edtmica Bu\u00f1ol-Tur\u00eds-Montserrat destaca en el Nacional Base Individual de Guadalajara"},"content":{"rendered":"\n<p>Del 8 al 13 de abril, el Club Gimnasia R\u00edtmica Bu\u00f1ol-Tur\u00eds-Montserrat ha participado en uno de los eventos m\u00e1s relevantes del calendario deportivo: el Nacional Base Individual, celebrado en Guadalajara.<\/p>\n\n\n\n<p>Siete gimnastas del club han representado con orgullo a su entidad y a la Comunitat Valenciana, en una competici\u00f3n llena de emociones, nervios, aprendizaje y, sobre todo, pasi\u00f3n por este deporte.<\/p>\n\n\n\n<p>Ha sido una experiencia de crecimiento, tanto personal como deportivo, donde las j\u00f3venes han aprendido a disfrutar del tapiz, a competir y a superarse a s\u00ed mismas.<\/p>\n\n\n\n<p><strong>Resultados destacados:<\/strong><\/p>\n\n\n\n<ul class=\"wp-block-list\">\n<li><strong>Nayra Ferrer<\/strong> (Alev\u00edn 2014) ha obtenido el <strong>13.\u00ba puesto<\/strong> de 155 gimnastas.<\/li>\n\n\n\n<li><strong>Rita Folch<\/strong> (Cadete 2010) ha quedado <strong>51.\u00aa<\/strong> de 192 gimnastas.<\/li>\n\n\n\n<li><strong>Paula Blasco<\/strong> (Juvenil) ha finalizado <strong>31.\u00aa<\/strong> de 132 gimnastas.<\/li>\n\n\n\n<li><strong>Martina Sim\u00f3n<\/strong> (Juvenil) ha alcanzado una excelente <strong>12.\u00aa posici\u00f3n<\/strong> de 132 gimnastas.<\/li>\n\n\n\n<li><strong>Ana Mar\u00eda Hodoroaba<\/strong> (Alev\u00edn 2015) ha logrado el <strong>19.\u00ba lugar<\/strong> de 145 gimnastas.<\/li>\n\n\n\n<li><strong>Olivia Ferriol<\/strong> (Alev\u00edn 2015) ha sido <strong>29.\u00aa<\/strong> de 145 gimnastas.<\/li>\n<\/ul>\n\n\n\n<p>Y una <strong>menci\u00f3n especial<\/strong> para <strong>Paola Iranzo<\/strong>, quien ha realizado una actuaci\u00f3n brillante, coloc\u00e1ndose en el <strong>Top 5<\/strong> de su categor\u00eda entre 192 participantes y obteniendo <strong>Diploma Nacional<\/strong>. \u00a1Un logro extraordinario!<\/p>\n\n\n\n<p>El club ha reafirmado su compromiso con el esfuerzo, la ilusi\u00f3n y las ganas de seguir creciendo en cada entrenamiento y competici\u00f3n.<\/p>\n\n\n\n<figure class=\"wp-block-gallery has-nested-images columns-default is-cropped wp-block-gallery-1 is-layout-flex wp-block-gallery-is-layout-flex\">\n<figure class=\"wp-block-image size-large\"><img loading=\"lazy\" decoding=\"async\" width=\"768\" height=\"1024\" data-id=\"262300\" src=\"https:\/\/www.tucomarca.com\/wordpress\/segunda\/wp-content\/uploads\/2025\/04\/GimRitBunol18-768x1024.jpg\" alt=\"\" class=\"wp-image-262300\" srcset=\"https:\/\/www.tucomarca.com\/wordpress\/segunda\/wp-content\/uploads\/2025\/04\/GimRitBunol18-768x1024.jpg 768w, https:\/\/www.tucomarca.com\/wordpress\/segunda\/wp-content\/uploads\/2025\/04\/GimRitBunol18-225x300.jpg 225w, https:\/\/www.tucomarca.com\/wordpress\/segunda\/wp-content\/uploads\/2025\/04\/GimRitBunol18-1152x1536.jpg 1152w, https:\/\/www.tucomarca.com\/wordpress\/segunda\/wp-content\/uploads\/2025\/04\/GimRitBunol18.jpg 1536w\" sizes=\"auto, (max-width: 768px) 100vw, 768px\" \/><\/figure>\n\n\n\n<figure class=\"wp-block-image size-large\"><img loading=\"lazy\" decoding=\"async\" width=\"768\" height=\"1024\" data-id=\"262302\" src=\"https:\/\/www.tucomarca.com\/wordpress\/segunda\/wp-content\/uploads\/2025\/04\/GimRitBunol24-768x1024.jpg\" alt=\"\" class=\"wp-image-262302\" srcset=\"https:\/\/www.tucomarca.com\/wordpress\/segunda\/wp-content\/uploads\/2025\/04\/GimRitBunol24-768x1024.jpg 768w, https:\/\/www.tucomarca.com\/wordpress\/segunda\/wp-content\/uploads\/2025\/04\/GimRitBunol24-225x300.jpg 225w, https:\/\/www.tucomarca.com\/wordpress\/segunda\/wp-content\/uploads\/2025\/04\/GimRitBunol24-1152x1536.jpg 1152w, https:\/\/www.tucomarca.com\/wordpress\/segunda\/wp-content\/uploads\/2025\/04\/GimRitBunol24.jpg 1536w\" sizes=\"auto, (max-width: 768px) 100vw, 768px\" \/><\/figure>\n\n\n\n<figure class=\"wp-block-image size-large\"><img loading=\"lazy\" decoding=\"async\" width=\"768\" height=\"1024\" data-id=\"262304\" src=\"https:\/\/www.tucomarca.com\/wordpress\/segunda\/wp-content\/uploads\/2025\/04\/GimRitBunol30-768x1024.jpg\" alt=\"\" class=\"wp-image-262304\" srcset=\"https:\/\/www.tucomarca.com\/wordpress\/segunda\/wp-content\/uploads\/2025\/04\/GimRitBunol30-768x1024.jpg 768w, https:\/\/www.tucomarca.com\/wordpress\/segunda\/wp-content\/uploads\/2025\/04\/GimRitBunol30-225x300.jpg 225w, https:\/\/www.tucomarca.com\/wordpress\/segunda\/wp-content\/uploads\/2025\/04\/GimRitBunol30-1152x1536.jpg 1152w, https:\/\/www.tucomarca.com\/wordpress\/segunda\/wp-content\/uploads\/2025\/04\/GimRitBunol30.jpg 1536w\" sizes=\"auto, (max-width: 768px) 100vw, 768px\" \/><\/figure>\n\n\n\n<figure class=\"wp-block-image size-large\"><img loading=\"lazy\" decoding=\"async\" width=\"768\" height=\"1024\" data-id=\"262306\" src=\"https:\/\/www.tucomarca.com\/wordpress\/segunda\/wp-content\/uploads\/2025\/04\/GimRitBunol67-768x1024.jpg\" alt=\"\" class=\"wp-image-262306\" srcset=\"https:\/\/www.tucomarca.com\/wordpress\/segunda\/wp-content\/uploads\/2025\/04\/GimRitBunol67-768x1024.jpg 768w, https:\/\/www.tucomarca.com\/wordpress\/segunda\/wp-content\/uploads\/2025\/04\/GimRitBunol67-225x300.jpg 225w, https:\/\/www.tucomarca.com\/wordpress\/segunda\/wp-content\/uploads\/2025\/04\/GimRitBunol67-1152x1536.jpg 1152w, https:\/\/www.tucomarca.com\/wordpress\/segunda\/wp-content\/uploads\/2025\/04\/GimRitBunol67.jpg 1536w\" sizes=\"auto, (max-width: 768px) 100vw, 768px\" \/><\/figure>\n\n\n\n<figure class=\"wp-block-image size-large\"><img loading=\"lazy\" decoding=\"async\" width=\"768\" height=\"1024\" data-id=\"262308\" src=\"https:\/\/www.tucomarca.com\/wordpress\/segunda\/wp-content\/uploads\/2025\/04\/GimRitBunol70-768x1024.jpg\" alt=\"\" class=\"wp-image-262308\" srcset=\"https:\/\/www.tucomarca.com\/wordpress\/segunda\/wp-content\/uploads\/2025\/04\/GimRitBunol70-768x1024.jpg 768w, https:\/\/www.tucomarca.com\/wordpress\/segunda\/wp-content\/uploads\/2025\/04\/GimRitBunol70-225x300.jpg 225w, https:\/\/www.tucomarca.com\/wordpress\/segunda\/wp-content\/uploads\/2025\/04\/GimRitBunol70-1152x1536.jpg 1152w, https:\/\/www.tucomarca.com\/wordpress\/segunda\/wp-content\/uploads\/2025\/04\/GimRitBunol70.jpg 1200w\" sizes=\"auto, (max-width: 768px) 100vw, 768px\" \/><\/figure>\n\n\n\n<figure class=\"wp-block-image size-large\"><img loading=\"lazy\" decoding=\"async\" width=\"768\" height=\"1024\" data-id=\"262310\" src=\"https:\/\/www.tucomarca.com\/wordpress\/segunda\/wp-content\/uploads\/2025\/04\/GimRitBunol71-768x1024.jpg\" alt=\"\" class=\"wp-image-262310\" srcset=\"https:\/\/www.tucomarca.com\/wordpress\/segunda\/wp-content\/uploads\/2025\/04\/GimRitBunol71-768x1024.jpg 768w, https:\/\/www.tucomarca.com\/wordpress\/segunda\/wp-content\/uploads\/2025\/04\/GimRitBunol71-225x300.jpg 225w, https:\/\/www.tucomarca.com\/wordpress\/segunda\/wp-content\/uploads\/2025\/04\/GimRitBunol71-1152x1536.jpg 1152w, https:\/\/www.tucomarca.com\/wordpress\/segunda\/wp-content\/uploads\/2025\/04\/GimRitBunol71.jpg 1200w\" sizes=\"auto, (max-width: 768px) 100vw, 768px\" \/><\/figure>\n\n\n\n<figure class=\"wp-block-image size-large\"><img loading=\"lazy\" decoding=\"async\" width=\"768\" height=\"1024\" data-id=\"262312\" src=\"https:\/\/www.tucomarca.com\/wordpress\/segunda\/wp-content\/uploads\/2025\/04\/GimRitBunol77-768x1024.jpg\" alt=\"\" class=\"wp-image-262312\" srcset=\"https:\/\/www.tucomarca.com\/wordpress\/segunda\/wp-content\/uploads\/2025\/04\/GimRitBunol77-768x1024.jpg 768w, https:\/\/www.tucomarca.com\/wordpress\/segunda\/wp-content\/uploads\/2025\/04\/GimRitBunol77-225x300.jpg 225w, https:\/\/www.tucomarca.com\/wordpress\/segunda\/wp-content\/uploads\/2025\/04\/GimRitBunol77-1152x1536.jpg 1152w, https:\/\/www.tucomarca.com\/wordpress\/segunda\/wp-content\/uploads\/2025\/04\/GimRitBunol77.jpg 1536w\" sizes=\"auto, (max-width: 768px) 100vw, 768px\" \/><\/figure>\n\n\n\n<figure class=\"wp-block-image size-large\"><img loading=\"lazy\" decoding=\"async\" width=\"768\" height=\"1024\" data-id=\"262315\" src=\"https:\/\/www.tucomarca.com\/wordpress\/segunda\/wp-content\/uploads\/2025\/04\/GimRitBunol87-768x1024.jpg\" alt=\"\" class=\"wp-image-262315\" srcset=\"https:\/\/www.tucomarca.com\/wordpress\/segunda\/wp-content\/uploads\/2025\/04\/GimRitBunol87-768x1024.jpg 768w, https:\/\/www.tucomarca.com\/wordpress\/segunda\/wp-content\/uploads\/2025\/04\/GimRitBunol87-225x300.jpg 225w, https:\/\/www.tucomarca.com\/wordpress\/segunda\/wp-content\/uploads\/2025\/04\/GimRitBunol87-1152x1536.jpg 1152w, https:\/\/www.tucomarca.com\/wordpress\/segunda\/wp-content\/uploads\/2025\/04\/GimRitBunol87.jpg 1536w\" sizes=\"auto, (max-width: 768px) 100vw, 768px\" \/><\/figure>\n<\/figure>\n","protected":false},"excerpt":{"rendered":"<div class=\"mh-excerpt\">Del 8 al 13 de abril, el Club Gimnasia R\u00edtmica Bu\u00f1ol-Tur\u00eds-Montserrat ha participado en uno de los eventos m\u00e1s relevantes del calendario deportivo: el Nacional Base Individual, celebrado en Guadalajara. Siete gimnastas del club han <a class=\"mh-excerpt-more\" href=\"https:\/\/www.tucomarca.com\/wordpress\/segunda\/fotogaleria-el-club-gimnasia-ritmica-bunol-turis-montserrat-destaca-en-el-nacional-base-individual-de-guadalajara\/\" title=\"Fotogaler\u00eda: El Club Gimnasia R\u00edtmica Bu\u00f1ol-Tur\u00eds-Montserrat destaca en el Nacional Base Individual de Guadalajara\">[+] <\/a><\/div>\n","protected":false},"author":12,"featured_media":262319,"comment_status":"open","ping_status":"open","sticky":false,"template":"","format":"gallery","meta":{"footnotes":""},"categories":[18,6,8,10,42,162,199,3,43],"tags":[10385,22175,5952,1439],"class_list":{"0":"post-262285","1":"post","2":"type-post","3":"status-publish","4":"format-gallery","5":"has-post-thumbnail","7":"category-bunol","8":"category-deportes","9":"category-la-comarca","10":"category-la-hoya","11":"category-la-ribera","12":"category-monserrat","13":"category-polideportivo","14":"category-seccion","15":"category-turis","16":"tag-bunol","17":"tag-club-gimnasia-ritmica-bunol-turis-montserrat","18":"tag-la-hoya-de-bunol-chiva","19":"tag-montserrat","20":"post_format-post-format-gallery"},"_links":{"self":[{"href":"https:\/\/www.tucomarca.com\/wordpress\/segunda\/wp-json\/wp\/v2\/posts\/262285","targetHints":{"allow":["GET"]}}],"collection":[{"href":"https:\/\/www.tucomarca.com\/wordpress\/segunda\/wp-json\/wp\/v2\/posts"}],"about":[{"href":"https:\/\/www.tucomarca.com\/wordpress\/segunda\/wp-json\/wp\/v2\/types\/post"}],"author":[{"embeddable":true,"href":"https:\/\/www.tucomarca.com\/wordpress\/segunda\/wp-json\/wp\/v2\/users\/12"}],"replies":[{"embeddable":true,"href":"https:\/\/www.tucomarca.com\/wordpress\/segunda\/wp-json\/wp\/v2\/comments?post=262285"}],"version-history":[{"count":0,"href":"https:\/\/www.tucomarca.com\/wordpress\/segunda\/wp-json\/wp\/v2\/posts\/262285\/revisions"}],"wp:featuredmedia":[{"embeddable":true,"href":"https:\/\/www.tucomarca.com\/wordpress\/segunda\/wp-json\/wp\/v2\/media\/262319"}],"wp:attachment":[{"href":"https:\/\/www.tucomarca.com\/wordpress\/segunda\/wp-json\/wp\/v2\/media?parent=262285"}],"wp:term":[{"taxonomy":"category","embeddable":true,"href":"https:\/\/www.tucomarca.com\/wordpress\/segunda\/wp-json\/wp\/v2\/categories?post=262285"},{"taxonomy":"post_tag","embeddable":true,"href":"https:\/\/www.tucomarca.com\/wordpress\/segunda\/wp-json\/wp\/v2\/tags?post=262285"}],"curies":[{"name":"wp","href":"https:\/\/api.w.org\/{rel}","templated":true}]}}