{"id":262350,"date":"2025-04-17T09:00:00","date_gmt":"2025-04-17T07:00:00","guid":{"rendered":"https:\/\/www.tucomarca.com\/wordpress\/segunda\/?p=262350"},"modified":"2025-04-17T12:58:16","modified_gmt":"2025-04-17T10:58:16","slug":"el-ayuntamiento-de-cheste-renueva-las-pistas-de-padel-del-polideportivo","status":"publish","type":"post","link":"https:\/\/www.tucomarca.com\/wordpress\/segunda\/el-ayuntamiento-de-cheste-renueva-las-pistas-de-padel-del-polideportivo\/","title":{"rendered":"El Ayuntamiento de Cheste renueva las pistas de p\u00e1del del polideportivo"},"content":{"rendered":"\n<p>El Ayuntamiento ya ha finalizado la renovaci\u00f3n de las pistas de p\u00e1del del polideportivo, con desperfectos y en mal estado desde la Dana del pasado 29 de octubre. Esta es una de las primeras actuaciones que se ha llevado a cabo con cargo a la donaci\u00f3n realizada por MotoGP a las poblaciones afectadas colindantes al Circuito Ricardo Tormo, Cheste y Chiva, de la que Cheste ha recibido cerca de medio mill\u00f3n de euros para invertir en instalaciones deportivas municipales.<\/p>\n\n\n\n<p><strong>\u201c<\/strong>Las pistas de p\u00e1del se quedaron inundadas y las moquetas ten\u00edan agujeros, estaban desgastadas en la parte trasera y era necesario cambiarlas, tambi\u00e9n se han renovado los vinilos, y las redes se cambiar\u00e1n en los pr\u00f3ximos d\u00edas, ya que estaban desgastadas por el sol y la lluvia. En total hemos invertido unos 23.000 euros\u201d, ha explicado el concejal de Deportes, Adri\u00e1n Tar\u00edn. \u201cAdem\u00e1s, con el dinero donado por MotoGP se repar\u00f3 el tejado del pabell\u00f3n, las pistas de tenis nuevas, que no drenaban bien el agua y necesitaban redes nuevas; as\u00ed como la depuradora de las piscinas, y pr\u00f3ximamente se renovar\u00e1 el front\u00f3n y los vestuarios del polideportivo, entre otros\u201d.<\/p>\n\n\n\n<p>El alcalde, Jos\u00e9 Morell, por su parte, ha agradecido una vez m\u00e1s la solidaridad de Moto GP. \u201cDesde el Ayuntamiento valoramos mucho el compromiso mostrado por el mundo del motor ante la tragedia que hemos sufrido\u201d, ha apuntado.<\/p>\n","protected":false},"excerpt":{"rendered":"<div class=\"mh-excerpt\">El Ayuntamiento ya ha finalizado la renovaci\u00f3n de las pistas de p\u00e1del del polideportivo, con desperfectos y en mal estado desde la Dana del pasado 29 de octubre. Esta es una de las primeras actuaciones <a class=\"mh-excerpt-more\" href=\"https:\/\/www.tucomarca.com\/wordpress\/segunda\/el-ayuntamiento-de-cheste-renueva-las-pistas-de-padel-del-polideportivo\/\" title=\"El Ayuntamiento de Cheste renueva las pistas de p\u00e1del del polideportivo\">[+] <\/a><\/div>\n","protected":false},"author":13,"featured_media":262352,"comment_status":"open","ping_status":"open","sticky":false,"template":"","format":"standard","meta":{"footnotes":""},"categories":[17,6,128,8,10,199,3],"tags":[339,10379,10412,5952],"class_list":{"0":"post-262350","1":"post","2":"type-post","3":"status-publish","4":"format-standard","5":"has-post-thumbnail","7":"category-cheste","8":"category-deportes","9":"category-infraestructuras","10":"category-la-comarca","11":"category-la-hoya","12":"category-polideportivo","13":"category-seccion","14":"tag-cheste-2","15":"tag-deportes","16":"tag-infraestructuras","17":"tag-la-hoya-de-bunol-chiva"},"_links":{"self":[{"href":"https:\/\/www.tucomarca.com\/wordpress\/segunda\/wp-json\/wp\/v2\/posts\/262350","targetHints":{"allow":["GET"]}}],"collection":[{"href":"https:\/\/www.tucomarca.com\/wordpress\/segunda\/wp-json\/wp\/v2\/posts"}],"about":[{"href":"https:\/\/www.tucomarca.com\/wordpress\/segunda\/wp-json\/wp\/v2\/types\/post"}],"author":[{"embeddable":true,"href":"https:\/\/www.tucomarca.com\/wordpress\/segunda\/wp-json\/wp\/v2\/users\/13"}],"replies":[{"embeddable":true,"href":"https:\/\/www.tucomarca.com\/wordpress\/segunda\/wp-json\/wp\/v2\/comments?post=262350"}],"version-history":[{"count":0,"href":"https:\/\/www.tucomarca.com\/wordpress\/segunda\/wp-json\/wp\/v2\/posts\/262350\/revisions"}],"wp:featuredmedia":[{"embeddable":true,"href":"https:\/\/www.tucomarca.com\/wordpress\/segunda\/wp-json\/wp\/v2\/media\/262352"}],"wp:attachment":[{"href":"https:\/\/www.tucomarca.com\/wordpress\/segunda\/wp-json\/wp\/v2\/media?parent=262350"}],"wp:term":[{"taxonomy":"category","embeddable":true,"href":"https:\/\/www.tucomarca.com\/wordpress\/segunda\/wp-json\/wp\/v2\/categories?post=262350"},{"taxonomy":"post_tag","embeddable":true,"href":"https:\/\/www.tucomarca.com\/wordpress\/segunda\/wp-json\/wp\/v2\/tags?post=262350"}],"curies":[{"name":"wp","href":"https:\/\/api.w.org\/{rel}","templated":true}]}}