{"id":262400,"date":"2025-04-17T09:25:00","date_gmt":"2025-04-17T07:25:00","guid":{"rendered":"https:\/\/www.tucomarca.com\/wordpress\/segunda\/?p=262400"},"modified":"2025-04-17T15:46:52","modified_gmt":"2025-04-17T13:46:52","slug":"la-generalitat-colabora-con-los-municipios-afectados-por-la-riada-en-la-difusion-de-la-gestion-de-la-dana","status":"publish","type":"post","link":"https:\/\/www.tucomarca.com\/wordpress\/segunda\/la-generalitat-colabora-con-los-municipios-afectados-por-la-riada-en-la-difusion-de-la-gestion-de-la-dana\/","title":{"rendered":"La Generalitat colabora con los municipios afectados por la riada en la difusi\u00f3n de la gesti\u00f3n de la DANA"},"content":{"rendered":"\n<h3 class=\"wp-block-heading\">El director general de Transparencia y Participaci\u00f3n\u00a0subraya el compromiso del Consell con la transparencia y la rendici\u00f3n de cuentas mediante esta iniciativa en colaboraci\u00f3n con las entidades locales.<\/h3>\n\n\n\n<p>La Generalitat ha anunciado la puesta en marcha de un nuevo proyecto de colaboraci\u00f3n con los municipios afectados por la riada en la difusi\u00f3n de la gesti\u00f3n de la dana a trav\u00e9s de los portales de transparencia de las entidades locales.<\/p>\n\n\n\n<p>El proyecto, desarrollado con la participaci\u00f3n de la Diputaci\u00f3n de Val\u00e8ncia, tiene como objetivo garantizar que los ciudadanos y ciudadanas tengan acceso a una informaci\u00f3n homog\u00e9nea sobre la gesti\u00f3n p\u00fablica y las actuaciones de reconstrucci\u00f3n llevadas a cabo por las entidades locales afectadas por la riada.<\/p>\n\n\n\n<p>Se trata de una iniciativa que pretende contribuir a que el contenido ofrecido por los portales de transparencia sea claro, accesible y comprensible por parte de la ciudadan\u00eda.<\/p>\n\n\n\n<p>El director general de Transparencia y Participaci\u00f3n, Jos\u00e9 T\u00e1rrega, subraya el compromiso del Consell con la transparencia y la rendici\u00f3n de cuentas mediante esta iniciativa en colaboraci\u00f3n con las entidades locales, que \u201cincidir\u00e1 en la mejora de la gesti\u00f3n p\u00fablica y la confianza de los ciudadanos en sus instituciones\u201d.<\/p>\n\n\n\n<p>\u201cEste proyecto es un paso importante para fomentar la transparencia, instrumento esencial para que la ciudadan\u00eda est\u00e9 bien informada sobre las acciones de sus gobiernos locales, especialmente en situaciones de emergencia como la riada\u201d, ha se\u00f1alado.<\/p>\n\n\n\n<p>Para la puesta en marcha del proyecto, la Direcci\u00f3n General de Transparencia y Participaci\u00f3n ha dise\u00f1ado una serie de acciones concretas que se implementar\u00e1n en varias fases. En primer lugar, se pondr\u00e1 a disposici\u00f3n de los ayuntamientos una plantilla que incluir\u00e1 la creaci\u00f3n de una secci\u00f3n espec\u00edfica relativa a la gesti\u00f3n de la dana en los portales de transparencia locales.<\/p>\n\n\n\n<p>Adem\u00e1s, se desarrollar\u00e1 una gu\u00eda pr\u00e1ctica y sint\u00e9tica dirigida al personal de las entidades locales, cuyo objetivo es facilitar la introducci\u00f3n y publicaci\u00f3n de la informaci\u00f3n en sus portales de transparencia. Esta gu\u00eda incluir\u00e1 detalles sobre qu\u00e9 informaci\u00f3n publicar, c\u00f3mo hacerlo y con qu\u00e9 frecuencia actualizarla.<\/p>\n\n\n\n<p>Tambi\u00e9n se organizar\u00e1 una jornada formativa para los ayuntamientos afectados en la que se explicar\u00e1 detalladamente la gu\u00eda pr\u00e1ctica y se ofrecer\u00e1 un espacio para consultas espec\u00edficas.<\/p>\n","protected":false},"excerpt":{"rendered":"<div class=\"mh-excerpt\">El director general de Transparencia y Participaci\u00f3n\u00a0subraya el compromiso del Consell con la transparencia y la rendici\u00f3n de cuentas mediante esta iniciativa en colaboraci\u00f3n con las entidades locales. La Generalitat ha anunciado la puesta en <a class=\"mh-excerpt-more\" href=\"https:\/\/www.tucomarca.com\/wordpress\/segunda\/la-generalitat-colabora-con-los-municipios-afectados-por-la-riada-en-la-difusion-de-la-gestion-de-la-dana\/\" title=\"La Generalitat colabora con los municipios afectados por la riada en la difusi\u00f3n de la gesti\u00f3n de la DANA\">[+] <\/a><\/div>\n","protected":false},"author":13,"featured_media":262401,"comment_status":"open","ping_status":"open","sticky":false,"template":"","format":"standard","meta":{"footnotes":""},"categories":[21465,128,8,72,117,142,3,116,45],"tags":[12831,2142],"class_list":{"0":"post-262400","1":"post","2":"type-post","3":"status-publish","4":"format-standard","5":"has-post-thumbnail","7":"category-dana","8":"category-infraestructuras","9":"category-la-comarca","10":"category-sin-categorizar","11":"category-medio-ambiente-la-comarca","12":"category-politica-la-comarca","13":"category-seccion","14":"category-sucesos-la-comarca","15":"category-ventana","16":"tag-dana-2","17":"tag-la-comunitat"},"_links":{"self":[{"href":"https:\/\/www.tucomarca.com\/wordpress\/segunda\/wp-json\/wp\/v2\/posts\/262400","targetHints":{"allow":["GET"]}}],"collection":[{"href":"https:\/\/www.tucomarca.com\/wordpress\/segunda\/wp-json\/wp\/v2\/posts"}],"about":[{"href":"https:\/\/www.tucomarca.com\/wordpress\/segunda\/wp-json\/wp\/v2\/types\/post"}],"author":[{"embeddable":true,"href":"https:\/\/www.tucomarca.com\/wordpress\/segunda\/wp-json\/wp\/v2\/users\/13"}],"replies":[{"embeddable":true,"href":"https:\/\/www.tucomarca.com\/wordpress\/segunda\/wp-json\/wp\/v2\/comments?post=262400"}],"version-history":[{"count":0,"href":"https:\/\/www.tucomarca.com\/wordpress\/segunda\/wp-json\/wp\/v2\/posts\/262400\/revisions"}],"wp:featuredmedia":[{"embeddable":true,"href":"https:\/\/www.tucomarca.com\/wordpress\/segunda\/wp-json\/wp\/v2\/media\/262401"}],"wp:attachment":[{"href":"https:\/\/www.tucomarca.com\/wordpress\/segunda\/wp-json\/wp\/v2\/media?parent=262400"}],"wp:term":[{"taxonomy":"category","embeddable":true,"href":"https:\/\/www.tucomarca.com\/wordpress\/segunda\/wp-json\/wp\/v2\/categories?post=262400"},{"taxonomy":"post_tag","embeddable":true,"href":"https:\/\/www.tucomarca.com\/wordpress\/segunda\/wp-json\/wp\/v2\/tags?post=262400"}],"curies":[{"name":"wp","href":"https:\/\/api.w.org\/{rel}","templated":true}]}}