{"id":262429,"date":"2025-04-17T09:30:00","date_gmt":"2025-04-17T07:30:00","guid":{"rendered":"https:\/\/www.tucomarca.com\/wordpress\/segunda\/?p=262429"},"modified":"2025-04-17T15:33:53","modified_gmt":"2025-04-17T13:33:53","slug":"presidencia-incrementa-el-presupuesto-de-la-direccion-general-de-deporte-con-13-millones-de-euros-para-obras-en-instalaciones-deportivas","status":"publish","type":"post","link":"https:\/\/www.tucomarca.com\/wordpress\/segunda\/presidencia-incrementa-el-presupuesto-de-la-direccion-general-de-deporte-con-13-millones-de-euros-para-obras-en-instalaciones-deportivas\/","title":{"rendered":"Presidencia incrementa el presupuesto de la Direcci\u00f3n General de Deporte con 1,3 millones de euros para obras en instalaciones deportivas"},"content":{"rendered":"\n<h3 class=\"wp-block-heading\">Se podr\u00e1n acometer obras de mejora en el centro de tecnificaci\u00f3n de Cheste; en la Escola de la Mar y el Centro de Tecnificaci\u00f3n de pilota de Moncada.<\/h3>\n\n\n\n<p>Presidencia de la Generalitat ha incrementado el presupuesto de la Direcci\u00f3n General de Deporte con 1.300.000,00 euros para poder ejecutar diversas obras en distintas instalaciones deportivas, seg\u00fan publica el Diari Oficial de la Generalitat Valenciana.<\/p>\n\n\n\n<p>As\u00ed, se podr\u00e1 dar cobertura presupuestaria a diversos expedientes de contrataci\u00f3n como la instalaci\u00f3n de c\u00e9sped artificial de rugby e infraestructuras complementarias en el centro de tecnificaci\u00f3n de Cheste cuyo importe para la anualidad 2025 asciende a 1.546.074,20 euros, y la reparaci\u00f3n y adecuaci\u00f3n de la torre vig\u00eda de la Escola de la Mar con un presupuesto de licitaci\u00f3n de 47.390,06 euros.<\/p>\n\n\n\n<p>Tambi\u00e9n se podr\u00e1 acometer el expediente de contrataci\u00f3n de las obras de la fase II del Centro de Tecnificaci\u00f3n de pilota de Moncada, para completar la instalaci\u00f3n del actual centro, con un presupuesto de licitaci\u00f3n de 485.349,15 euros.<\/p>\n\n\n\n<p>Con este objetivo se ha autorizado una transferencia de cr\u00e9dito de la l\u00ednea de subvenci\u00f3n &#8216;Desarrollo de proyectos de marcado inter\u00e9s econ\u00f3mico y social para la Comunitat Valenciana&#8217;, al programa presupuestario de Fomento de la actividad deportiva.<\/p>\n","protected":false},"excerpt":{"rendered":"<div class=\"mh-excerpt\">Se podr\u00e1n acometer obras de mejora en el centro de tecnificaci\u00f3n de Cheste; en la Escola de la Mar y el Centro de Tecnificaci\u00f3n de pilota de Moncada. Presidencia de la Generalitat ha incrementado el <a class=\"mh-excerpt-more\" href=\"https:\/\/www.tucomarca.com\/wordpress\/segunda\/presidencia-incrementa-el-presupuesto-de-la-direccion-general-de-deporte-con-13-millones-de-euros-para-obras-en-instalaciones-deportivas\/\" title=\"Presidencia incrementa el presupuesto de la Direcci\u00f3n General de Deporte con 1,3 millones de euros para obras en instalaciones deportivas\">[+] <\/a><\/div>\n","protected":false},"author":13,"featured_media":69926,"comment_status":"open","ping_status":"open","sticky":false,"template":"","format":"standard","meta":{"footnotes":""},"categories":[17,6,128,8,72,10,199,3,45],"tags":[339,10379,2142,5952],"class_list":{"0":"post-262429","1":"post","2":"type-post","3":"status-publish","4":"format-standard","5":"has-post-thumbnail","7":"category-cheste","8":"category-deportes","9":"category-infraestructuras","10":"category-la-comarca","11":"category-sin-categorizar","12":"category-la-hoya","13":"category-polideportivo","14":"category-seccion","15":"category-ventana","16":"tag-cheste-2","17":"tag-deportes","18":"tag-la-comunitat","19":"tag-la-hoya-de-bunol-chiva"},"_links":{"self":[{"href":"https:\/\/www.tucomarca.com\/wordpress\/segunda\/wp-json\/wp\/v2\/posts\/262429","targetHints":{"allow":["GET"]}}],"collection":[{"href":"https:\/\/www.tucomarca.com\/wordpress\/segunda\/wp-json\/wp\/v2\/posts"}],"about":[{"href":"https:\/\/www.tucomarca.com\/wordpress\/segunda\/wp-json\/wp\/v2\/types\/post"}],"author":[{"embeddable":true,"href":"https:\/\/www.tucomarca.com\/wordpress\/segunda\/wp-json\/wp\/v2\/users\/13"}],"replies":[{"embeddable":true,"href":"https:\/\/www.tucomarca.com\/wordpress\/segunda\/wp-json\/wp\/v2\/comments?post=262429"}],"version-history":[{"count":0,"href":"https:\/\/www.tucomarca.com\/wordpress\/segunda\/wp-json\/wp\/v2\/posts\/262429\/revisions"}],"wp:featuredmedia":[{"embeddable":true,"href":"https:\/\/www.tucomarca.com\/wordpress\/segunda\/wp-json\/wp\/v2\/media\/69926"}],"wp:attachment":[{"href":"https:\/\/www.tucomarca.com\/wordpress\/segunda\/wp-json\/wp\/v2\/media?parent=262429"}],"wp:term":[{"taxonomy":"category","embeddable":true,"href":"https:\/\/www.tucomarca.com\/wordpress\/segunda\/wp-json\/wp\/v2\/categories?post=262429"},{"taxonomy":"post_tag","embeddable":true,"href":"https:\/\/www.tucomarca.com\/wordpress\/segunda\/wp-json\/wp\/v2\/tags?post=262429"}],"curies":[{"name":"wp","href":"https:\/\/api.w.org\/{rel}","templated":true}]}}