{"id":262535,"date":"2025-04-21T10:00:00","date_gmt":"2025-04-21T08:00:00","guid":{"rendered":"https:\/\/www.tucomarca.com\/wordpress\/segunda\/?p=262535"},"modified":"2025-04-22T11:17:06","modified_gmt":"2025-04-22T09:17:06","slug":"el-incendio-en-una-vivienda-de-carlet-obliga-a-desalojar-varios-edificios-por-precaucion","status":"publish","type":"post","link":"https:\/\/www.tucomarca.com\/wordpress\/segunda\/el-incendio-en-una-vivienda-de-carlet-obliga-a-desalojar-varios-edificios-por-precaucion\/","title":{"rendered":"El incendio en una vivienda de Carlet obliga a desalojar varios edificios por precauci\u00f3n"},"content":{"rendered":"\n<p>Los bomberos han intervenido este viernes en un incendio declarado en una vivienda de la calle Villanueva de Carlet, que se hab\u00eda iniciado en una terraza y generaba una intensa columna de humo, visible desde varios puntos de la localidad.<\/p>\n\n\n\n<p>Por precauci\u00f3n, se ha procedido al desalojo de varios edificios cercanos, mientras los efectivos del Consorcio Provincial de Bomberos de Val\u00e8ncia trabajaban en la extinci\u00f3n del fuego.<\/p>\n\n\n\n<p>En el operativo han participado tres dotaciones de Alzira y Silla, adem\u00e1s del sargento del parque de Alzira. Gracias a la r\u00e1pida actuaci\u00f3n, el incendio ha quedado extinguido sin que se hayan registrado heridos.<\/p>\n\n\n\n<p>Las causas del fuego est\u00e1n siendo investigadas.<\/p>\n","protected":false},"excerpt":{"rendered":"<div class=\"mh-excerpt\">Los bomberos han intervenido este viernes en un incendio declarado en una vivienda de la calle Villanueva de Carlet, que se hab\u00eda iniciado en una terraza y generaba una intensa columna de humo, visible desde <a class=\"mh-excerpt-more\" href=\"https:\/\/www.tucomarca.com\/wordpress\/segunda\/el-incendio-en-una-vivienda-de-carlet-obliga-a-desalojar-varios-edificios-por-precaucion\/\" title=\"El incendio en una vivienda de Carlet obliga a desalojar varios edificios por precauci\u00f3n\">[+] <\/a><\/div>\n","protected":false},"author":1,"featured_media":252472,"comment_status":"open","ping_status":"open","sticky":false,"template":"","format":"standard","meta":{"footnotes":""},"categories":[291,128,8,42,117,3,116],"tags":[10462,13121,1407],"class_list":{"0":"post-262535","1":"post","2":"type-post","3":"status-publish","4":"format-standard","5":"has-post-thumbnail","7":"category-carlet","8":"category-infraestructuras","9":"category-la-comarca","10":"category-la-ribera","11":"category-medio-ambiente-la-comarca","12":"category-seccion","13":"category-sucesos-la-comarca","14":"tag-carlet","15":"tag-consorci-provincial-de-bombers-2","16":"tag-ribera-alta"},"_links":{"self":[{"href":"https:\/\/www.tucomarca.com\/wordpress\/segunda\/wp-json\/wp\/v2\/posts\/262535","targetHints":{"allow":["GET"]}}],"collection":[{"href":"https:\/\/www.tucomarca.com\/wordpress\/segunda\/wp-json\/wp\/v2\/posts"}],"about":[{"href":"https:\/\/www.tucomarca.com\/wordpress\/segunda\/wp-json\/wp\/v2\/types\/post"}],"author":[{"embeddable":true,"href":"https:\/\/www.tucomarca.com\/wordpress\/segunda\/wp-json\/wp\/v2\/users\/1"}],"replies":[{"embeddable":true,"href":"https:\/\/www.tucomarca.com\/wordpress\/segunda\/wp-json\/wp\/v2\/comments?post=262535"}],"version-history":[{"count":0,"href":"https:\/\/www.tucomarca.com\/wordpress\/segunda\/wp-json\/wp\/v2\/posts\/262535\/revisions"}],"wp:featuredmedia":[{"embeddable":true,"href":"https:\/\/www.tucomarca.com\/wordpress\/segunda\/wp-json\/wp\/v2\/media\/252472"}],"wp:attachment":[{"href":"https:\/\/www.tucomarca.com\/wordpress\/segunda\/wp-json\/wp\/v2\/media?parent=262535"}],"wp:term":[{"taxonomy":"category","embeddable":true,"href":"https:\/\/www.tucomarca.com\/wordpress\/segunda\/wp-json\/wp\/v2\/categories?post=262535"},{"taxonomy":"post_tag","embeddable":true,"href":"https:\/\/www.tucomarca.com\/wordpress\/segunda\/wp-json\/wp\/v2\/tags?post=262535"}],"curies":[{"name":"wp","href":"https:\/\/api.w.org\/{rel}","templated":true}]}}