{"id":26275,"date":"2014-04-30T12:09:07","date_gmt":"2014-04-30T09:09:07","guid":{"rendered":"http:\/\/www.tucomarca.com\/wordpress\/segunda\/?p=26275"},"modified":"2014-04-30T16:43:48","modified_gmt":"2014-04-30T13:43:48","slug":"la-artistica-de-bunol-rinde-homenaje-a-henrie-adams-por-sus-veinticinco-anos-al-frente-de-la-direccion-artistica-de-los-feos","status":"publish","type":"post","link":"https:\/\/www.tucomarca.com\/wordpress\/segunda\/la-artistica-de-bunol-rinde-homenaje-a-henrie-adams-por-sus-veinticinco-anos-al-frente-de-la-direccion-artistica-de-los-feos\/","title":{"rendered":"\u00abLa Art\u00edstica\u00bb de Bu\u00f1ol rinde homenaje a Henrie Adams por sus veinticinco a\u00f1os al frente de la direcci\u00f3n art\u00edstica de \u00abLos Feos\u00bb"},"content":{"rendered":"<figure id=\"attachment_26323\" aria-describedby=\"caption-attachment-26323\" style=\"width: 300px\" class=\"wp-caption alignleft\"><a href=\"https:\/\/www.tucomarca.com\/wordpress\/segunda\/wp-content\/uploads\/2014\/04\/henrieconcierto.jpg\"><img loading=\"lazy\" decoding=\"async\" class=\"size-medium wp-image-26323\" title=\"henrieconcierto\" src=\"https:\/\/www.tucomarca.com\/wordpress\/segunda\/wp-content\/uploads\/2014\/04\/henrieconcierto-300x200.jpg\" alt=\"Un momento del homenaje a Henrie Adams por parte de \u00abLa Art\u00edstica\u00bb.\" width=\"300\" height=\"200\" \/><\/a><figcaption id=\"caption-attachment-26323\" class=\"wp-caption-text\">Un momento del homenaje a Henrie Adams por parte de \u00abLa Art\u00edstica\u00bb.<\/figcaption><\/figure>\n<p>Como public\u00f3 este semanario en su edici\u00f3n impresa, la gran familia \u00abfea\u00bb se reuni\u00f3 este pasado s\u00e1bado en el teatro Montecarlo para rendir homenaje a Henrie Adams, el director holand\u00e9s d\u00eds atr\u00e1s cumpl\u00eda sus primeros veinticinco a\u00f1os al frente de la banda sinf\u00f3nica de la Sociedad Musical \u00abLa Art\u00edstica\u00bb.<\/p>\n<p>La emotiva tarde comenz\u00f3 con la colocaci\u00f3n de un nuevo corbat\u00edn a la bandera, a cargo de las dos madrinas, Cristina Ortiz Carrascosa y Benilde Ortiz Carrascosa, antes de la primera parte del concierto que incluy\u00f3 el pasodoble Traner, de Rafael Talens; la obertura Rienzi, de Wagner; el Concierto n\u00ba 2 en Mib Mayor op. 74, de Von Weber \u2014en el que actu\u00f3 como solista Santiago P\u00e9rez\u2014; Ricercare, de Andriesen; Three revelations from the lotus sutra, de Alfred Reed; y Memory, from Cats \u2014con la intervenci\u00f3n de Astrid Crone\u2014; y para finalizar con la interpretaci\u00f3n del Himno de los Feos.<\/p>\n<p>No obstante, fue tras el par\u00e9ntesis del descanso cuando se vivi\u00f3 el momento m\u00e1s emotivo de la tarde, con el reconocimiento a la trayectoria de Henrie Adams como director art\u00edstico de la sociedad.<br \/>\nEl propio presidente de \u00abLos Feos\u00bb, Guillermo Ayter, fue el encargado de glosar la trayectoria profesional de\u2008Henrie Adams, haciendo especial hincapi\u00e9 en todos los \u00e9xitos musicales cosechados por el director al frente de la banda sinf\u00f3nica de \u00abLa Art\u00edstica\u00bb.<\/p>\n<p>Tras recibir un pergamino conmemorativo as\u00ed como un cuadro realizado por el pintor bu\u00f1olense Juan Aparisi, Henrie Adams quiso agradecer no s\u00f3lo a la actual junta directiva y a su presidente el cari\u00f1o y apoyo recibido durante estos 25 a\u00f1os, sino tambi\u00e9n a todos los presidentes que lo antecedieron.<\/p>\n<p>&nbsp;<\/p>\n<p><strong>Cierre del ciclo de conciertos<\/strong><\/p>\n<p>El evento conmemorativo del concierto de presentaci\u00f3n de Henrie Adams, bautizado con el nombre de 25 a\u00f1os juntos, se ha encuadrado en el programa de conciertos conmemorativos del 61 aniversario de la inauguraci\u00f3n del teatro Montecarlo, propiedad de \u00abLa Art\u00edstica\u00bb.<br \/>\nSer\u00e1n la Joven Orquesta y la Orquesta Sinf\u00f3nica de la Sociedad Musical \u00abLa Art\u00edstica\u00bb quienes cerrar\u00e1n este domingo, 27 de abril, el intenso ciclo de conciertos.<\/p>\n<p>Los j\u00f3venes contar\u00e1n para la ocasi\u00f3n con la colaboraci\u00f3n del coro de voces blancas, integrado principalmente por los ni\u00f1os de la escuela de m\u00fasica. Todos ellos ser\u00e1n guiados desde la tarima por Francisco Carrascosa Miguel, quien ha elegido un variado programa en el que se recogen obras como Night Dance, Ancient Flower, Duncan\u2019s Tale, Fable y The Ides of March, entre otras.<br \/>\nEn la segunda mitad, la Orquesta Sinf\u00f3nica pondr\u00e1 en atril Divertimento en Re Mayor KV. 136, de Mozart; el Concierto para piano y orquesta n\u00ba 2 en Si bemol Mayor KV 39 de este mismo compositor \u2014en la que actuar\u00e1 como solista Manuel Iniesta\u2014; y la Sinfon\u00eda n\u00ba 39 en Sol Mayor de Haydn. Todas ellas ser\u00e1n dirigidas por el titular de la citada agrupaci\u00f3n, Henrie Adams. El acto arrancar\u00e1 a las 11,30 horas.<\/p>\n","protected":false},"excerpt":{"rendered":"<div class=\"mh-excerpt\">Como public\u00f3 este semanario en su edici\u00f3n impresa, la gran familia \u00abfea\u00bb se reuni\u00f3 este pasado s\u00e1bado en el teatro Montecarlo para rendir homenaje a Henrie Adams, el director holand\u00e9s d\u00eds atr\u00e1s cumpl\u00eda sus primeros <a class=\"mh-excerpt-more\" href=\"https:\/\/www.tucomarca.com\/wordpress\/segunda\/la-artistica-de-bunol-rinde-homenaje-a-henrie-adams-por-sus-veinticinco-anos-al-frente-de-la-direccion-artistica-de-los-feos\/\" title=\"\u00abLa Art\u00edstica\u00bb de Bu\u00f1ol rinde homenaje a Henrie Adams por sus veinticinco a\u00f1os al frente de la direcci\u00f3n art\u00edstica de \u00abLos Feos\u00bb\">[+] <\/a><\/div>\n","protected":false},"author":2,"featured_media":26323,"comment_status":"open","ping_status":"open","sticky":false,"template":"","format":"standard","meta":{"footnotes":""},"categories":[18,66,8,10,7,3],"tags":[1117,123,95,3462],"class_list":{"0":"post-26275","1":"post","2":"type-post","3":"status-publish","4":"format-standard","5":"has-post-thumbnail","7":"category-bunol","8":"category-musica","9":"category-la-comarca","10":"category-la-hoya","11":"category-ocio-y-cultura","12":"category-seccion","13":"tag-aniversario","14":"tag-artistica-bunol","15":"tag-concierto","16":"tag-henrie-adams"},"_links":{"self":[{"href":"https:\/\/www.tucomarca.com\/wordpress\/segunda\/wp-json\/wp\/v2\/posts\/26275","targetHints":{"allow":["GET"]}}],"collection":[{"href":"https:\/\/www.tucomarca.com\/wordpress\/segunda\/wp-json\/wp\/v2\/posts"}],"about":[{"href":"https:\/\/www.tucomarca.com\/wordpress\/segunda\/wp-json\/wp\/v2\/types\/post"}],"author":[{"embeddable":true,"href":"https:\/\/www.tucomarca.com\/wordpress\/segunda\/wp-json\/wp\/v2\/users\/2"}],"replies":[{"embeddable":true,"href":"https:\/\/www.tucomarca.com\/wordpress\/segunda\/wp-json\/wp\/v2\/comments?post=26275"}],"version-history":[{"count":0,"href":"https:\/\/www.tucomarca.com\/wordpress\/segunda\/wp-json\/wp\/v2\/posts\/26275\/revisions"}],"wp:featuredmedia":[{"embeddable":true,"href":"https:\/\/www.tucomarca.com\/wordpress\/segunda\/wp-json\/wp\/v2\/media\/26323"}],"wp:attachment":[{"href":"https:\/\/www.tucomarca.com\/wordpress\/segunda\/wp-json\/wp\/v2\/media?parent=26275"}],"wp:term":[{"taxonomy":"category","embeddable":true,"href":"https:\/\/www.tucomarca.com\/wordpress\/segunda\/wp-json\/wp\/v2\/categories?post=26275"},{"taxonomy":"post_tag","embeddable":true,"href":"https:\/\/www.tucomarca.com\/wordpress\/segunda\/wp-json\/wp\/v2\/tags?post=26275"}],"curies":[{"name":"wp","href":"https:\/\/api.w.org\/{rel}","templated":true}]}}