{"id":262934,"date":"2025-04-22T08:00:00","date_gmt":"2025-04-22T06:00:00","guid":{"rendered":"https:\/\/www.tucomarca.com\/wordpress\/segunda\/?p=262934"},"modified":"2025-04-22T14:16:31","modified_gmt":"2025-04-22T12:16:31","slug":"el-consell-aprueba-el-nombramiento-del-director-adjunto-de-audiovisuales-y-cinematografia-y-de-la-directora-adjunta-de-musica-y-cultura-popular-del-ivc","status":"publish","type":"post","link":"https:\/\/www.tucomarca.com\/wordpress\/segunda\/el-consell-aprueba-el-nombramiento-del-director-adjunto-de-audiovisuales-y-cinematografia-y-de-la-directora-adjunta-de-musica-y-cultura-popular-del-ivc\/","title":{"rendered":"El Consell aprueba el nombramiento del director adjunto de Audiovisuales y Cinematograf\u00eda y de la directora adjunta de M\u00fasica y Cultura Popular del IVC"},"content":{"rendered":"\n<h3 class=\"wp-block-heading\">Los nombramientos se realizan a propuesta de la Comisi\u00f3n de Evaluaci\u00f3n del IVC, una vez finalizado el proceso de selecci\u00f3n.<\/h3>\n\n\n\n<p>El Consell ha aprobado el nombramiento de Luis Gos\u00e1lbez Pay\u00e1 como director adjunto de Audiovisuales y Cinematograf\u00eda y de Beatriz Traver Badenes como directora adjunta de M\u00fasica y Cultura Popular Valenciana del Institut Valenci\u00e0 de Cultura (IVC).<\/p>\n\n\n\n<p>Los nombramientos se han producido tras la propuesta realizada por la Comisi\u00f3n de Evaluaci\u00f3n del IVC, una vez finalizado el proceso de selecci\u00f3n de personas candidatas.<\/p>\n\n\n\n<p>Traver es licenciada en Historia del Arte e Historia y Ciencias de la M\u00fasica y cuenta con una s\u00f3lida formaci\u00f3n especializada en gesti\u00f3n cultural, que incluye posgrados en organizaci\u00f3n de eventos musicales.<\/p>\n\n\n\n<p>Por su parte, Gos\u00e1lbez tiene una extensa trayectoria vinculada al sector audiovisual valenciano y desde el a\u00f1o 2000 es gerente de la asociaci\u00f3n Productors Audiovisuals Valencians.<\/p>\n","protected":false},"excerpt":{"rendered":"<div class=\"mh-excerpt\">Los nombramientos se realizan a propuesta de la Comisi\u00f3n de Evaluaci\u00f3n del IVC, una vez finalizado el proceso de selecci\u00f3n. El Consell ha aprobado el nombramiento de Luis Gos\u00e1lbez Pay\u00e1 como director adjunto de Audiovisuales <a class=\"mh-excerpt-more\" href=\"https:\/\/www.tucomarca.com\/wordpress\/segunda\/el-consell-aprueba-el-nombramiento-del-director-adjunto-de-audiovisuales-y-cinematografia-y-de-la-directora-adjunta-de-musica-y-cultura-popular-del-ivc\/\" title=\"El Consell aprueba el nombramiento del director adjunto de Audiovisuales y Cinematograf\u00eda y de la directora adjunta de M\u00fasica y Cultura Popular del IVC\">[+] <\/a><\/div>\n","protected":false},"author":13,"featured_media":229187,"comment_status":"open","ping_status":"open","sticky":false,"template":"","format":"standard","meta":{"footnotes":""},"categories":[72,7,3],"tags":[13272,17757,15855],"class_list":{"0":"post-262934","1":"post","2":"type-post","3":"status-publish","4":"format-standard","5":"has-post-thumbnail","7":"category-sin-categorizar","8":"category-ocio-y-cultura","9":"category-seccion","10":"tag-institut-valencia-de-cultura","11":"tag-ivc","12":"tag-ocio-y-cultura"},"_links":{"self":[{"href":"https:\/\/www.tucomarca.com\/wordpress\/segunda\/wp-json\/wp\/v2\/posts\/262934","targetHints":{"allow":["GET"]}}],"collection":[{"href":"https:\/\/www.tucomarca.com\/wordpress\/segunda\/wp-json\/wp\/v2\/posts"}],"about":[{"href":"https:\/\/www.tucomarca.com\/wordpress\/segunda\/wp-json\/wp\/v2\/types\/post"}],"author":[{"embeddable":true,"href":"https:\/\/www.tucomarca.com\/wordpress\/segunda\/wp-json\/wp\/v2\/users\/13"}],"replies":[{"embeddable":true,"href":"https:\/\/www.tucomarca.com\/wordpress\/segunda\/wp-json\/wp\/v2\/comments?post=262934"}],"version-history":[{"count":0,"href":"https:\/\/www.tucomarca.com\/wordpress\/segunda\/wp-json\/wp\/v2\/posts\/262934\/revisions"}],"wp:featuredmedia":[{"embeddable":true,"href":"https:\/\/www.tucomarca.com\/wordpress\/segunda\/wp-json\/wp\/v2\/media\/229187"}],"wp:attachment":[{"href":"https:\/\/www.tucomarca.com\/wordpress\/segunda\/wp-json\/wp\/v2\/media?parent=262934"}],"wp:term":[{"taxonomy":"category","embeddable":true,"href":"https:\/\/www.tucomarca.com\/wordpress\/segunda\/wp-json\/wp\/v2\/categories?post=262934"},{"taxonomy":"post_tag","embeddable":true,"href":"https:\/\/www.tucomarca.com\/wordpress\/segunda\/wp-json\/wp\/v2\/tags?post=262934"}],"curies":[{"name":"wp","href":"https:\/\/api.w.org\/{rel}","templated":true}]}}