{"id":263072,"date":"2025-04-23T11:00:00","date_gmt":"2025-04-23T09:00:00","guid":{"rendered":"https:\/\/www.tucomarca.com\/wordpress\/segunda\/?p=263072"},"modified":"2025-04-23T11:47:39","modified_gmt":"2025-04-23T09:47:39","slug":"la-generalitat-inicia-la-construccion-del-nuevo-puente-sobre-el-rio-turia-en-bugarra-tras-la-demolicion-del-anterior-a-causa-de-la-dana","status":"publish","type":"post","link":"https:\/\/www.tucomarca.com\/wordpress\/segunda\/la-generalitat-inicia-la-construccion-del-nuevo-puente-sobre-el-rio-turia-en-bugarra-tras-la-demolicion-del-anterior-a-causa-de-la-dana\/","title":{"rendered":"La Generalitat inicia la construcci\u00f3n del nuevo puente sobre el r\u00edo Turia en Bugarra tras la demolici\u00f3n del anterior a causa de la DANA"},"content":{"rendered":"\n<h3 class=\"wp-block-heading\">En el marco del plan \u2018Recuperem Val\u00e8ncia\u2019, la Generalitat asume la ejecuci\u00f3n de m\u00e1s de cincuenta actuaciones en municipios afectados. \u00a0<\/h3>\n\n\n\n<p>La Conselleria de Medio Ambiente, Infraestructuras y Territorio ha comenzado las obras de cimentaci\u00f3n para un nuevo puente sobre el r\u00edo Turia en Bugarra, despu\u00e9s de que el anterior fuera demolido debido a los graves da\u00f1os estructurales ocasionados por las inundaciones.<\/p>\n\n\n\n<p>Tras los estudios realizados en la infraestructura y ante los desperfectos detectados, la Generalitat decidi\u00f3 proceder a la demolici\u00f3n total del puente que conectaba Bugarra con Gestalgar por la Andenia, ya que su reparaci\u00f3n no era viable y su estado compromet\u00eda la seguridad. Este puente facilitaba el acceso a zonas agr\u00edcolas y a la central hidroel\u00e9ctrica.<\/p>\n\n\n\n<p>En una primera fase, se llevaron a cabo labores de limpieza del cauce del r\u00edo, retirada de la estructura superior deteriorada y demolici\u00f3n de las bases del puente, &nbsp;procurando conservar en la medida de lo posible las partes en buen estado.<\/p>\n\n\n\n<p>En estos momentos, se ha iniciado la fase de cimentaci\u00f3n para la construcci\u00f3n del nuevo puente, que mantendr\u00e1 unas bases similares a las anteriores, aunque se elevar\u00e1 ligeramente para mejorar su resistencia y funcionalidad. Adem\u00e1s, su dise\u00f1o incorpora un sistema de drenaje optimizado, que garantiza mayor seguridad y durabilidad frente a futuras avenidas. Esta obra forma parte del contrato de emergencia de actuaciones en Bugarra y Calles, con una inversi\u00f3n total prevista para las dos obras de 3,2 millones de euros.<\/p>\n\n\n\n<p>Esta intervenci\u00f3n forma parte del plan \u2018Recuperem Val\u00e8ncia\u2019, por el que la Generalitat ha asumido las competencias necesarias para financiar y ejecutar las obras de rehabilitaci\u00f3n de v\u00edas, pasarelas, puentes, caminos y accesos en m\u00e1s de una veintena de localidades afectadas, ante las dificultades de los municipios para asumir los trabajos y la necesidad de realizarlos con urgencia.<\/p>\n\n\n\n<figure class=\"wp-block-image size-large\"><img loading=\"lazy\" decoding=\"async\" width=\"1024\" height=\"768\" src=\"https:\/\/www.tucomarca.com\/wordpress\/segunda\/wp-content\/uploads\/2025\/04\/BugarraPuenteDana2-1024x768.jpeg\" alt=\"\" class=\"wp-image-263075\" srcset=\"https:\/\/www.tucomarca.com\/wordpress\/segunda\/wp-content\/uploads\/2025\/04\/BugarraPuenteDana2-1024x768.jpeg 1024w, https:\/\/www.tucomarca.com\/wordpress\/segunda\/wp-content\/uploads\/2025\/04\/BugarraPuenteDana2-300x225.jpeg 300w, https:\/\/www.tucomarca.com\/wordpress\/segunda\/wp-content\/uploads\/2025\/04\/BugarraPuenteDana2-768x576.jpeg 768w, https:\/\/www.tucomarca.com\/wordpress\/segunda\/wp-content\/uploads\/2025\/04\/BugarraPuenteDana2-1536x1152.jpeg 1536w, https:\/\/www.tucomarca.com\/wordpress\/segunda\/wp-content\/uploads\/2025\/04\/BugarraPuenteDana2-678x509.jpeg 678w, https:\/\/www.tucomarca.com\/wordpress\/segunda\/wp-content\/uploads\/2025\/04\/BugarraPuenteDana2-326x245.jpeg 326w, https:\/\/www.tucomarca.com\/wordpress\/segunda\/wp-content\/uploads\/2025\/04\/BugarraPuenteDana2-80x60.jpeg 80w, https:\/\/www.tucomarca.com\/wordpress\/segunda\/wp-content\/uploads\/2025\/04\/BugarraPuenteDana2.jpeg 2040w\" sizes=\"auto, (max-width: 1024px) 100vw, 1024px\" \/><\/figure>\n","protected":false},"excerpt":{"rendered":"<div class=\"mh-excerpt\">En el marco del plan \u2018Recuperem Val\u00e8ncia\u2019, la Generalitat asume la ejecuci\u00f3n de m\u00e1s de cincuenta actuaciones en municipios afectados. \u00a0 La Conselleria de Medio Ambiente, Infraestructuras y Territorio ha comenzado las obras de cimentaci\u00f3n <a class=\"mh-excerpt-more\" href=\"https:\/\/www.tucomarca.com\/wordpress\/segunda\/la-generalitat-inicia-la-construccion-del-nuevo-puente-sobre-el-rio-turia-en-bugarra-tras-la-demolicion-del-anterior-a-causa-de-la-dana\/\" title=\"La Generalitat inicia la construcci\u00f3n del nuevo puente sobre el r\u00edo Turia en Bugarra tras la demolici\u00f3n del anterior a causa de la DANA\">[+] <\/a><\/div>\n","protected":false},"author":1,"featured_media":263073,"comment_status":"open","ping_status":"open","sticky":false,"template":"","format":"image","meta":{"footnotes":""},"categories":[185,21465,128,8,72,59,117,142,3,116,45],"tags":[10440,12831,3912,5554],"class_list":{"0":"post-263072","1":"post","2":"type-post","3":"status-publish","4":"format-image","5":"has-post-thumbnail","7":"category-bugarra","8":"category-dana","9":"category-infraestructuras","10":"category-la-comarca","11":"category-sin-categorizar","12":"category-los-serranos","13":"category-medio-ambiente-la-comarca","14":"category-politica-la-comarca","15":"category-seccion","16":"category-sucesos-la-comarca","17":"category-ventana","18":"tag-bugarra","19":"tag-dana-2","20":"tag-la-serrania","21":"tag-puente","22":"post_format-post-format-image"},"_links":{"self":[{"href":"https:\/\/www.tucomarca.com\/wordpress\/segunda\/wp-json\/wp\/v2\/posts\/263072","targetHints":{"allow":["GET"]}}],"collection":[{"href":"https:\/\/www.tucomarca.com\/wordpress\/segunda\/wp-json\/wp\/v2\/posts"}],"about":[{"href":"https:\/\/www.tucomarca.com\/wordpress\/segunda\/wp-json\/wp\/v2\/types\/post"}],"author":[{"embeddable":true,"href":"https:\/\/www.tucomarca.com\/wordpress\/segunda\/wp-json\/wp\/v2\/users\/1"}],"replies":[{"embeddable":true,"href":"https:\/\/www.tucomarca.com\/wordpress\/segunda\/wp-json\/wp\/v2\/comments?post=263072"}],"version-history":[{"count":0,"href":"https:\/\/www.tucomarca.com\/wordpress\/segunda\/wp-json\/wp\/v2\/posts\/263072\/revisions"}],"wp:featuredmedia":[{"embeddable":true,"href":"https:\/\/www.tucomarca.com\/wordpress\/segunda\/wp-json\/wp\/v2\/media\/263073"}],"wp:attachment":[{"href":"https:\/\/www.tucomarca.com\/wordpress\/segunda\/wp-json\/wp\/v2\/media?parent=263072"}],"wp:term":[{"taxonomy":"category","embeddable":true,"href":"https:\/\/www.tucomarca.com\/wordpress\/segunda\/wp-json\/wp\/v2\/categories?post=263072"},{"taxonomy":"post_tag","embeddable":true,"href":"https:\/\/www.tucomarca.com\/wordpress\/segunda\/wp-json\/wp\/v2\/tags?post=263072"}],"curies":[{"name":"wp","href":"https:\/\/api.w.org\/{rel}","templated":true}]}}