{"id":263318,"date":"2025-04-25T07:15:00","date_gmt":"2025-04-25T05:15:00","guid":{"rendered":"https:\/\/www.tucomarca.com\/wordpress\/segunda\/?p=263318"},"modified":"2025-04-24T19:48:58","modified_gmt":"2025-04-24T17:48:58","slug":"bunol-celebra-su-particular-feria-de-abril-con-cenas-populares-musica-en-directo-y-espiritu-andaluz-de-mano-de-la-falla-reyes-catolicos-y-adyacentes","status":"publish","type":"post","link":"https:\/\/www.tucomarca.com\/wordpress\/segunda\/bunol-celebra-su-particular-feria-de-abril-con-cenas-populares-musica-en-directo-y-espiritu-andaluz-de-mano-de-la-falla-reyes-catolicos-y-adyacentes\/","title":{"rendered":"Bu\u00f1ol celebra su particular Feria de Abril con cenas populares, m\u00fasica en directo y esp\u00edritu andaluz de mano de la Falla Reyes Cat\u00f3licos y Adyacentes"},"content":{"rendered":"\n<p>El Paseo de San Luis de Bu\u00f1ol ser\u00e1 el escenario de un fin de semana festivo lleno de sabor, m\u00fasica y tradici\u00f3n gracias a la programaci\u00f3n especial de la Falla Reyes Cat\u00f3licos y Adyacentes, que organiza su Feria de Abril del 25 al 27 de abril.<\/p>\n\n\n\n<p>La cita arrancar\u00e1 el viernes por la noche con una cena informal a las 22:00 h, en la que se podr\u00e1 disfrutar de un bocadillo (de tortilla de patatas o jam\u00f3n con tomate) y bebida por solo 6 euros. La velada continuar\u00e1 a las 23:00 h con el CRB Fest, un potente concierto que traer\u00e1 al escenario a varias bandas locales como Novus, Clownback, Llorono y GallinaSa, prometiendo una noche animada con mucho rock y ritmo.<\/p>\n\n\n\n<p>El s\u00e1bado por la tarde, a las 18:30 h, se dar\u00e1 el pistoletazo de salida oficial a la feria. Poco despu\u00e9s, a las 19:00 h, se podr\u00e1 disfrutar de la cl\u00e1sica combinaci\u00f3n de \u00abQuinto y Tapa\u00bb, ambientada con la actuaci\u00f3n del grupo Duendes del Levante, que llenar\u00e1 el paseo con m\u00fasica y sones del sur.<\/p>\n\n\n\n<p>Aunque inicialmente se hab\u00eda anunciado una Cena Asado Argentino para esa noche, desde la organizaci\u00f3n han informado que queda cancelada por motivos log\u00edsticos. Sin embargo, para no dejar a nadie sin cena, se habilitar\u00e1 igualmente un servicio alternativo de cenas, garantizando as\u00ed una opci\u00f3n gastron\u00f3mica para los asistentes antes del cierre de jornada con una disco-m\u00f3vil a medianoche.<\/p>\n\n\n\n<p>El domingo por la ma\u00f1ana estar\u00e1 especialmente dedicado al p\u00fablico infantil, con actividades para los m\u00e1s peque\u00f1os a partir de las 11:30 h, en paralelo a una nueva ronda de Quinto y Tapa, ideal para disfrutar en familia.<\/p>\n\n\n\n<p>Con esta edici\u00f3n, la Falla Reyes Cat\u00f3licos y Adyacentes mantiene viva una celebraci\u00f3n que combina el car\u00e1cter festivo andaluz con el esp\u00edritu acogedor de Bu\u00f1ol, invitando a vecinos y visitantes a compartir un fin de semana lleno de buen ambiente, tradici\u00f3n y entretenimiento.<\/p>\n\n\n\n<figure class=\"wp-block-gallery has-nested-images columns-default is-cropped wp-block-gallery-1 is-layout-flex wp-block-gallery-is-layout-flex\">\n<figure class=\"wp-block-image size-large\"><img loading=\"lazy\" decoding=\"async\" width=\"1024\" height=\"1024\" data-id=\"261182\" src=\"https:\/\/www.tucomarca.com\/wordpress\/segunda\/wp-content\/uploads\/2025\/04\/ReyesCatolicos_FeriaAbril02-1024x1024.jpg\" alt=\"\" class=\"wp-image-261182\" srcset=\"https:\/\/www.tucomarca.com\/wordpress\/segunda\/wp-content\/uploads\/2025\/04\/ReyesCatolicos_FeriaAbril02-1024x1024.jpg 1024w, https:\/\/www.tucomarca.com\/wordpress\/segunda\/wp-content\/uploads\/2025\/04\/ReyesCatolicos_FeriaAbril02-300x300.jpg 300w, https:\/\/www.tucomarca.com\/wordpress\/segunda\/wp-content\/uploads\/2025\/04\/ReyesCatolicos_FeriaAbril02-290x290.jpg 290w, https:\/\/www.tucomarca.com\/wordpress\/segunda\/wp-content\/uploads\/2025\/04\/ReyesCatolicos_FeriaAbril02-768x768.jpg 768w, https:\/\/www.tucomarca.com\/wordpress\/segunda\/wp-content\/uploads\/2025\/04\/ReyesCatolicos_FeriaAbril02.jpg 1080w\" sizes=\"auto, (max-width: 1024px) 100vw, 1024px\" \/><\/figure>\n\n\n\n<figure class=\"wp-block-image size-large\"><img loading=\"lazy\" decoding=\"async\" width=\"1024\" height=\"1024\" data-id=\"261184\" src=\"https:\/\/www.tucomarca.com\/wordpress\/segunda\/wp-content\/uploads\/2025\/04\/ReyesCatolicos_FeriaAbril03-1024x1024.jpg\" alt=\"\" class=\"wp-image-261184\" srcset=\"https:\/\/www.tucomarca.com\/wordpress\/segunda\/wp-content\/uploads\/2025\/04\/ReyesCatolicos_FeriaAbril03-1024x1024.jpg 1024w, https:\/\/www.tucomarca.com\/wordpress\/segunda\/wp-content\/uploads\/2025\/04\/ReyesCatolicos_FeriaAbril03-300x300.jpg 300w, https:\/\/www.tucomarca.com\/wordpress\/segunda\/wp-content\/uploads\/2025\/04\/ReyesCatolicos_FeriaAbril03-290x290.jpg 290w, https:\/\/www.tucomarca.com\/wordpress\/segunda\/wp-content\/uploads\/2025\/04\/ReyesCatolicos_FeriaAbril03-768x768.jpg 768w, https:\/\/www.tucomarca.com\/wordpress\/segunda\/wp-content\/uploads\/2025\/04\/ReyesCatolicos_FeriaAbril03.jpg 1080w\" sizes=\"auto, (max-width: 1024px) 100vw, 1024px\" \/><\/figure>\n\n\n\n<figure class=\"wp-block-image size-large\"><img loading=\"lazy\" decoding=\"async\" width=\"1024\" height=\"1024\" data-id=\"261186\" src=\"https:\/\/www.tucomarca.com\/wordpress\/segunda\/wp-content\/uploads\/2025\/04\/ReyesCatolicos_FeriaAbril04-1024x1024.jpg\" alt=\"\" class=\"wp-image-261186\" srcset=\"https:\/\/www.tucomarca.com\/wordpress\/segunda\/wp-content\/uploads\/2025\/04\/ReyesCatolicos_FeriaAbril04-1024x1024.jpg 1024w, https:\/\/www.tucomarca.com\/wordpress\/segunda\/wp-content\/uploads\/2025\/04\/ReyesCatolicos_FeriaAbril04-300x300.jpg 300w, https:\/\/www.tucomarca.com\/wordpress\/segunda\/wp-content\/uploads\/2025\/04\/ReyesCatolicos_FeriaAbril04-290x290.jpg 290w, https:\/\/www.tucomarca.com\/wordpress\/segunda\/wp-content\/uploads\/2025\/04\/ReyesCatolicos_FeriaAbril04-768x768.jpg 768w, https:\/\/www.tucomarca.com\/wordpress\/segunda\/wp-content\/uploads\/2025\/04\/ReyesCatolicos_FeriaAbril04.jpg 1080w\" sizes=\"auto, (max-width: 1024px) 100vw, 1024px\" \/><\/figure>\n\n\n\n<figure class=\"wp-block-image size-large\"><img loading=\"lazy\" decoding=\"async\" width=\"1024\" height=\"1024\" data-id=\"261188\" src=\"https:\/\/www.tucomarca.com\/wordpress\/segunda\/wp-content\/uploads\/2025\/04\/ReyesCatolicos_FeriaAbril05-1024x1024.jpg\" alt=\"\" class=\"wp-image-261188\" srcset=\"https:\/\/www.tucomarca.com\/wordpress\/segunda\/wp-content\/uploads\/2025\/04\/ReyesCatolicos_FeriaAbril05-1024x1024.jpg 1024w, https:\/\/www.tucomarca.com\/wordpress\/segunda\/wp-content\/uploads\/2025\/04\/ReyesCatolicos_FeriaAbril05-300x300.jpg 300w, https:\/\/www.tucomarca.com\/wordpress\/segunda\/wp-content\/uploads\/2025\/04\/ReyesCatolicos_FeriaAbril05-290x290.jpg 290w, https:\/\/www.tucomarca.com\/wordpress\/segunda\/wp-content\/uploads\/2025\/04\/ReyesCatolicos_FeriaAbril05-768x768.jpg 768w, https:\/\/www.tucomarca.com\/wordpress\/segunda\/wp-content\/uploads\/2025\/04\/ReyesCatolicos_FeriaAbril05.jpg 1080w\" sizes=\"auto, (max-width: 1024px) 100vw, 1024px\" \/><\/figure>\n\n\n\n<figure class=\"wp-block-image size-large\"><img loading=\"lazy\" decoding=\"async\" width=\"1024\" height=\"1024\" data-id=\"261190\" src=\"https:\/\/www.tucomarca.com\/wordpress\/segunda\/wp-content\/uploads\/2025\/04\/ReyesCatolicos_FeriaAbril06-1024x1024.jpg\" alt=\"\" class=\"wp-image-261190\" srcset=\"https:\/\/www.tucomarca.com\/wordpress\/segunda\/wp-content\/uploads\/2025\/04\/ReyesCatolicos_FeriaAbril06-1024x1024.jpg 1024w, https:\/\/www.tucomarca.com\/wordpress\/segunda\/wp-content\/uploads\/2025\/04\/ReyesCatolicos_FeriaAbril06-300x300.jpg 300w, https:\/\/www.tucomarca.com\/wordpress\/segunda\/wp-content\/uploads\/2025\/04\/ReyesCatolicos_FeriaAbril06-290x290.jpg 290w, https:\/\/www.tucomarca.com\/wordpress\/segunda\/wp-content\/uploads\/2025\/04\/ReyesCatolicos_FeriaAbril06-768x768.jpg 768w, https:\/\/www.tucomarca.com\/wordpress\/segunda\/wp-content\/uploads\/2025\/04\/ReyesCatolicos_FeriaAbril06.jpg 1080w\" sizes=\"auto, (max-width: 1024px) 100vw, 1024px\" \/><\/figure>\n\n\n\n<figure class=\"wp-block-image size-large\"><img loading=\"lazy\" decoding=\"async\" width=\"1024\" height=\"1024\" data-id=\"261194\" src=\"https:\/\/www.tucomarca.com\/wordpress\/segunda\/wp-content\/uploads\/2025\/04\/ReyesCatolicos_FeriaAbril08-1024x1024.jpg\" alt=\"\" class=\"wp-image-261194\" srcset=\"https:\/\/www.tucomarca.com\/wordpress\/segunda\/wp-content\/uploads\/2025\/04\/ReyesCatolicos_FeriaAbril08-1024x1024.jpg 1024w, https:\/\/www.tucomarca.com\/wordpress\/segunda\/wp-content\/uploads\/2025\/04\/ReyesCatolicos_FeriaAbril08-300x300.jpg 300w, https:\/\/www.tucomarca.com\/wordpress\/segunda\/wp-content\/uploads\/2025\/04\/ReyesCatolicos_FeriaAbril08-290x290.jpg 290w, https:\/\/www.tucomarca.com\/wordpress\/segunda\/wp-content\/uploads\/2025\/04\/ReyesCatolicos_FeriaAbril08-768x768.jpg 768w, https:\/\/www.tucomarca.com\/wordpress\/segunda\/wp-content\/uploads\/2025\/04\/ReyesCatolicos_FeriaAbril08.jpg 1080w\" sizes=\"auto, (max-width: 1024px) 100vw, 1024px\" \/><\/figure>\n<\/figure>\n","protected":false},"excerpt":{"rendered":"<div class=\"mh-excerpt\">El Paseo de San Luis de Bu\u00f1ol ser\u00e1 el escenario de un fin de semana festivo lleno de sabor, m\u00fasica y tradici\u00f3n gracias a la programaci\u00f3n especial de la Falla Reyes Cat\u00f3licos y Adyacentes, que <a class=\"mh-excerpt-more\" href=\"https:\/\/www.tucomarca.com\/wordpress\/segunda\/bunol-celebra-su-particular-feria-de-abril-con-cenas-populares-musica-en-directo-y-espiritu-andaluz-de-mano-de-la-falla-reyes-catolicos-y-adyacentes\/\" title=\"Bu\u00f1ol celebra su particular Feria de Abril con cenas populares, m\u00fasica en directo y esp\u00edritu andaluz de mano de la Falla Reyes Cat\u00f3licos y Adyacentes\">[+] <\/a><\/div>\n","protected":false},"author":12,"featured_media":261180,"comment_status":"open","ping_status":"open","sticky":false,"template":"","format":"standard","meta":{"footnotes":""},"categories":[4,18,8,10,7,3],"tags":[10385,10738,5952,15855],"class_list":{"0":"post-263318","1":"post","2":"type-post","3":"status-publish","4":"format-standard","5":"has-post-thumbnail","7":"category-agenda","8":"category-bunol","9":"category-la-comarca","10":"category-la-hoya","11":"category-ocio-y-cultura","12":"category-seccion","13":"tag-bunol","14":"tag-falla-reyes-catolicos-y-adyacentes","15":"tag-la-hoya-de-bunol-chiva","16":"tag-ocio-y-cultura"},"_links":{"self":[{"href":"https:\/\/www.tucomarca.com\/wordpress\/segunda\/wp-json\/wp\/v2\/posts\/263318","targetHints":{"allow":["GET"]}}],"collection":[{"href":"https:\/\/www.tucomarca.com\/wordpress\/segunda\/wp-json\/wp\/v2\/posts"}],"about":[{"href":"https:\/\/www.tucomarca.com\/wordpress\/segunda\/wp-json\/wp\/v2\/types\/post"}],"author":[{"embeddable":true,"href":"https:\/\/www.tucomarca.com\/wordpress\/segunda\/wp-json\/wp\/v2\/users\/12"}],"replies":[{"embeddable":true,"href":"https:\/\/www.tucomarca.com\/wordpress\/segunda\/wp-json\/wp\/v2\/comments?post=263318"}],"version-history":[{"count":0,"href":"https:\/\/www.tucomarca.com\/wordpress\/segunda\/wp-json\/wp\/v2\/posts\/263318\/revisions"}],"wp:featuredmedia":[{"embeddable":true,"href":"https:\/\/www.tucomarca.com\/wordpress\/segunda\/wp-json\/wp\/v2\/media\/261180"}],"wp:attachment":[{"href":"https:\/\/www.tucomarca.com\/wordpress\/segunda\/wp-json\/wp\/v2\/media?parent=263318"}],"wp:term":[{"taxonomy":"category","embeddable":true,"href":"https:\/\/www.tucomarca.com\/wordpress\/segunda\/wp-json\/wp\/v2\/categories?post=263318"},{"taxonomy":"post_tag","embeddable":true,"href":"https:\/\/www.tucomarca.com\/wordpress\/segunda\/wp-json\/wp\/v2\/tags?post=263318"}],"curies":[{"name":"wp","href":"https:\/\/api.w.org\/{rel}","templated":true}]}}