{"id":2634,"date":"2012-05-29T18:33:05","date_gmt":"2012-05-29T16:33:05","guid":{"rendered":"http:\/\/www.tucomarca.com\/wordpress\/segunda\/?p=2634"},"modified":"2012-05-29T21:39:05","modified_gmt":"2012-05-29T19:39:05","slug":"joaquin-martinez-se-reune-con-el-subsecretario-de-sanidad-agapito-nunez-el-director-gerente-del-hospital-la-ribera-manuel-marin-y-el-consejero-delegado-del-grupo-solimar-eugenio-perez","status":"publish","type":"post","link":"https:\/\/www.tucomarca.com\/wordpress\/segunda\/joaquin-martinez-se-reune-con-el-subsecretario-de-sanidad-agapito-nunez-el-director-gerente-del-hospital-la-ribera-manuel-marin-y-el-consejero-delegado-del-grupo-solimar-eugenio-perez\/","title":{"rendered":"Joaqu\u00edn Mart\u00ednez se reune con el subsecretario de Sanidad, Agapito N\u00fa\u00f1ez, el director gerente del Hospital La Ribera, Manuel Mar\u00edn, y el consejero delegado del grupo &#8216;Solimar&#8217;, Eugenio P\u00e9rez"},"content":{"rendered":"<figure id=\"attachment_2635\" aria-describedby=\"caption-attachment-2635\" style=\"width: 300px\" class=\"wp-caption alignleft\"><a href=\"https:\/\/www.tucomarca.com\/wordpress\/segunda\/wp-content\/uploads\/2012\/05\/reunion.jpg\"><img loading=\"lazy\" decoding=\"async\" class=\"size-medium wp-image-2635\" title=\"reunion\" src=\"https:\/\/www.tucomarca.com\/wordpress\/segunda\/wp-content\/uploads\/2012\/05\/reunion-300x225.jpg\" alt=\"Joaqu\u00edn Mart\u00ednez se ha reunido con el subsecretario de Sanidad, Agapito N\u00fa\u00f1ez, el director gerente del Hospital La Ribera, Manuel Mar\u00edn, y el consejero delegado del grupo 'Solimar', Eugenio P\u00e9rez.\" width=\"300\" height=\"225\" srcset=\"https:\/\/www.tucomarca.com\/wordpress\/segunda\/wp-content\/uploads\/2012\/05\/reunion-300x225.jpg 300w, https:\/\/www.tucomarca.com\/wordpress\/segunda\/wp-content\/uploads\/2012\/05\/reunion-1024x768.jpg 1024w, https:\/\/www.tucomarca.com\/wordpress\/segunda\/wp-content\/uploads\/2012\/05\/reunion.jpg 1600w\" sizes=\"auto, (max-width: 300px) 100vw, 300px\" \/><\/a><figcaption id=\"caption-attachment-2635\" class=\"wp-caption-text\">Joaqu\u00edn Mart\u00ednez se ha reunido con el subsecretario de Sanidad, Agapito N\u00fa\u00f1ez, el director gerente del Hospital La Ribera, Manuel Mar\u00edn, y el consejero delegado del grupo &#39;Solimar&#39;, Eugenio P\u00e9rez.<\/figcaption><\/figure>\n<p>El secretario auton\u00f3mico de Autonom\u00eda Personal y Dependencia, Joaqu\u00edn  Mart\u00ednez, se ha reunido con el subsecretario de Sanidad, Agapito N\u00fa\u00f1ez,  el director gerente del Hospital La Ribera, Manuel Mar\u00edn, y el consejero  delegado del grupo &#8216;Solimar&#8217;, Eugenio P\u00e9rez, para tratar la  coordinaci\u00f3n sociosanitaria de la Residencia para Personas Mayores  Dependientes &#8216;Solimar&#8217; de Alzira con el Hospital La Ribera.<\/p>\n<p>La residencia &#8216;Solimar&#8217; de Alzira cuenta con una Unidad de  Recuperaci\u00f3n Funcional, donde se prestan cuidados continuados  extrahospitalarios del Hospital La Ribera, con una atenci\u00f3n integral y  multidisciplinar que recoge aspectos cl\u00ednicos, familiares y del entorno  del paciente. Dispone de 12 habitaciones individuales con la misma  estructura que las habitaciones del hospital, exteriores, con ba\u00f1o  individual, cama articulada autom\u00e1tica, cama para el acompa\u00f1ante,  alarmas usuarios, televisi\u00f3n, etc.<\/p>\n<p>El secretario auton\u00f3mico de Autonom\u00eda Personal y Dependencia  ha se\u00f1alado que las personas mayores que lo necesitan \u00abse derivan a esta  unidad donde la experiencia y los conocimientos de los profesionales  que all\u00ed trabajan pueden ofrecerles cuidados especializados\u00bb.<\/p>\n<p>Asimismo, Joaqu\u00edn Mart\u00ednez ha asegurado que desde el Consell  \u00abimpulsamos actuaciones que mejoren la coordinaci\u00f3n sociosanitaria,  tan  necesaria para aumentar la calidad de vida de estas personas. Vamos a  seguir trabajando para ofrecer en los centros de la Comunitat Valenciana  la atenci\u00f3n especializada y de calidad que nuestros mayores necesitan\u00bb.<\/p>\n","protected":false},"excerpt":{"rendered":"<div class=\"mh-excerpt\">El secretario auton\u00f3mico de Autonom\u00eda Personal y Dependencia, Joaqu\u00edn Mart\u00ednez, se ha reunido con el subsecretario de Sanidad, Agapito N\u00fa\u00f1ez, el director gerente del Hospital La Ribera, Manuel Mar\u00edn, y el consejero delegado del grupo <a class=\"mh-excerpt-more\" href=\"https:\/\/www.tucomarca.com\/wordpress\/segunda\/joaquin-martinez-se-reune-con-el-subsecretario-de-sanidad-agapito-nunez-el-director-gerente-del-hospital-la-ribera-manuel-marin-y-el-consejero-delegado-del-grupo-solimar-eugenio-perez\/\" title=\"Joaqu\u00edn Mart\u00ednez se reune con el subsecretario de Sanidad, Agapito N\u00fa\u00f1ez, el director gerente del Hospital La Ribera, Manuel Mar\u00edn, y el consejero delegado del grupo &#8216;Solimar&#8217;, Eugenio P\u00e9rez\">[+] <\/a><\/div>\n","protected":false},"author":1,"featured_media":2635,"comment_status":"open","ping_status":"open","sticky":false,"template":"","format":"standard","meta":{"footnotes":""},"categories":[69,119,8,42,3],"tags":[],"class_list":{"0":"post-2634","1":"post","2":"type-post","3":"status-publish","4":"format-standard","5":"has-post-thumbnail","7":"category-alzira","8":"category-sanidad-la-comarca","9":"category-la-comarca","10":"category-la-ribera","11":"category-seccion"},"_links":{"self":[{"href":"https:\/\/www.tucomarca.com\/wordpress\/segunda\/wp-json\/wp\/v2\/posts\/2634","targetHints":{"allow":["GET"]}}],"collection":[{"href":"https:\/\/www.tucomarca.com\/wordpress\/segunda\/wp-json\/wp\/v2\/posts"}],"about":[{"href":"https:\/\/www.tucomarca.com\/wordpress\/segunda\/wp-json\/wp\/v2\/types\/post"}],"author":[{"embeddable":true,"href":"https:\/\/www.tucomarca.com\/wordpress\/segunda\/wp-json\/wp\/v2\/users\/1"}],"replies":[{"embeddable":true,"href":"https:\/\/www.tucomarca.com\/wordpress\/segunda\/wp-json\/wp\/v2\/comments?post=2634"}],"version-history":[{"count":0,"href":"https:\/\/www.tucomarca.com\/wordpress\/segunda\/wp-json\/wp\/v2\/posts\/2634\/revisions"}],"wp:featuredmedia":[{"embeddable":true,"href":"https:\/\/www.tucomarca.com\/wordpress\/segunda\/wp-json\/wp\/v2\/media\/2635"}],"wp:attachment":[{"href":"https:\/\/www.tucomarca.com\/wordpress\/segunda\/wp-json\/wp\/v2\/media?parent=2634"}],"wp:term":[{"taxonomy":"category","embeddable":true,"href":"https:\/\/www.tucomarca.com\/wordpress\/segunda\/wp-json\/wp\/v2\/categories?post=2634"},{"taxonomy":"post_tag","embeddable":true,"href":"https:\/\/www.tucomarca.com\/wordpress\/segunda\/wp-json\/wp\/v2\/tags?post=2634"}],"curies":[{"name":"wp","href":"https:\/\/api.w.org\/{rel}","templated":true}]}}