{"id":263467,"date":"2025-04-28T09:00:00","date_gmt":"2025-04-28T07:00:00","guid":{"rendered":"https:\/\/www.tucomarca.com\/wordpress\/segunda\/?p=263467"},"modified":"2025-04-28T12:30:01","modified_gmt":"2025-04-28T10:30:01","slug":"el-hospital-de-manises-celebra-el-primer-curso-avalado-por-la-eves-en-cuidados-de-enfermeros-del-paciente-oncohematologico","status":"publish","type":"post","link":"https:\/\/www.tucomarca.com\/wordpress\/segunda\/el-hospital-de-manises-celebra-el-primer-curso-avalado-por-la-eves-en-cuidados-de-enfermeros-del-paciente-oncohematologico\/","title":{"rendered":"El hospital de Manises celebra el primer curso avalado por la EVES en cuidados de enfermeros del paciente oncohematol\u00f3gico"},"content":{"rendered":"\n<h3 class=\"wp-block-heading\">Los docentes son profesionales de diversas categor\u00edas y especialidades: Hematolog\u00eda, Oncolog\u00eda, Hospital de D\u00eda, Servicio de Transfusi\u00f3n y Farmacia y Unidad de Hospitalizaci\u00f3n a Domicilio.<\/h3>\n\n\n\n<h3 class=\"wp-block-heading\">Es el primero de los 17 cursos del Plan de Formaci\u00f3n Continua de la EVES para el departamento de salud de Manises.<\/h3>\n\n\n\n<p>El Departamento de Salud de Manises ha inaugurado el primer curso de formaci\u00f3n continuada avalado Escuela Valenciana de Estudios de la Salud (EVES) para este a\u00f1o acad\u00e9mico. El curso, dirigido a personal enfermero, cuenta con la participaci\u00f3n docente de profesionales de diversas categor\u00edas y servicios como Hematolog\u00eda, Oncolog\u00eda, Hospital de D\u00eda, Servicio de Transfusi\u00f3n, Farmacia y Unidad de Hospitalizaci\u00f3n a Domicilio.<\/p>\n\n\n\n<p>El programa formativo tiene como objetivo mejorar la capacitaci\u00f3n enfermera con un enfoque integral, tanto en el \u00e1mbito hospitalarios como en la atenci\u00f3n el Hospital de D\u00eda. De este modo, se persigue optimizar los procesos asistenciales e incrementar la calidad del servicio prestado, sin olvidar la satisfacci\u00f3n del paciente; as\u00ed como la de sus familiares y\/o cuidadores.<\/p>\n\n\n\n<p>Durante el curso, se abordan tambi\u00e9n el manejo de las complicaciones m\u00e1s frecuentes; as\u00ed como la elaboraci\u00f3n normalizada de planes de trabajo a partir de los conocimientos adquiridos.<\/p>\n\n\n\n<p>La formaci\u00f3n tendr\u00e1 una duraci\u00f3n de 34 horas, entre contenidos te\u00f3ricos y pr\u00e1cticos en los \u00e1mbitos de hospitalizaci\u00f3n y Hospital de D\u00eda.&nbsp; Tambi\u00e9n se imparte en dos grupos de quince profesionales para potenciar la asimilaci\u00f3n de contenidos.<\/p>\n\n\n\n<p>La jornada de apertura ha reunido a los 30 profesionales participantes y los cerca de 15 docentes. Adem\u00e1s, han asistido la gerente del Departamento de Salud de Manises, Beatriz G\u00f3mez Garc\u00eda, y el director de Formaci\u00f3n y Docencia, Manuel Tejeda Adell.<\/p>\n\n\n\n<p>Durante el acto inaugural, la gerente ha destacado la idoneidad de este curso, subrayando que \u201cencaja plenamente con el prop\u00f3sito y la misi\u00f3n del departamento: cuidar de la salud desde la calidad y la profesionalidad, con eficiencia y con el merecido respeto a la condici\u00f3n humana\u201d.<\/p>\n\n\n\n<p>El Departamento de Salud de Manises da cobertura y asistencia sanitaria, tanto ambulatoria como domiciliaria a 208.974 personas de 14 localidades a trav\u00e9s del Hospital de Manises, 9 centros de salud, 11 consultorios auxiliares, 2 centros de especialidades, 1 centro de salud integrado, el Hospital de Agudos de Manises y el Hospital de Cr\u00f3nicos de Mislata.<\/p>\n","protected":false},"excerpt":{"rendered":"<div class=\"mh-excerpt\">Los docentes son profesionales de diversas categor\u00edas y especialidades: Hematolog\u00eda, Oncolog\u00eda, Hospital de D\u00eda, Servicio de Transfusi\u00f3n y Farmacia y Unidad de Hospitalizaci\u00f3n a Domicilio. Es el primero de los 17 cursos del Plan de <a class=\"mh-excerpt-more\" href=\"https:\/\/www.tucomarca.com\/wordpress\/segunda\/el-hospital-de-manises-celebra-el-primer-curso-avalado-por-la-eves-en-cuidados-de-enfermeros-del-paciente-oncohematologico\/\" title=\"El hospital de Manises celebra el primer curso avalado por la EVES en cuidados de enfermeros del paciente oncohematol\u00f3gico\">[+] <\/a><\/div>\n","protected":false},"author":12,"featured_media":263471,"comment_status":"open","ping_status":"open","sticky":false,"template":"","format":"standard","meta":{"footnotes":""},"categories":[46,119,128,8,10,42,3],"tags":[10635,136],"class_list":{"0":"post-263467","1":"post","2":"type-post","3":"status-publish","4":"format-standard","5":"has-post-thumbnail","7":"category-camp-de-turia","8":"category-sanidad-la-comarca","9":"category-infraestructuras","10":"category-la-comarca","11":"category-la-hoya","12":"category-la-ribera","13":"category-seccion","14":"tag-conselleria-de-sanitat","15":"tag-hospital-de-manises"},"_links":{"self":[{"href":"https:\/\/www.tucomarca.com\/wordpress\/segunda\/wp-json\/wp\/v2\/posts\/263467","targetHints":{"allow":["GET"]}}],"collection":[{"href":"https:\/\/www.tucomarca.com\/wordpress\/segunda\/wp-json\/wp\/v2\/posts"}],"about":[{"href":"https:\/\/www.tucomarca.com\/wordpress\/segunda\/wp-json\/wp\/v2\/types\/post"}],"author":[{"embeddable":true,"href":"https:\/\/www.tucomarca.com\/wordpress\/segunda\/wp-json\/wp\/v2\/users\/12"}],"replies":[{"embeddable":true,"href":"https:\/\/www.tucomarca.com\/wordpress\/segunda\/wp-json\/wp\/v2\/comments?post=263467"}],"version-history":[{"count":0,"href":"https:\/\/www.tucomarca.com\/wordpress\/segunda\/wp-json\/wp\/v2\/posts\/263467\/revisions"}],"wp:featuredmedia":[{"embeddable":true,"href":"https:\/\/www.tucomarca.com\/wordpress\/segunda\/wp-json\/wp\/v2\/media\/263471"}],"wp:attachment":[{"href":"https:\/\/www.tucomarca.com\/wordpress\/segunda\/wp-json\/wp\/v2\/media?parent=263467"}],"wp:term":[{"taxonomy":"category","embeddable":true,"href":"https:\/\/www.tucomarca.com\/wordpress\/segunda\/wp-json\/wp\/v2\/categories?post=263467"},{"taxonomy":"post_tag","embeddable":true,"href":"https:\/\/www.tucomarca.com\/wordpress\/segunda\/wp-json\/wp\/v2\/tags?post=263467"}],"curies":[{"name":"wp","href":"https:\/\/api.w.org\/{rel}","templated":true}]}}