{"id":263676,"date":"2025-04-29T09:58:00","date_gmt":"2025-04-29T07:58:00","guid":{"rendered":"https:\/\/www.tucomarca.com\/wordpress\/segunda\/?p=263676"},"modified":"2025-04-29T13:35:42","modified_gmt":"2025-04-29T11:35:42","slug":"un-incendio-en-una-empresa-alimentaria-de-benifaio-coincide-con-las-horas-mas-criticas-del-apagon-electrico","status":"publish","type":"post","link":"https:\/\/www.tucomarca.com\/wordpress\/segunda\/un-incendio-en-una-empresa-alimentaria-de-benifaio-coincide-con-las-horas-mas-criticas-del-apagon-electrico\/","title":{"rendered":"Un incendio en una empresa alimentaria de Benifai\u00f3 coincide con las horas m\u00e1s cr\u00edticas del apag\u00f3n el\u00e9ctrico"},"content":{"rendered":"\n<p>Durante las horas m\u00e1s cr\u00edticas del gran apag\u00f3n el\u00e9ctrico que afect\u00f3 este lunes a toda la Pen\u00ednsula Ib\u00e9rica, los Bomberos del Consorcio Provincial de Valencia tuvieron que intervenir en varios incidentes, entre ellos un incendio declarado en una empresa alimentaria de Benifai\u00f3.<\/p>\n\n\n\n<p>El fuego se origin\u00f3 en una zona de secado de la instalaci\u00f3n industrial, generando una situaci\u00f3n de riesgo adicional en pleno corte de suministro el\u00e9ctrico. Hasta el lugar se desplazaron tres dotaciones de bomberos procedentes de los parques de Alzira, Silla y Torrent, as\u00ed como varios sargentos para coordinar las labores de extinci\u00f3n.<\/p>\n\n\n\n<p>Gracias a la r\u00e1pida actuaci\u00f3n del cuerpo de bomberos, el incendio pudo ser controlado sin que se reportaran heridos. Las autoridades est\u00e1n evaluando los da\u00f1os materiales y no se descarta que el apag\u00f3n pudiera haber influido en el origen del incidente, aunque las causas a\u00fan se est\u00e1n investigando.<\/p>\n\n\n\n<p>El Consorcio de Bomberos ha destacado la complejidad de atender emergencias en un contexto de apag\u00f3n generalizado, donde las comunicaciones y los sistemas de seguridad autom\u00e1ticos pueden fallar o verse comprometidos.<\/p>\n\n\n\n<figure class=\"wp-block-gallery has-nested-images columns-default is-cropped wp-block-gallery-1 is-layout-flex wp-block-gallery-is-layout-flex\">\n<figure class=\"wp-block-image size-large\"><img loading=\"lazy\" decoding=\"async\" width=\"1024\" height=\"1024\" data-id=\"263687\" src=\"https:\/\/www.tucomarca.com\/wordpress\/segunda\/wp-content\/uploads\/2025\/04\/Benifaio_Incendio02-1024x1024.jpeg\" alt=\"\" class=\"wp-image-263687\" srcset=\"https:\/\/www.tucomarca.com\/wordpress\/segunda\/wp-content\/uploads\/2025\/04\/Benifaio_Incendio02-1024x1024.jpeg 1024w, https:\/\/www.tucomarca.com\/wordpress\/segunda\/wp-content\/uploads\/2025\/04\/Benifaio_Incendio02-300x300.jpeg 300w, https:\/\/www.tucomarca.com\/wordpress\/segunda\/wp-content\/uploads\/2025\/04\/Benifaio_Incendio02-290x290.jpeg 290w, https:\/\/www.tucomarca.com\/wordpress\/segunda\/wp-content\/uploads\/2025\/04\/Benifaio_Incendio02-768x768.jpeg 768w, https:\/\/www.tucomarca.com\/wordpress\/segunda\/wp-content\/uploads\/2025\/04\/Benifaio_Incendio02-1536x1536.jpeg 1536w, https:\/\/www.tucomarca.com\/wordpress\/segunda\/wp-content\/uploads\/2025\/04\/Benifaio_Incendio02.jpeg 1920w\" sizes=\"auto, (max-width: 1024px) 100vw, 1024px\" \/><\/figure>\n\n\n\n<figure class=\"wp-block-image size-large\"><img loading=\"lazy\" decoding=\"async\" width=\"1024\" height=\"1024\" data-id=\"263685\" src=\"https:\/\/www.tucomarca.com\/wordpress\/segunda\/wp-content\/uploads\/2025\/04\/Benifaio_Incendio01-1024x1024.jpeg\" alt=\"\" class=\"wp-image-263685\" srcset=\"https:\/\/www.tucomarca.com\/wordpress\/segunda\/wp-content\/uploads\/2025\/04\/Benifaio_Incendio01-1024x1024.jpeg 1024w, https:\/\/www.tucomarca.com\/wordpress\/segunda\/wp-content\/uploads\/2025\/04\/Benifaio_Incendio01-300x300.jpeg 300w, https:\/\/www.tucomarca.com\/wordpress\/segunda\/wp-content\/uploads\/2025\/04\/Benifaio_Incendio01-290x290.jpeg 290w, https:\/\/www.tucomarca.com\/wordpress\/segunda\/wp-content\/uploads\/2025\/04\/Benifaio_Incendio01-768x768.jpeg 768w, https:\/\/www.tucomarca.com\/wordpress\/segunda\/wp-content\/uploads\/2025\/04\/Benifaio_Incendio01-1536x1536.jpeg 1536w, https:\/\/www.tucomarca.com\/wordpress\/segunda\/wp-content\/uploads\/2025\/04\/Benifaio_Incendio01.jpeg 1920w\" sizes=\"auto, (max-width: 1024px) 100vw, 1024px\" \/><\/figure>\n<\/figure>\n","protected":false},"excerpt":{"rendered":"<div class=\"mh-excerpt\">Durante las horas m\u00e1s cr\u00edticas del gran apag\u00f3n el\u00e9ctrico que afect\u00f3 este lunes a toda la Pen\u00ednsula Ib\u00e9rica, los Bomberos del Consorcio Provincial de Valencia tuvieron que intervenir en varios incidentes, entre ellos un incendio <a class=\"mh-excerpt-more\" href=\"https:\/\/www.tucomarca.com\/wordpress\/segunda\/un-incendio-en-una-empresa-alimentaria-de-benifaio-coincide-con-las-horas-mas-criticas-del-apagon-electrico\/\" title=\"Un incendio en una empresa alimentaria de Benifai\u00f3 coincide con las horas m\u00e1s cr\u00edticas del apag\u00f3n el\u00e9ctrico\">[+] <\/a><\/div>\n","protected":false},"author":13,"featured_media":263689,"comment_status":"open","ping_status":"open","sticky":false,"template":"","format":"gallery","meta":{"footnotes":""},"categories":[267,128,8,42,117,142,3,116,45],"tags":[10460,20341,3640],"class_list":{"0":"post-263676","1":"post","2":"type-post","3":"status-publish","4":"format-gallery","5":"has-post-thumbnail","7":"category-benifaio","8":"category-infraestructuras","9":"category-la-comarca","10":"category-la-ribera","11":"category-medio-ambiente-la-comarca","12":"category-politica-la-comarca","13":"category-seccion","14":"category-sucesos-la-comarca","15":"category-ventana","16":"tag-benifaio","17":"tag-bomberos-consorcio-provincial-de-bomberos-de-valencia","18":"tag-la-ribera-alta","19":"post_format-post-format-gallery"},"_links":{"self":[{"href":"https:\/\/www.tucomarca.com\/wordpress\/segunda\/wp-json\/wp\/v2\/posts\/263676","targetHints":{"allow":["GET"]}}],"collection":[{"href":"https:\/\/www.tucomarca.com\/wordpress\/segunda\/wp-json\/wp\/v2\/posts"}],"about":[{"href":"https:\/\/www.tucomarca.com\/wordpress\/segunda\/wp-json\/wp\/v2\/types\/post"}],"author":[{"embeddable":true,"href":"https:\/\/www.tucomarca.com\/wordpress\/segunda\/wp-json\/wp\/v2\/users\/13"}],"replies":[{"embeddable":true,"href":"https:\/\/www.tucomarca.com\/wordpress\/segunda\/wp-json\/wp\/v2\/comments?post=263676"}],"version-history":[{"count":0,"href":"https:\/\/www.tucomarca.com\/wordpress\/segunda\/wp-json\/wp\/v2\/posts\/263676\/revisions"}],"wp:featuredmedia":[{"embeddable":true,"href":"https:\/\/www.tucomarca.com\/wordpress\/segunda\/wp-json\/wp\/v2\/media\/263689"}],"wp:attachment":[{"href":"https:\/\/www.tucomarca.com\/wordpress\/segunda\/wp-json\/wp\/v2\/media?parent=263676"}],"wp:term":[{"taxonomy":"category","embeddable":true,"href":"https:\/\/www.tucomarca.com\/wordpress\/segunda\/wp-json\/wp\/v2\/categories?post=263676"},{"taxonomy":"post_tag","embeddable":true,"href":"https:\/\/www.tucomarca.com\/wordpress\/segunda\/wp-json\/wp\/v2\/tags?post=263676"}],"curies":[{"name":"wp","href":"https:\/\/api.w.org\/{rel}","templated":true}]}}