{"id":263704,"date":"2025-04-30T10:00:00","date_gmt":"2025-04-30T08:00:00","guid":{"rendered":"https:\/\/www.tucomarca.com\/wordpress\/segunda\/?p=263704"},"modified":"2025-04-30T13:29:01","modified_gmt":"2025-04-30T11:29:01","slug":"turis-celebra-su-feria-de-comercio-este-proximo-fin-de-semana","status":"publish","type":"post","link":"https:\/\/www.tucomarca.com\/wordpress\/segunda\/turis-celebra-su-feria-de-comercio-este-proximo-fin-de-semana\/","title":{"rendered":"Tur\u00eds celebra su Feria de Comercio este pr\u00f3ximo fin de semana"},"content":{"rendered":"\n<p>Este fin de semana, Tur\u00eds acoge una nueva edici\u00f3n de su esperada <strong>Feria de Comercio<\/strong>, un evento que celebra ya su vig\u00e9sima edici\u00f3n y que reunir\u00e1 a comercios, asociaciones y vecinos en un ambiente festivo y familiar.<\/p>\n\n\n<div class=\"wp-block-image\">\n<figure class=\"alignleft size-large is-resized\"><img loading=\"lazy\" decoding=\"async\" width=\"724\" height=\"1024\" src=\"https:\/\/www.tucomarca.com\/wordpress\/segunda\/wp-content\/uploads\/2025\/04\/FeriaTuris25-724x1024.png\" alt=\"\" class=\"wp-image-263717\" style=\"width:442px;height:auto\" srcset=\"https:\/\/www.tucomarca.com\/wordpress\/segunda\/wp-content\/uploads\/2025\/04\/FeriaTuris25-724x1024.png 724w, https:\/\/www.tucomarca.com\/wordpress\/segunda\/wp-content\/uploads\/2025\/04\/FeriaTuris25-212x300.png 212w, https:\/\/www.tucomarca.com\/wordpress\/segunda\/wp-content\/uploads\/2025\/04\/FeriaTuris25-768x1086.png 768w, https:\/\/www.tucomarca.com\/wordpress\/segunda\/wp-content\/uploads\/2025\/04\/FeriaTuris25-1086x1536.png 1086w, https:\/\/www.tucomarca.com\/wordpress\/segunda\/wp-content\/uploads\/2025\/04\/FeriaTuris25-1448x2048.png 1448w, https:\/\/www.tucomarca.com\/wordpress\/segunda\/wp-content\/uploads\/2025\/04\/FeriaTuris25.png 1587w\" sizes=\"auto, (max-width: 724px) 100vw, 724px\" \/><\/figure>\n<\/div>\n\n\n<p>La feria abrir\u00e1 sus puertas los d\u00edas <strong>s\u00e1bado 3 y domingo 4 de mayo<\/strong>, con un horario de 10:00 a 14:00 h por la ma\u00f1ana y de 18:00 a 21:00 h por la tarde, en el recinto ferial habitual. Adem\u00e1s, el viernes 2 de mayo a las 19:30 h tendr\u00e1 lugar la inauguraci\u00f3n oficial, a cargo de la Reina de las Fiestas, Natalia Soler Morcillo, y su Corte de Honor, con la presencia de la Diputada de Hacienda, Laura S\u00e1ez Mart\u00ednez.<\/p>\n\n\n\n<p>Durante el fin de semana, los visitantes podr\u00e1n disfrutar de numerosas actividades culturales y de ocio. El s\u00e1bado al mediod\u00eda, los m\u00e1s peque\u00f1os tendr\u00e1n una cita con el teatro infantil <em>\u201cPippi Calzaslargas\u201d<\/em>, y por la tarde, el espect\u00e1culo musical <em>\u201cDoble o nada\u201d<\/em> ofrecer\u00e1 un vibrante tributo a las d\u00e9cadas de los 80, 90 y 2000.<\/p>\n\n\n\n<p>El domingo por la ma\u00f1ana, los amantes del motor podr\u00e1n disfrutar de una exhibici\u00f3n de coches y motos cl\u00e1sicas de los a\u00f1os sesenta. Ya por la tarde, la Asociaci\u00f3n de Comercios celebrar\u00e1 una rifa a las 20:30 h, antes de la clausura oficial de la feria prevista para las 21:30 h.<\/p>\n\n\n\n<p>Durante toda la feria, las comisiones falleras de Tur\u00eds colaborar\u00e1n ofreciendo talleres y animaci\u00f3n para ni\u00f1os y ni\u00f1as, reforzando el car\u00e1cter participativo y familiar del evento.<\/p>\n\n\n\n<p>Con una variada oferta comercial, cultural y de ocio, la Feria de Comercio de Tur\u00eds se consolida como uno de los eventos m\u00e1s destacados del calendario local.<\/p>\n","protected":false},"excerpt":{"rendered":"<div class=\"mh-excerpt\">Este fin de semana, Tur\u00eds acoge una nueva edici\u00f3n de su esperada Feria de Comercio, un evento que celebra ya su vig\u00e9sima edici\u00f3n y que reunir\u00e1 a comercios, asociaciones y vecinos en un ambiente festivo <a class=\"mh-excerpt-more\" href=\"https:\/\/www.tucomarca.com\/wordpress\/segunda\/turis-celebra-su-feria-de-comercio-este-proximo-fin-de-semana\/\" title=\"Tur\u00eds celebra su Feria de Comercio este pr\u00f3ximo fin de semana\">[+] <\/a><\/div>\n","protected":false},"author":12,"featured_media":263717,"comment_status":"open","ping_status":"open","sticky":false,"template":"","format":"standard","meta":{"footnotes":""},"categories":[4,8,42,7,3,43],"tags":[10493,1407,22236],"class_list":{"0":"post-263704","1":"post","2":"type-post","3":"status-publish","4":"format-standard","5":"has-post-thumbnail","7":"category-agenda","8":"category-la-comarca","9":"category-la-ribera","10":"category-ocio-y-cultura","11":"category-seccion","12":"category-turis","13":"tag-feria-de-comercio","14":"tag-ribera-alta","15":"tag-xx-fira-turis"},"_links":{"self":[{"href":"https:\/\/www.tucomarca.com\/wordpress\/segunda\/wp-json\/wp\/v2\/posts\/263704","targetHints":{"allow":["GET"]}}],"collection":[{"href":"https:\/\/www.tucomarca.com\/wordpress\/segunda\/wp-json\/wp\/v2\/posts"}],"about":[{"href":"https:\/\/www.tucomarca.com\/wordpress\/segunda\/wp-json\/wp\/v2\/types\/post"}],"author":[{"embeddable":true,"href":"https:\/\/www.tucomarca.com\/wordpress\/segunda\/wp-json\/wp\/v2\/users\/12"}],"replies":[{"embeddable":true,"href":"https:\/\/www.tucomarca.com\/wordpress\/segunda\/wp-json\/wp\/v2\/comments?post=263704"}],"version-history":[{"count":0,"href":"https:\/\/www.tucomarca.com\/wordpress\/segunda\/wp-json\/wp\/v2\/posts\/263704\/revisions"}],"wp:featuredmedia":[{"embeddable":true,"href":"https:\/\/www.tucomarca.com\/wordpress\/segunda\/wp-json\/wp\/v2\/media\/263717"}],"wp:attachment":[{"href":"https:\/\/www.tucomarca.com\/wordpress\/segunda\/wp-json\/wp\/v2\/media?parent=263704"}],"wp:term":[{"taxonomy":"category","embeddable":true,"href":"https:\/\/www.tucomarca.com\/wordpress\/segunda\/wp-json\/wp\/v2\/categories?post=263704"},{"taxonomy":"post_tag","embeddable":true,"href":"https:\/\/www.tucomarca.com\/wordpress\/segunda\/wp-json\/wp\/v2\/tags?post=263704"}],"curies":[{"name":"wp","href":"https:\/\/api.w.org\/{rel}","templated":true}]}}