{"id":263834,"date":"2025-04-30T10:20:00","date_gmt":"2025-04-30T08:20:00","guid":{"rendered":"https:\/\/www.tucomarca.com\/wordpress\/segunda\/?p=263834"},"modified":"2025-04-30T19:53:36","modified_gmt":"2025-04-30T17:53:36","slug":"por-una-godelleta-mas-sostenible-la-primera-escuela-de-pascua-medioambiental-del-municipio","status":"publish","type":"post","link":"https:\/\/www.tucomarca.com\/wordpress\/segunda\/por-una-godelleta-mas-sostenible-la-primera-escuela-de-pascua-medioambiental-del-municipio\/","title":{"rendered":"\u201cPor una Godelleta m\u00e1s sostenible\u201d: la primera escuela de Pascua medioambiental del municipio"},"content":{"rendered":"\n<h3 class=\"wp-block-heading\">La iniciativa se ha llevado a cabo en la Escuela de Educaci\u00f3n Ambiental Bosco de Godelleta, a trav\u00e9s de la subvenci\u00f3n para la conciliaci\u00f3n familiar de la Conselleria de Educaci\u00f3n, Cultura, Universidades y Empleo.<\/h3>\n\n\n\n<h3 class=\"wp-block-heading\">Ha tenido lugar del 22 al 25 de abril con diversas actividades din\u00e1micas dirigidas a adolescentes, para que pudieran conectar con el entorno natural del t\u00e9rmino municipal.<\/h3>\n\n\n\n<p>Godelleta ha finalizado la primera edici\u00f3n de la escuela de pascua medioambiental \u201cPor una Godelleta m\u00e1s sostenible\u201d, realizada en la Escuela de Educaci\u00f3n Ambiental Bosco de Godelleta del 22 al 25 de abril. Una iniciativa gestionada a trav\u00e9s de una subvenci\u00f3n para la conciliaci\u00f3n familiar de la Conselleria de Educaci\u00f3n, Cultura, Universidades y Empleo, cubriendo el servicio de conciliaci\u00f3n en edades de 12 a 18 a\u00f1os.<\/p>\n\n\n\n<p>En la escuela finalmente participaron 12 personas de entre 12 y 16 a\u00f1os. \u201cEs un proyecto totalmente nuevo y para edades m\u00e1s complicadas. Esperamos que viendo todo lo que han hecho y lo bien que lo han pasado, se animen el pr\u00f3ximo a\u00f1o pudiendo ampliar tambi\u00e9n a partir de los 10\u201d, afirma&nbsp; Paqui Rico L\u00e1zaro, concejala de Educaci\u00f3n, Cultura, Fiestas y Servicios Municipales, ya que el objetivo ha sido poner a disposici\u00f3n iniciativas para adolescentes durante la \u00e9poca festiva con un enfoque sostenible.<\/p>\n\n\n\n<p>Han realizado diferentes actividades como talleres abordando la situaci\u00f3n actual de la DANA, excursiones al barranco del Murtal, pr\u00e1cticas en laboratorios como la elaboraci\u00f3n de jabones reciclando aceite de cocina y estudiando el concepto de acidez. A trav\u00e9s de diferentes juegos al aire libre en el espacio que ofrece esta escuela, se ha incentivado el an\u00e1lisis y estudio de la problem\u00e1tica ambiental.<\/p>\n\n\n\n<p>\u201cGodelleta es un pueblo agricultor con un t\u00e9rmino que aglutina muchas zonas verdes que se han visto afectadas por la riada, por lo que es importante concienciar a la gente joven sobre el cuidado y preservaci\u00f3n de nuestro entorno\u201d, a\u00f1ade Amparo Pardo, alcaldesa de Godelleta, como uno de los objetivos de esta iniciativa.<\/p>\n\n\n\n<p>En esta l\u00ednea, se analiz\u00f3 el t\u00e9rmino para conocer los parajes naturales y lo que Godelleta tiene para ofrecer. Tambi\u00e9n se desarrollaron actividades como el an\u00e1lisis del agua, talleres de sensibilizaci\u00f3n de los micropl\u00e1sticos o la importancia de la reforestaci\u00f3n tras los incendios forestales.<\/p>\n\n\n\n<p>Una programaci\u00f3n que se compagin\u00f3 con tiempo libre para disfrutar al completo de la naturaleza y la oportunidad de conocer este lugar: \u201cSe ha garantizado que sean actividades din\u00e1micas y que puedan divertirse mientras se educa en valores tan importantes como el compa\u00f1erismo y el cuidado de nuestros parajes. Ha sido una oportunidad en la que pudieron alejarse de los dispositivos m\u00f3viles para acercar la mirada a lo que nos rodea\u201d, concluye la concejala Paqui Rico.<\/p>\n\n\n\n<figure class=\"wp-block-gallery has-nested-images columns-2 is-cropped wp-block-gallery-1 is-layout-flex wp-block-gallery-is-layout-flex\">\n<figure class=\"wp-block-image size-large\"><img loading=\"lazy\" decoding=\"async\" width=\"768\" height=\"1024\" data-id=\"263835\" src=\"https:\/\/www.tucomarca.com\/wordpress\/segunda\/wp-content\/uploads\/2025\/04\/Goodelleta_EscuelaMedioambiental01-768x1024.jpg\" alt=\"\" class=\"wp-image-263835\" srcset=\"https:\/\/www.tucomarca.com\/wordpress\/segunda\/wp-content\/uploads\/2025\/04\/Goodelleta_EscuelaMedioambiental01-768x1024.jpg 768w, https:\/\/www.tucomarca.com\/wordpress\/segunda\/wp-content\/uploads\/2025\/04\/Goodelleta_EscuelaMedioambiental01-225x300.jpg 225w, https:\/\/www.tucomarca.com\/wordpress\/segunda\/wp-content\/uploads\/2025\/04\/Goodelleta_EscuelaMedioambiental01-1152x1536.jpg 1152w, https:\/\/www.tucomarca.com\/wordpress\/segunda\/wp-content\/uploads\/2025\/04\/Goodelleta_EscuelaMedioambiental01.jpg 1200w\" sizes=\"auto, (max-width: 768px) 100vw, 768px\" \/><\/figure>\n\n\n\n<figure class=\"wp-block-image size-large\"><img loading=\"lazy\" decoding=\"async\" width=\"768\" height=\"1024\" data-id=\"263837\" src=\"https:\/\/www.tucomarca.com\/wordpress\/segunda\/wp-content\/uploads\/2025\/04\/Goodelleta_EscuelaMedioambiental02-768x1024.jpg\" alt=\"\" class=\"wp-image-263837\" srcset=\"https:\/\/www.tucomarca.com\/wordpress\/segunda\/wp-content\/uploads\/2025\/04\/Goodelleta_EscuelaMedioambiental02-768x1024.jpg 768w, https:\/\/www.tucomarca.com\/wordpress\/segunda\/wp-content\/uploads\/2025\/04\/Goodelleta_EscuelaMedioambiental02-225x300.jpg 225w, https:\/\/www.tucomarca.com\/wordpress\/segunda\/wp-content\/uploads\/2025\/04\/Goodelleta_EscuelaMedioambiental02-1152x1536.jpg 1152w, https:\/\/www.tucomarca.com\/wordpress\/segunda\/wp-content\/uploads\/2025\/04\/Goodelleta_EscuelaMedioambiental02.jpg 1200w\" sizes=\"auto, (max-width: 768px) 100vw, 768px\" \/><\/figure>\n\n\n\n<figure class=\"wp-block-image size-large\"><img loading=\"lazy\" decoding=\"async\" width=\"768\" height=\"1024\" data-id=\"263839\" src=\"https:\/\/www.tucomarca.com\/wordpress\/segunda\/wp-content\/uploads\/2025\/04\/Goodelleta_EscuelaMedioambiental03-768x1024.jpg\" alt=\"\" class=\"wp-image-263839\" srcset=\"https:\/\/www.tucomarca.com\/wordpress\/segunda\/wp-content\/uploads\/2025\/04\/Goodelleta_EscuelaMedioambiental03-768x1024.jpg 768w, https:\/\/www.tucomarca.com\/wordpress\/segunda\/wp-content\/uploads\/2025\/04\/Goodelleta_EscuelaMedioambiental03-225x300.jpg 225w, https:\/\/www.tucomarca.com\/wordpress\/segunda\/wp-content\/uploads\/2025\/04\/Goodelleta_EscuelaMedioambiental03-1152x1536.jpg 1152w, https:\/\/www.tucomarca.com\/wordpress\/segunda\/wp-content\/uploads\/2025\/04\/Goodelleta_EscuelaMedioambiental03.jpg 1536w\" sizes=\"auto, (max-width: 768px) 100vw, 768px\" \/><\/figure>\n\n\n\n<figure class=\"wp-block-image size-large\"><img loading=\"lazy\" decoding=\"async\" width=\"768\" height=\"1024\" data-id=\"263841\" src=\"https:\/\/www.tucomarca.com\/wordpress\/segunda\/wp-content\/uploads\/2025\/04\/Goodelleta_EscuelaMedioambiental04-768x1024.jpg\" alt=\"\" class=\"wp-image-263841\" srcset=\"https:\/\/www.tucomarca.com\/wordpress\/segunda\/wp-content\/uploads\/2025\/04\/Goodelleta_EscuelaMedioambiental04-768x1024.jpg 768w, https:\/\/www.tucomarca.com\/wordpress\/segunda\/wp-content\/uploads\/2025\/04\/Goodelleta_EscuelaMedioambiental04-225x300.jpg 225w, https:\/\/www.tucomarca.com\/wordpress\/segunda\/wp-content\/uploads\/2025\/04\/Goodelleta_EscuelaMedioambiental04-1152x1536.jpg 1152w, https:\/\/www.tucomarca.com\/wordpress\/segunda\/wp-content\/uploads\/2025\/04\/Goodelleta_EscuelaMedioambiental04.jpg 1536w\" sizes=\"auto, (max-width: 768px) 100vw, 768px\" \/><\/figure>\n\n\n\n<figure class=\"wp-block-image size-large\"><img loading=\"lazy\" decoding=\"async\" width=\"768\" height=\"1024\" data-id=\"263843\" src=\"https:\/\/www.tucomarca.com\/wordpress\/segunda\/wp-content\/uploads\/2025\/04\/Goodelleta_EscuelaMedioambiental05-768x1024.jpg\" alt=\"\" class=\"wp-image-263843\" srcset=\"https:\/\/www.tucomarca.com\/wordpress\/segunda\/wp-content\/uploads\/2025\/04\/Goodelleta_EscuelaMedioambiental05-768x1024.jpg 768w, https:\/\/www.tucomarca.com\/wordpress\/segunda\/wp-content\/uploads\/2025\/04\/Goodelleta_EscuelaMedioambiental05-225x300.jpg 225w, https:\/\/www.tucomarca.com\/wordpress\/segunda\/wp-content\/uploads\/2025\/04\/Goodelleta_EscuelaMedioambiental05-1152x1536.jpg 1152w, https:\/\/www.tucomarca.com\/wordpress\/segunda\/wp-content\/uploads\/2025\/04\/Goodelleta_EscuelaMedioambiental05.jpg 1200w\" sizes=\"auto, (max-width: 768px) 100vw, 768px\" \/><\/figure>\n\n\n\n<figure class=\"wp-block-image size-large\"><img loading=\"lazy\" decoding=\"async\" width=\"768\" height=\"1024\" data-id=\"263845\" src=\"https:\/\/www.tucomarca.com\/wordpress\/segunda\/wp-content\/uploads\/2025\/04\/Goodelleta_EscuelaMedioambiental06-768x1024.jpg\" alt=\"\" class=\"wp-image-263845\" srcset=\"https:\/\/www.tucomarca.com\/wordpress\/segunda\/wp-content\/uploads\/2025\/04\/Goodelleta_EscuelaMedioambiental06-768x1024.jpg 768w, https:\/\/www.tucomarca.com\/wordpress\/segunda\/wp-content\/uploads\/2025\/04\/Goodelleta_EscuelaMedioambiental06-225x300.jpg 225w, https:\/\/www.tucomarca.com\/wordpress\/segunda\/wp-content\/uploads\/2025\/04\/Goodelleta_EscuelaMedioambiental06-1152x1536.jpg 1152w, https:\/\/www.tucomarca.com\/wordpress\/segunda\/wp-content\/uploads\/2025\/04\/Goodelleta_EscuelaMedioambiental06.jpg 1200w\" sizes=\"auto, (max-width: 768px) 100vw, 768px\" \/><\/figure>\n\n\n\n<figure class=\"wp-block-image size-large\"><img loading=\"lazy\" decoding=\"async\" width=\"768\" height=\"1024\" data-id=\"263847\" src=\"https:\/\/www.tucomarca.com\/wordpress\/segunda\/wp-content\/uploads\/2025\/04\/Goodelleta_EscuelaMedioambiental07-768x1024.jpg\" alt=\"\" class=\"wp-image-263847\" srcset=\"https:\/\/www.tucomarca.com\/wordpress\/segunda\/wp-content\/uploads\/2025\/04\/Goodelleta_EscuelaMedioambiental07-768x1024.jpg 768w, https:\/\/www.tucomarca.com\/wordpress\/segunda\/wp-content\/uploads\/2025\/04\/Goodelleta_EscuelaMedioambiental07-225x300.jpg 225w, https:\/\/www.tucomarca.com\/wordpress\/segunda\/wp-content\/uploads\/2025\/04\/Goodelleta_EscuelaMedioambiental07-1152x1536.jpg 1152w, https:\/\/www.tucomarca.com\/wordpress\/segunda\/wp-content\/uploads\/2025\/04\/Goodelleta_EscuelaMedioambiental07.jpg 1200w\" sizes=\"auto, (max-width: 768px) 100vw, 768px\" \/><\/figure>\n\n\n\n<figure class=\"wp-block-image size-large\"><img loading=\"lazy\" decoding=\"async\" width=\"768\" height=\"1024\" data-id=\"263849\" src=\"https:\/\/www.tucomarca.com\/wordpress\/segunda\/wp-content\/uploads\/2025\/04\/Goodelleta_EscuelaMedioambiental08-768x1024.jpg\" alt=\"\" class=\"wp-image-263849\" srcset=\"https:\/\/www.tucomarca.com\/wordpress\/segunda\/wp-content\/uploads\/2025\/04\/Goodelleta_EscuelaMedioambiental08-768x1024.jpg 768w, https:\/\/www.tucomarca.com\/wordpress\/segunda\/wp-content\/uploads\/2025\/04\/Goodelleta_EscuelaMedioambiental08-225x300.jpg 225w, https:\/\/www.tucomarca.com\/wordpress\/segunda\/wp-content\/uploads\/2025\/04\/Goodelleta_EscuelaMedioambiental08-1152x1536.jpg 1152w, https:\/\/www.tucomarca.com\/wordpress\/segunda\/wp-content\/uploads\/2025\/04\/Goodelleta_EscuelaMedioambiental08.jpg 1200w\" sizes=\"auto, (max-width: 768px) 100vw, 768px\" \/><\/figure>\n\n\n\n<figure class=\"wp-block-image size-large\"><img loading=\"lazy\" decoding=\"async\" width=\"768\" height=\"1024\" data-id=\"263851\" src=\"https:\/\/www.tucomarca.com\/wordpress\/segunda\/wp-content\/uploads\/2025\/04\/Goodelleta_EscuelaMedioambiental09-768x1024.jpg\" alt=\"\" class=\"wp-image-263851\" srcset=\"https:\/\/www.tucomarca.com\/wordpress\/segunda\/wp-content\/uploads\/2025\/04\/Goodelleta_EscuelaMedioambiental09-768x1024.jpg 768w, https:\/\/www.tucomarca.com\/wordpress\/segunda\/wp-content\/uploads\/2025\/04\/Goodelleta_EscuelaMedioambiental09-225x300.jpg 225w, https:\/\/www.tucomarca.com\/wordpress\/segunda\/wp-content\/uploads\/2025\/04\/Goodelleta_EscuelaMedioambiental09-1152x1536.jpg 1152w, https:\/\/www.tucomarca.com\/wordpress\/segunda\/wp-content\/uploads\/2025\/04\/Goodelleta_EscuelaMedioambiental09.jpg 1200w\" sizes=\"auto, (max-width: 768px) 100vw, 768px\" \/><\/figure>\n<\/figure>\n","protected":false},"excerpt":{"rendered":"<div class=\"mh-excerpt\">La iniciativa se ha llevado a cabo en la Escuela de Educaci\u00f3n Ambiental Bosco de Godelleta, a trav\u00e9s de la subvenci\u00f3n para la conciliaci\u00f3n familiar de la Conselleria de Educaci\u00f3n, Cultura, Universidades y Empleo. Ha <a class=\"mh-excerpt-more\" href=\"https:\/\/www.tucomarca.com\/wordpress\/segunda\/por-una-godelleta-mas-sostenible-la-primera-escuela-de-pascua-medioambiental-del-municipio\/\" title=\"\u201cPor una Godelleta m\u00e1s sostenible\u201d: la primera escuela de Pascua medioambiental del municipio\">[+] <\/a><\/div>\n","protected":false},"author":13,"featured_media":263853,"comment_status":"open","ping_status":"open","sticky":false,"template":"","format":"gallery","meta":{"footnotes":""},"categories":[14,8,10,117,7,3],"tags":[10383,5952,107],"class_list":{"0":"post-263834","1":"post","2":"type-post","3":"status-publish","4":"format-gallery","5":"has-post-thumbnail","7":"category-godelleta","8":"category-la-comarca","9":"category-la-hoya","10":"category-medio-ambiente-la-comarca","11":"category-ocio-y-cultura","12":"category-seccion","13":"tag-godelleta","14":"tag-la-hoya-de-bunol-chiva","15":"tag-medio-ambiente","16":"post_format-post-format-gallery"},"_links":{"self":[{"href":"https:\/\/www.tucomarca.com\/wordpress\/segunda\/wp-json\/wp\/v2\/posts\/263834","targetHints":{"allow":["GET"]}}],"collection":[{"href":"https:\/\/www.tucomarca.com\/wordpress\/segunda\/wp-json\/wp\/v2\/posts"}],"about":[{"href":"https:\/\/www.tucomarca.com\/wordpress\/segunda\/wp-json\/wp\/v2\/types\/post"}],"author":[{"embeddable":true,"href":"https:\/\/www.tucomarca.com\/wordpress\/segunda\/wp-json\/wp\/v2\/users\/13"}],"replies":[{"embeddable":true,"href":"https:\/\/www.tucomarca.com\/wordpress\/segunda\/wp-json\/wp\/v2\/comments?post=263834"}],"version-history":[{"count":0,"href":"https:\/\/www.tucomarca.com\/wordpress\/segunda\/wp-json\/wp\/v2\/posts\/263834\/revisions"}],"wp:featuredmedia":[{"embeddable":true,"href":"https:\/\/www.tucomarca.com\/wordpress\/segunda\/wp-json\/wp\/v2\/media\/263853"}],"wp:attachment":[{"href":"https:\/\/www.tucomarca.com\/wordpress\/segunda\/wp-json\/wp\/v2\/media?parent=263834"}],"wp:term":[{"taxonomy":"category","embeddable":true,"href":"https:\/\/www.tucomarca.com\/wordpress\/segunda\/wp-json\/wp\/v2\/categories?post=263834"},{"taxonomy":"post_tag","embeddable":true,"href":"https:\/\/www.tucomarca.com\/wordpress\/segunda\/wp-json\/wp\/v2\/tags?post=263834"}],"curies":[{"name":"wp","href":"https:\/\/api.w.org\/{rel}","templated":true}]}}