{"id":263862,"date":"2025-04-30T11:30:00","date_gmt":"2025-04-30T09:30:00","guid":{"rendered":"https:\/\/www.tucomarca.com\/wordpress\/segunda\/?p=263862"},"modified":"2025-04-30T15:13:19","modified_gmt":"2025-04-30T13:13:19","slug":"el-ministerio-de-agricultura-destina-17-millones-de-euros-a-la-reparacion-de-caminos-agricolas-en-cheste","status":"publish","type":"post","link":"https:\/\/www.tucomarca.com\/wordpress\/segunda\/el-ministerio-de-agricultura-destina-17-millones-de-euros-a-la-reparacion-de-caminos-agricolas-en-cheste\/","title":{"rendered":"El Ministerio de Agricultura destina 1,7 millones de euros a la reparaci\u00f3n de caminos agr\u00edcolas en Cheste"},"content":{"rendered":"\n<p>Tragsa ya ha comenzado las obras de reparaci\u00f3n y mejora de una parte de los caminos agr\u00edcolas de Cheste da\u00f1ados por la DANA del pasado 29 de octubre, con cargo al Ministerio de Agricultura, Pesca y Alimentaci\u00f3n, por un importe estimado de 1,7 millones de euros.<\/p>\n\n\n\n<p>Las reparaciones se centrar\u00e1n en 7 caminos, en los que se adaptar\u00e1n los materiales y las actuaciones en funci\u00f3n de la situaci\u00f3n del firme, y se estima que los trabajos se prolongar\u00e1n durante 3 meses.<\/p>\n\n\n\n<p>Por una parte, se actuar\u00e1 en el Camino Ramat y en el Camino Pozuelo, en los que se repondr\u00e1 el firme en los tramos da\u00f1ados para restablecer las condiciones anteriores. Por otra parte, se reparar\u00e1n los trazados completos de Camino Pinos Veros, Camino Garrama y Camino Barranquet, mediante el extendido y compactado de zahorras, ejecut\u00e1ndose badenes con acabado de hormig\u00f3n en las zonas de paso de escorrent\u00edas. Adem\u00e1s, se pavimentar\u00e1 el Camino Virgen de la Esperanza al completo, mediante el extendido de aglomerado asf\u00e1ltico, y se reparar\u00e1 con&nbsp; firme de hormig\u00f3n el tramo afectado del camino de acceso a la Urbanizaci\u00f3n Aguas Perdidas.<\/p>\n\n\n\n<p>Estas actuaciones se enmarcan dentro de una primera fase de reparaciones de los caminos rurales de la poblaci\u00f3n por parte del Ministerio, a la que seguir\u00e1n nuevas obras pr\u00f3ximamente en el marco del Plan de Respuesta Inmediata, Reconstrucci\u00f3n y Relanzamiento ante los efectos de la DANA.<\/p>\n","protected":false},"excerpt":{"rendered":"<div class=\"mh-excerpt\">Tragsa ya ha comenzado las obras de reparaci\u00f3n y mejora de una parte de los caminos agr\u00edcolas de Cheste da\u00f1ados por la DANA del pasado 29 de octubre, con cargo al Ministerio de Agricultura, Pesca <a class=\"mh-excerpt-more\" href=\"https:\/\/www.tucomarca.com\/wordpress\/segunda\/el-ministerio-de-agricultura-destina-17-millones-de-euros-a-la-reparacion-de-caminos-agricolas-en-cheste\/\" title=\"El Ministerio de Agricultura destina 1,7 millones de euros a la reparaci\u00f3n de caminos agr\u00edcolas en Cheste\">[+] <\/a><\/div>\n","protected":false},"author":13,"featured_media":263863,"comment_status":"open","ping_status":"open","sticky":false,"template":"","format":"standard","meta":{"footnotes":""},"categories":[169,17,21465,128,8,72,10,117,142,3,116,45],"tags":[85,339,12831,5952],"class_list":{"0":"post-263862","1":"post","2":"type-post","3":"status-publish","4":"format-standard","5":"has-post-thumbnail","7":"category-agricultura-la-comarca","8":"category-cheste","9":"category-dana","10":"category-infraestructuras","11":"category-la-comarca","12":"category-sin-categorizar","13":"category-la-hoya","14":"category-medio-ambiente-la-comarca","15":"category-politica-la-comarca","16":"category-seccion","17":"category-sucesos-la-comarca","18":"category-ventana","19":"tag-agricultura","20":"tag-cheste-2","21":"tag-dana-2","22":"tag-la-hoya-de-bunol-chiva"},"_links":{"self":[{"href":"https:\/\/www.tucomarca.com\/wordpress\/segunda\/wp-json\/wp\/v2\/posts\/263862","targetHints":{"allow":["GET"]}}],"collection":[{"href":"https:\/\/www.tucomarca.com\/wordpress\/segunda\/wp-json\/wp\/v2\/posts"}],"about":[{"href":"https:\/\/www.tucomarca.com\/wordpress\/segunda\/wp-json\/wp\/v2\/types\/post"}],"author":[{"embeddable":true,"href":"https:\/\/www.tucomarca.com\/wordpress\/segunda\/wp-json\/wp\/v2\/users\/13"}],"replies":[{"embeddable":true,"href":"https:\/\/www.tucomarca.com\/wordpress\/segunda\/wp-json\/wp\/v2\/comments?post=263862"}],"version-history":[{"count":0,"href":"https:\/\/www.tucomarca.com\/wordpress\/segunda\/wp-json\/wp\/v2\/posts\/263862\/revisions"}],"wp:featuredmedia":[{"embeddable":true,"href":"https:\/\/www.tucomarca.com\/wordpress\/segunda\/wp-json\/wp\/v2\/media\/263863"}],"wp:attachment":[{"href":"https:\/\/www.tucomarca.com\/wordpress\/segunda\/wp-json\/wp\/v2\/media?parent=263862"}],"wp:term":[{"taxonomy":"category","embeddable":true,"href":"https:\/\/www.tucomarca.com\/wordpress\/segunda\/wp-json\/wp\/v2\/categories?post=263862"},{"taxonomy":"post_tag","embeddable":true,"href":"https:\/\/www.tucomarca.com\/wordpress\/segunda\/wp-json\/wp\/v2\/tags?post=263862"}],"curies":[{"name":"wp","href":"https:\/\/api.w.org\/{rel}","templated":true}]}}