{"id":263906,"date":"2025-04-30T10:15:00","date_gmt":"2025-04-30T08:15:00","guid":{"rendered":"https:\/\/www.tucomarca.com\/wordpress\/segunda\/?p=263906"},"modified":"2025-04-30T15:03:17","modified_gmt":"2025-04-30T13:03:17","slug":"fotogaleria-50-ninos-y-ninas-participan-en-el-campamento-de-pascua-de-cheste","status":"publish","type":"post","link":"https:\/\/www.tucomarca.com\/wordpress\/segunda\/fotogaleria-50-ninos-y-ninas-participan-en-el-campamento-de-pascua-de-cheste\/","title":{"rendered":"Fotogaler\u00eda: 50 ni\u00f1os y ni\u00f1as participan en el Campamento de Pascua de Cheste"},"content":{"rendered":"\n<p>Del 23 al 25 de abril 50 alumnos y alumnas de los cursos de 4\u00ba de Primaria a 1\u00ba de ESO de los centros educativos de Cheste participaron en el Campamento de Pascua organizado por la Concejal\u00eda de Juventud.<\/p>\n\n\n\n<p>La iniciativa se desarroll\u00f3 en el Albergue Actio de Alborache, especializado en educaci\u00f3n ambiental y actividades multiaventura. Los y las participantes realizaron una excursi\u00f3n al Molino Gal\u00e1n, una mas\u00eda hist\u00f3rica que fue molino papelero y que est\u00e1 reconocida como Bien de Inter\u00e9s Etnol\u00f3gico de la Comunidad Valenciana; y otra ruta hasta el paraje del Charco Azul. Adem\u00e1s el alumnado ha realizado escalada deportiva en roc\u00f3dromo exterior, tirolina, tiro con arco y juego nocturnos, entre otras actividades.<\/p>\n\n\n\n<p>\u201cEl campamento de Pascua ha vuelto a ser un \u00e9xito, con todas las plazas ofertadas cubiertas\u201d, ha apuntado el concejal de Juventud, \u00d3scar Gald\u00f3n. \u201cPensamos que hay que organizar este tipo de actividades en las vacaciones escolares para ofrecer una alternativa de conciliaci\u00f3n a las familias que trabajan; adem\u00e1s este campamento tiene muy buena acogida por los chicos y chicas porque se realiza fuera de la localidad y tiene un programa de actividades al aire libre muy atractivas para ellos\u201d.<\/p>\n\n\n\n<figure class=\"wp-block-gallery has-nested-images columns-2 is-cropped wp-block-gallery-1 is-layout-flex wp-block-gallery-is-layout-flex\">\n<figure class=\"wp-block-image size-large\"><img loading=\"lazy\" decoding=\"async\" width=\"1024\" height=\"691\" data-id=\"263909\" src=\"https:\/\/www.tucomarca.com\/wordpress\/segunda\/wp-content\/uploads\/2025\/04\/Cheste_CampamentoPascua_1-1024x691.jpeg\" alt=\"\" class=\"wp-image-263909\" srcset=\"https:\/\/www.tucomarca.com\/wordpress\/segunda\/wp-content\/uploads\/2025\/04\/Cheste_CampamentoPascua_1-1024x691.jpeg 1024w, https:\/\/www.tucomarca.com\/wordpress\/segunda\/wp-content\/uploads\/2025\/04\/Cheste_CampamentoPascua_1-300x202.jpeg 300w, https:\/\/www.tucomarca.com\/wordpress\/segunda\/wp-content\/uploads\/2025\/04\/Cheste_CampamentoPascua_1-768x518.jpeg 768w, https:\/\/www.tucomarca.com\/wordpress\/segunda\/wp-content\/uploads\/2025\/04\/Cheste_CampamentoPascua_1.jpeg 1181w\" sizes=\"auto, (max-width: 1024px) 100vw, 1024px\" \/><\/figure>\n\n\n\n<figure class=\"wp-block-image size-large\"><img loading=\"lazy\" decoding=\"async\" width=\"1024\" height=\"691\" data-id=\"263913\" src=\"https:\/\/www.tucomarca.com\/wordpress\/segunda\/wp-content\/uploads\/2025\/04\/Cheste_CampamentoPascua_3-1024x691.jpeg\" alt=\"\" class=\"wp-image-263913\" srcset=\"https:\/\/www.tucomarca.com\/wordpress\/segunda\/wp-content\/uploads\/2025\/04\/Cheste_CampamentoPascua_3-1024x691.jpeg 1024w, https:\/\/www.tucomarca.com\/wordpress\/segunda\/wp-content\/uploads\/2025\/04\/Cheste_CampamentoPascua_3-300x202.jpeg 300w, https:\/\/www.tucomarca.com\/wordpress\/segunda\/wp-content\/uploads\/2025\/04\/Cheste_CampamentoPascua_3-768x518.jpeg 768w, https:\/\/www.tucomarca.com\/wordpress\/segunda\/wp-content\/uploads\/2025\/04\/Cheste_CampamentoPascua_3.jpeg 1181w\" sizes=\"auto, (max-width: 1024px) 100vw, 1024px\" \/><\/figure>\n\n\n\n<figure class=\"wp-block-image size-large\"><img loading=\"lazy\" decoding=\"async\" width=\"1024\" height=\"691\" data-id=\"263915\" src=\"https:\/\/www.tucomarca.com\/wordpress\/segunda\/wp-content\/uploads\/2025\/04\/Cheste_CampamentoPascua_4-1024x691.jpeg\" alt=\"\" class=\"wp-image-263915\" srcset=\"https:\/\/www.tucomarca.com\/wordpress\/segunda\/wp-content\/uploads\/2025\/04\/Cheste_CampamentoPascua_4-1024x691.jpeg 1024w, https:\/\/www.tucomarca.com\/wordpress\/segunda\/wp-content\/uploads\/2025\/04\/Cheste_CampamentoPascua_4-300x202.jpeg 300w, https:\/\/www.tucomarca.com\/wordpress\/segunda\/wp-content\/uploads\/2025\/04\/Cheste_CampamentoPascua_4-768x518.jpeg 768w, https:\/\/www.tucomarca.com\/wordpress\/segunda\/wp-content\/uploads\/2025\/04\/Cheste_CampamentoPascua_4.jpeg 1181w\" sizes=\"auto, (max-width: 1024px) 100vw, 1024px\" \/><\/figure>\n\n\n\n<figure class=\"wp-block-image size-large\"><img loading=\"lazy\" decoding=\"async\" width=\"1024\" height=\"691\" data-id=\"263917\" src=\"https:\/\/www.tucomarca.com\/wordpress\/segunda\/wp-content\/uploads\/2025\/04\/Cheste_CampamentoPascua_5-1024x691.jpeg\" alt=\"\" class=\"wp-image-263917\" srcset=\"https:\/\/www.tucomarca.com\/wordpress\/segunda\/wp-content\/uploads\/2025\/04\/Cheste_CampamentoPascua_5-1024x691.jpeg 1024w, https:\/\/www.tucomarca.com\/wordpress\/segunda\/wp-content\/uploads\/2025\/04\/Cheste_CampamentoPascua_5-300x202.jpeg 300w, https:\/\/www.tucomarca.com\/wordpress\/segunda\/wp-content\/uploads\/2025\/04\/Cheste_CampamentoPascua_5-768x518.jpeg 768w, https:\/\/www.tucomarca.com\/wordpress\/segunda\/wp-content\/uploads\/2025\/04\/Cheste_CampamentoPascua_5.jpeg 1181w\" sizes=\"auto, (max-width: 1024px) 100vw, 1024px\" \/><\/figure>\n\n\n\n<figure class=\"wp-block-image size-large\"><img loading=\"lazy\" decoding=\"async\" width=\"1024\" height=\"691\" data-id=\"263919\" src=\"https:\/\/www.tucomarca.com\/wordpress\/segunda\/wp-content\/uploads\/2025\/04\/Cheste_CampamentoPascua_6-1024x691.jpeg\" alt=\"\" class=\"wp-image-263919\" srcset=\"https:\/\/www.tucomarca.com\/wordpress\/segunda\/wp-content\/uploads\/2025\/04\/Cheste_CampamentoPascua_6-1024x691.jpeg 1024w, https:\/\/www.tucomarca.com\/wordpress\/segunda\/wp-content\/uploads\/2025\/04\/Cheste_CampamentoPascua_6-300x202.jpeg 300w, https:\/\/www.tucomarca.com\/wordpress\/segunda\/wp-content\/uploads\/2025\/04\/Cheste_CampamentoPascua_6-768x518.jpeg 768w, https:\/\/www.tucomarca.com\/wordpress\/segunda\/wp-content\/uploads\/2025\/04\/Cheste_CampamentoPascua_6.jpeg 1181w\" sizes=\"auto, (max-width: 1024px) 100vw, 1024px\" \/><\/figure>\n\n\n\n<figure class=\"wp-block-image size-large\"><img loading=\"lazy\" decoding=\"async\" width=\"1024\" height=\"691\" data-id=\"263921\" src=\"https:\/\/www.tucomarca.com\/wordpress\/segunda\/wp-content\/uploads\/2025\/04\/Cheste_CampamentoPascua_7-1024x691.jpeg\" alt=\"\" class=\"wp-image-263921\" srcset=\"https:\/\/www.tucomarca.com\/wordpress\/segunda\/wp-content\/uploads\/2025\/04\/Cheste_CampamentoPascua_7-1024x691.jpeg 1024w, https:\/\/www.tucomarca.com\/wordpress\/segunda\/wp-content\/uploads\/2025\/04\/Cheste_CampamentoPascua_7-300x202.jpeg 300w, https:\/\/www.tucomarca.com\/wordpress\/segunda\/wp-content\/uploads\/2025\/04\/Cheste_CampamentoPascua_7-768x518.jpeg 768w, https:\/\/www.tucomarca.com\/wordpress\/segunda\/wp-content\/uploads\/2025\/04\/Cheste_CampamentoPascua_7.jpeg 1181w\" sizes=\"auto, (max-width: 1024px) 100vw, 1024px\" \/><\/figure>\n\n\n\n<figure class=\"wp-block-image size-large\"><img loading=\"lazy\" decoding=\"async\" width=\"1024\" height=\"691\" data-id=\"263923\" src=\"https:\/\/www.tucomarca.com\/wordpress\/segunda\/wp-content\/uploads\/2025\/04\/Cheste_CampamentoPascua_8-1024x691.jpeg\" alt=\"\" class=\"wp-image-263923\" srcset=\"https:\/\/www.tucomarca.com\/wordpress\/segunda\/wp-content\/uploads\/2025\/04\/Cheste_CampamentoPascua_8-1024x691.jpeg 1024w, https:\/\/www.tucomarca.com\/wordpress\/segunda\/wp-content\/uploads\/2025\/04\/Cheste_CampamentoPascua_8-300x202.jpeg 300w, https:\/\/www.tucomarca.com\/wordpress\/segunda\/wp-content\/uploads\/2025\/04\/Cheste_CampamentoPascua_8-768x518.jpeg 768w, https:\/\/www.tucomarca.com\/wordpress\/segunda\/wp-content\/uploads\/2025\/04\/Cheste_CampamentoPascua_8.jpeg 1181w\" sizes=\"auto, (max-width: 1024px) 100vw, 1024px\" \/><\/figure>\n\n\n\n<figure class=\"wp-block-image size-large\"><img loading=\"lazy\" decoding=\"async\" width=\"1024\" height=\"691\" data-id=\"263925\" src=\"https:\/\/www.tucomarca.com\/wordpress\/segunda\/wp-content\/uploads\/2025\/04\/Cheste_CampamentoPascua_9-1024x691.jpeg\" alt=\"\" class=\"wp-image-263925\" srcset=\"https:\/\/www.tucomarca.com\/wordpress\/segunda\/wp-content\/uploads\/2025\/04\/Cheste_CampamentoPascua_9-1024x691.jpeg 1024w, https:\/\/www.tucomarca.com\/wordpress\/segunda\/wp-content\/uploads\/2025\/04\/Cheste_CampamentoPascua_9-300x202.jpeg 300w, https:\/\/www.tucomarca.com\/wordpress\/segunda\/wp-content\/uploads\/2025\/04\/Cheste_CampamentoPascua_9-768x518.jpeg 768w, https:\/\/www.tucomarca.com\/wordpress\/segunda\/wp-content\/uploads\/2025\/04\/Cheste_CampamentoPascua_9.jpeg 1181w\" sizes=\"auto, (max-width: 1024px) 100vw, 1024px\" \/><\/figure>\n\n\n\n<figure class=\"wp-block-image size-large\"><img loading=\"lazy\" decoding=\"async\" width=\"1024\" height=\"691\" data-id=\"263927\" src=\"https:\/\/www.tucomarca.com\/wordpress\/segunda\/wp-content\/uploads\/2025\/04\/Cheste_CampamentoPascua_10-1024x691.jpeg\" alt=\"\" class=\"wp-image-263927\" srcset=\"https:\/\/www.tucomarca.com\/wordpress\/segunda\/wp-content\/uploads\/2025\/04\/Cheste_CampamentoPascua_10-1024x691.jpeg 1024w, https:\/\/www.tucomarca.com\/wordpress\/segunda\/wp-content\/uploads\/2025\/04\/Cheste_CampamentoPascua_10-300x202.jpeg 300w, https:\/\/www.tucomarca.com\/wordpress\/segunda\/wp-content\/uploads\/2025\/04\/Cheste_CampamentoPascua_10-768x518.jpeg 768w, https:\/\/www.tucomarca.com\/wordpress\/segunda\/wp-content\/uploads\/2025\/04\/Cheste_CampamentoPascua_10.jpeg 1181w\" sizes=\"auto, (max-width: 1024px) 100vw, 1024px\" \/><\/figure>\n<\/figure>\n","protected":false},"excerpt":{"rendered":"<div class=\"mh-excerpt\">Del 23 al 25 de abril 50 alumnos y alumnas de los cursos de 4\u00ba de Primaria a 1\u00ba de ESO de los centros educativos de Cheste participaron en el Campamento de Pascua organizado por <a class=\"mh-excerpt-more\" href=\"https:\/\/www.tucomarca.com\/wordpress\/segunda\/fotogaleria-50-ninos-y-ninas-participan-en-el-campamento-de-pascua-de-cheste\/\" title=\"Fotogaler\u00eda: 50 ni\u00f1os y ni\u00f1as participan en el Campamento de Pascua de Cheste\">[+] <\/a><\/div>\n","protected":false},"author":12,"featured_media":263911,"comment_status":"open","ping_status":"open","sticky":false,"template":"","format":"gallery","meta":{"footnotes":""},"categories":[17,8,10,7,3],"tags":[22240,339,5952],"class_list":{"0":"post-263906","1":"post","2":"type-post","3":"status-publish","4":"format-gallery","5":"has-post-thumbnail","7":"category-cheste","8":"category-la-comarca","9":"category-la-hoya","10":"category-ocio-y-cultura","11":"category-seccion","12":"tag-campamento-de-pascua","13":"tag-cheste-2","14":"tag-la-hoya-de-bunol-chiva","15":"post_format-post-format-gallery"},"_links":{"self":[{"href":"https:\/\/www.tucomarca.com\/wordpress\/segunda\/wp-json\/wp\/v2\/posts\/263906","targetHints":{"allow":["GET"]}}],"collection":[{"href":"https:\/\/www.tucomarca.com\/wordpress\/segunda\/wp-json\/wp\/v2\/posts"}],"about":[{"href":"https:\/\/www.tucomarca.com\/wordpress\/segunda\/wp-json\/wp\/v2\/types\/post"}],"author":[{"embeddable":true,"href":"https:\/\/www.tucomarca.com\/wordpress\/segunda\/wp-json\/wp\/v2\/users\/12"}],"replies":[{"embeddable":true,"href":"https:\/\/www.tucomarca.com\/wordpress\/segunda\/wp-json\/wp\/v2\/comments?post=263906"}],"version-history":[{"count":0,"href":"https:\/\/www.tucomarca.com\/wordpress\/segunda\/wp-json\/wp\/v2\/posts\/263906\/revisions"}],"wp:featuredmedia":[{"embeddable":true,"href":"https:\/\/www.tucomarca.com\/wordpress\/segunda\/wp-json\/wp\/v2\/media\/263911"}],"wp:attachment":[{"href":"https:\/\/www.tucomarca.com\/wordpress\/segunda\/wp-json\/wp\/v2\/media?parent=263906"}],"wp:term":[{"taxonomy":"category","embeddable":true,"href":"https:\/\/www.tucomarca.com\/wordpress\/segunda\/wp-json\/wp\/v2\/categories?post=263906"},{"taxonomy":"post_tag","embeddable":true,"href":"https:\/\/www.tucomarca.com\/wordpress\/segunda\/wp-json\/wp\/v2\/tags?post=263906"}],"curies":[{"name":"wp","href":"https:\/\/api.w.org\/{rel}","templated":true}]}}