{"id":263972,"date":"2025-05-01T07:10:00","date_gmt":"2025-05-01T05:10:00","guid":{"rendered":"https:\/\/www.tucomarca.com\/wordpress\/segunda\/?p=263972"},"modified":"2025-04-30T21:25:01","modified_gmt":"2025-04-30T19:25:01","slug":"la-asociacion-en-femenino-plural-organiza-su-cuarto-encuentro-de-escritoras-en-chiva-cultura-mujeres-y-raices-compartidas","status":"publish","type":"post","link":"https:\/\/www.tucomarca.com\/wordpress\/segunda\/la-asociacion-en-femenino-plural-organiza-su-cuarto-encuentro-de-escritoras-en-chiva-cultura-mujeres-y-raices-compartidas\/","title":{"rendered":"La asociaci\u00f3n &#8216;En Femenino Plural&#8217; organiza su cuarto Encuentro de Escritoras en Chiva: cultura, mujeres y ra\u00edces compartidas"},"content":{"rendered":"<div class=\"wp-block-image\">\n<figure class=\"alignleft size-large is-resized\"><img loading=\"lazy\" decoding=\"async\" width=\"751\" height=\"1024\" src=\"https:\/\/www.tucomarca.com\/wordpress\/segunda\/wp-content\/uploads\/2025\/04\/Chiva_MujeresEscritoras2025-751x1024.jpg\" alt=\"\" class=\"wp-image-264047\" style=\"width:370px;height:auto\" srcset=\"https:\/\/www.tucomarca.com\/wordpress\/segunda\/wp-content\/uploads\/2025\/04\/Chiva_MujeresEscritoras2025-751x1024.jpg 751w, https:\/\/www.tucomarca.com\/wordpress\/segunda\/wp-content\/uploads\/2025\/04\/Chiva_MujeresEscritoras2025-220x300.jpg 220w, https:\/\/www.tucomarca.com\/wordpress\/segunda\/wp-content\/uploads\/2025\/04\/Chiva_MujeresEscritoras2025-768x1047.jpg 768w, https:\/\/www.tucomarca.com\/wordpress\/segunda\/wp-content\/uploads\/2025\/04\/Chiva_MujeresEscritoras2025-1127x1536.jpg 1127w, https:\/\/www.tucomarca.com\/wordpress\/segunda\/wp-content\/uploads\/2025\/04\/Chiva_MujeresEscritoras2025.jpg 1299w\" sizes=\"auto, (max-width: 751px) 100vw, 751px\" \/><\/figure>\n<\/div>\n\n\n<p>La Asociaci\u00f3n &#8216;En Femenino Plural&#8217; de Chiva celebra el pr\u00f3ximo <strong>10 de mayo<\/strong> una nueva edici\u00f3n de su cita cultural m\u00e1s esperada: el <strong>IV Encuentro de Escritoras<\/strong>, que tendr\u00e1 lugar de <strong>10,00 a 14,00 horas en el Paseo de la Argentina<\/strong>. \u00abUn espacio al aire libre cargado de palabra, emoci\u00f3n y memoria, donde se pondr\u00e1 en valor el talento literario femenino de nuestra tierra\u00bb, tal como han hecho constar desde la asociaci\u00f3n chivana.<\/p>\n\n\n\n<p>Este evento, ya consolidado en el calendario cultural de la localidad, busca visibilizar la labor de escritoras valencianas y fomentar el acceso a la literatura desde una mirada inclusiva y comprometida con el entorno. La jornada incluir\u00e1 la participaci\u00f3n de autoras de toda la Comunitat Valenciana y contar\u00e1 con una <strong>mesa solidaria<\/strong> impulsada por una asociaci\u00f3n de Paiporta, destinada a apoyar a librer\u00edas y bibliotecas afectadas por la DANA.<\/p>\n\n\n\n<p>Adem\u00e1s de la literatura, el encuentro ser\u00e1 tambi\u00e9n una ocasi\u00f3n para rendir homenaje a nuestras ra\u00edces: se realizar\u00e1 un <strong>acto de reconocimiento a dos vecinas de Chiva<\/strong> por su trayectoria vital y aportaci\u00f3n a la comunidad. La emotividad del momento se acompa\u00f1ar\u00e1 con el canto de <strong>albaes<\/strong>, expresi\u00f3n viva de nuestra tradici\u00f3n oral.<\/p>\n\n\n\n<p>Pensando en el p\u00fablico familiar, el evento contar\u00e1 con una <strong>zona infantil con cuentacuentos<\/strong>, para que los m\u00e1s peque\u00f1os disfruten de la magia de los relatos mientras se empapan del esp\u00edritu festivo y cultural.<\/p>\n\n\n\n<p>Desde la Asociaci\u00f3n En Femenino Plural han querido \u00abinvitar a toda la ciudadan\u00eda a participar en esta jornada de celebraci\u00f3n literaria, donde se dan cita la cultura, la memoria, la solidaridad y el compromiso con la igualdad. Creemos firmemente en el poder transformador de la palabra y en la necesidad de crear espacios donde las voces femeninas tengan su lugar y reconocimiento\u00bb.<\/p>\n","protected":false},"excerpt":{"rendered":"<div class=\"mh-excerpt\">La Asociaci\u00f3n &#8216;En Femenino Plural&#8217; de Chiva celebra el pr\u00f3ximo 10 de mayo una nueva edici\u00f3n de su cita cultural m\u00e1s esperada: el IV Encuentro de Escritoras, que tendr\u00e1 lugar de 10,00 a 14,00 horas <a class=\"mh-excerpt-more\" href=\"https:\/\/www.tucomarca.com\/wordpress\/segunda\/la-asociacion-en-femenino-plural-organiza-su-cuarto-encuentro-de-escritoras-en-chiva-cultura-mujeres-y-raices-compartidas\/\" title=\"La asociaci\u00f3n &#8216;En Femenino Plural&#8217; organiza su cuarto Encuentro de Escritoras en Chiva: cultura, mujeres y ra\u00edces compartidas\">[+] <\/a><\/div>\n","protected":false},"author":12,"featured_media":264047,"comment_status":"open","ping_status":"open","sticky":false,"template":"","format":"standard","meta":{"footnotes":""},"categories":[4,16,8,10,7,3],"tags":[10384,5952,15855],"class_list":{"0":"post-263972","1":"post","2":"type-post","3":"status-publish","4":"format-standard","5":"has-post-thumbnail","7":"category-agenda","8":"category-chiva","9":"category-la-comarca","10":"category-la-hoya","11":"category-ocio-y-cultura","12":"category-seccion","13":"tag-chiva","14":"tag-la-hoya-de-bunol-chiva","15":"tag-ocio-y-cultura"},"_links":{"self":[{"href":"https:\/\/www.tucomarca.com\/wordpress\/segunda\/wp-json\/wp\/v2\/posts\/263972","targetHints":{"allow":["GET"]}}],"collection":[{"href":"https:\/\/www.tucomarca.com\/wordpress\/segunda\/wp-json\/wp\/v2\/posts"}],"about":[{"href":"https:\/\/www.tucomarca.com\/wordpress\/segunda\/wp-json\/wp\/v2\/types\/post"}],"author":[{"embeddable":true,"href":"https:\/\/www.tucomarca.com\/wordpress\/segunda\/wp-json\/wp\/v2\/users\/12"}],"replies":[{"embeddable":true,"href":"https:\/\/www.tucomarca.com\/wordpress\/segunda\/wp-json\/wp\/v2\/comments?post=263972"}],"version-history":[{"count":0,"href":"https:\/\/www.tucomarca.com\/wordpress\/segunda\/wp-json\/wp\/v2\/posts\/263972\/revisions"}],"wp:featuredmedia":[{"embeddable":true,"href":"https:\/\/www.tucomarca.com\/wordpress\/segunda\/wp-json\/wp\/v2\/media\/264047"}],"wp:attachment":[{"href":"https:\/\/www.tucomarca.com\/wordpress\/segunda\/wp-json\/wp\/v2\/media?parent=263972"}],"wp:term":[{"taxonomy":"category","embeddable":true,"href":"https:\/\/www.tucomarca.com\/wordpress\/segunda\/wp-json\/wp\/v2\/categories?post=263972"},{"taxonomy":"post_tag","embeddable":true,"href":"https:\/\/www.tucomarca.com\/wordpress\/segunda\/wp-json\/wp\/v2\/tags?post=263972"}],"curies":[{"name":"wp","href":"https:\/\/api.w.org\/{rel}","templated":true}]}}