{"id":264493,"date":"2025-05-06T10:45:00","date_gmt":"2025-05-06T08:45:00","guid":{"rendered":"https:\/\/www.tucomarca.com\/wordpress\/segunda\/?p=264493"},"modified":"2025-05-06T20:58:38","modified_gmt":"2025-05-06T18:58:38","slug":"la-do-utiel-requena-participa-en-fenavin-con-un-stand-libre-de-catas-con-36-referencias","status":"publish","type":"post","link":"https:\/\/www.tucomarca.com\/wordpress\/segunda\/la-do-utiel-requena-participa-en-fenavin-con-un-stand-libre-de-catas-con-36-referencias\/","title":{"rendered":"La DO Utiel-Requena participa en Fenavin con un stand libre de catas con 36 referencias"},"content":{"rendered":"\n<h3 class=\"wp-block-heading\">La Denominaci\u00f3n de Origen Utiel-Requena participa en la Feria Nacional del Vino con un stand con 36 referencias para catar libremente. A su vez, cuenta con un espacio de reuniones con mesas para que las bodegas asistentes puedan hacer networking. El stand est\u00e1 ubicado en el Pabell\u00f3n E, calle 25, stand 5.<\/h3>\n\n\n\n<p>Un a\u00f1o m\u00e1s, Ciudad Real acoge la Feria Nacional del Vino (Fenavin) y tendr\u00e1 una duraci\u00f3n de tres d\u00edas. Este a\u00f1o celebra su 13a edici\u00f3n, lo que la ha llevado a situarse como una de las ferias monogr\u00e1ficas de referencia del vino espa\u00f1ol, con gran capacidad para generar negocio con clientes internacionales. Las cifras hablan del \u00e9xito de Fenavin: m\u00e1s de 1.900 bodegas esperan los 7.600 visitantes que se han inscrito desde un centenar de pa\u00edses.<\/p>\n\n\n\n<p>Las 36 referencias expuestas para catar son las siguientes:<\/p>\n\n\n\n<p>DUQUE DE ARCAS BLANCO BOBAL de LATORRE AGROVIN\u00cdCOLA, ANICETA de VINO Y SABORES ECOL\u00d3GICOS, CAPRASIA BOBAL \u00c1NFORA 2021 BIPARCELARIO de VI\u00d1EDOS Y BODEGAS VEGALFARO,<br>ANMA TINTO de CHOZAS CARRASCAL,\u2028 LABOR DE SOL de BODEGAS Y VI\u00d1EDOS NOVOS,\u2028 XAREL.LO 2024 de FINCA SAN BLAS\u2028EMILIO CLEMENTE SUPERIOR de BODEGAS EMILIO CLEMENTE, PASI\u00d3N BOBAL de BODEGA SIERRA NORTE,\u2028 PASIEGO BOBAL de BODEGAS PASIEGO,\u2028 VETERUM TINAJAS de COVI\u00d1AS,\u2028 LA TARDANA DE ESTENAS de VERA DE ESTENAS,\u2028 SUE\u00d1OS DEL MEDITERR\u00c1NEO BLANCO de BODEGAS UTIELANAS, NODUS BOBAL de BODEGAS NODUS, CASAGRANDE CRIANZA de VINICOLA REQUENENSE, CARLOTA SURIA ORGANIC de PAGO DE THARSYS, BOBOS FINCA CASA LA BORRACHA de HISPANO+SUIZAS, SERICIS BOBAL de MURVIEDRO, RODENO GRAN BOBAL de BODEGA RODENO, PERI\u00d1\u00c1N de VINEA CLAUSA BODEGA,\u2028 LAS HOCES de CLOS COR V\u00cd BODEGAS, MEMBRILLERA de BODEGA &amp; VI\u00d1EDOS CARRES, SUCESI\u00d3N BOBAL de BODEGAS COVILOR, PARSIMONIA TARDANA de BODEGAS VIBE, NEXO de BODEGAS JIM\u00c9NEZ-VILA HNOS, IMPROMPTU de HISPANO+SUIZAS, CASTILLO DE UTIEL ROSADO de BODEGAS UTIELANAS, ROBUSTA BOBAL de NELEMAN WINES,\u2028 RODENO CRIANZA de BODEGA RODENO,\u2028 INSPIRACI\u00d3N de BODEGAS LUPANDA, BOBAL DE SANJUAN de CHERUBINO VALSANGIACOMO\u2028LE BOBAL de BODEGA DUSSART PEDR\u00d3N,\u2028LA PICARAZA BOBAL CL\u00c1SICO de BODEGA FINCA LA PICARAZA,\u2028 LAS MERCEDES DEL CABRIEL de BODEGA LAS MERCEDES DEL CABRIEL, PARAJE TORNEL de DOMINIO DE LA VEGA,\u2028BOBAL BLANCO de VICENTE GAND\u00cdA,\u2028 FAUSTINO RIVERA ULECIA RESERVA de MARQU\u00c9S DEL ATRIO.<\/p>\n\n\n\n<p>Adem\u00e1s, en la Galer\u00eda del vino de la feria se podr\u00e1n catar nuestros dos bobales seleccionados: Castillo de Utiel, rosado de Bodegas Utielanas, y Bobal Robusta, tinto Bobal de Bodegas Neleman Wines. Este espacio es uno de los m\u00e1s visitados en la feria, ya que en \u00e9l se pueden catar m\u00e1s de 1.400 referencias de vinos de toda Espa\u00f1a.<br>La participaci\u00f3n en Fenavin con vinos tanto blancos, como rosados y tintos, aspira a conectar con quienes buscan vinos con identidad e historia. A trav\u00e9s de la zona de catas expandimos la autenticidad y la calidad de las bodegas inscritas en la Denominaci\u00f3n de Origen.<br>Fenavin sigue siendo una cita clave para seguir posicionando nuestros vinos en el mercado global, reforzando los lazos entre quienes trabajan por la excelencia del vino espa\u00f1ol y apostando por una presencia s\u00f3lida y coherente de la DO Utiel- Requena en los grandes espacios del sector.<\/p>\n\n\n\n<figure class=\"wp-block-image size-large\"><img loading=\"lazy\" decoding=\"async\" width=\"1024\" height=\"768\" src=\"https:\/\/www.tucomarca.com\/wordpress\/segunda\/wp-content\/uploads\/2025\/05\/DORequena-UtielFeravin01-1024x768.jpg\" alt=\"\" class=\"wp-image-264499\" srcset=\"https:\/\/www.tucomarca.com\/wordpress\/segunda\/wp-content\/uploads\/2025\/05\/DORequena-UtielFeravin01-1024x768.jpg 1024w, https:\/\/www.tucomarca.com\/wordpress\/segunda\/wp-content\/uploads\/2025\/05\/DORequena-UtielFeravin01-300x225.jpg 300w, https:\/\/www.tucomarca.com\/wordpress\/segunda\/wp-content\/uploads\/2025\/05\/DORequena-UtielFeravin01-768x576.jpg 768w, https:\/\/www.tucomarca.com\/wordpress\/segunda\/wp-content\/uploads\/2025\/05\/DORequena-UtielFeravin01-1536x1152.jpg 1536w, https:\/\/www.tucomarca.com\/wordpress\/segunda\/wp-content\/uploads\/2025\/05\/DORequena-UtielFeravin01-2048x1536.jpg 2048w, https:\/\/www.tucomarca.com\/wordpress\/segunda\/wp-content\/uploads\/2025\/05\/DORequena-UtielFeravin01-678x509.jpg 678w, https:\/\/www.tucomarca.com\/wordpress\/segunda\/wp-content\/uploads\/2025\/05\/DORequena-UtielFeravin01-326x245.jpg 326w, https:\/\/www.tucomarca.com\/wordpress\/segunda\/wp-content\/uploads\/2025\/05\/DORequena-UtielFeravin01-80x60.jpg 80w\" sizes=\"auto, (max-width: 1024px) 100vw, 1024px\" \/><\/figure>\n","protected":false},"excerpt":{"rendered":"<div class=\"mh-excerpt\">La Denominaci\u00f3n de Origen Utiel-Requena participa en la Feria Nacional del Vino con un stand con 36 referencias para catar libremente. A su vez, cuenta con un espacio de reuniones con mesas para que las <a class=\"mh-excerpt-more\" href=\"https:\/\/www.tucomarca.com\/wordpress\/segunda\/la-do-utiel-requena-participa-en-fenavin-con-un-stand-libre-de-catas-con-36-referencias\/\" title=\"La DO Utiel-Requena participa en Fenavin con un stand libre de catas con 36 referencias\">[+] <\/a><\/div>\n","protected":false},"author":12,"featured_media":264501,"comment_status":"open","ping_status":"open","sticky":false,"template":"","format":"standard","meta":{"footnotes":""},"categories":[113,8,72,7,28,27,3,29,45],"tags":[1422,7782,10387],"class_list":{"0":"post-264493","1":"post","2":"type-post","3":"status-publish","4":"format-standard","5":"has-post-thumbnail","7":"category-vinos","8":"category-la-comarca","9":"category-sin-categorizar","10":"category-ocio-y-cultura","11":"category-requena","12":"category-requena-utiel","13":"category-seccion","14":"category-utiel","15":"category-ventana","16":"tag-do-utiel-requena","17":"tag-fenavin","18":"tag-requena-utiel"},"_links":{"self":[{"href":"https:\/\/www.tucomarca.com\/wordpress\/segunda\/wp-json\/wp\/v2\/posts\/264493","targetHints":{"allow":["GET"]}}],"collection":[{"href":"https:\/\/www.tucomarca.com\/wordpress\/segunda\/wp-json\/wp\/v2\/posts"}],"about":[{"href":"https:\/\/www.tucomarca.com\/wordpress\/segunda\/wp-json\/wp\/v2\/types\/post"}],"author":[{"embeddable":true,"href":"https:\/\/www.tucomarca.com\/wordpress\/segunda\/wp-json\/wp\/v2\/users\/12"}],"replies":[{"embeddable":true,"href":"https:\/\/www.tucomarca.com\/wordpress\/segunda\/wp-json\/wp\/v2\/comments?post=264493"}],"version-history":[{"count":0,"href":"https:\/\/www.tucomarca.com\/wordpress\/segunda\/wp-json\/wp\/v2\/posts\/264493\/revisions"}],"wp:featuredmedia":[{"embeddable":true,"href":"https:\/\/www.tucomarca.com\/wordpress\/segunda\/wp-json\/wp\/v2\/media\/264501"}],"wp:attachment":[{"href":"https:\/\/www.tucomarca.com\/wordpress\/segunda\/wp-json\/wp\/v2\/media?parent=264493"}],"wp:term":[{"taxonomy":"category","embeddable":true,"href":"https:\/\/www.tucomarca.com\/wordpress\/segunda\/wp-json\/wp\/v2\/categories?post=264493"},{"taxonomy":"post_tag","embeddable":true,"href":"https:\/\/www.tucomarca.com\/wordpress\/segunda\/wp-json\/wp\/v2\/tags?post=264493"}],"curies":[{"name":"wp","href":"https:\/\/api.w.org\/{rel}","templated":true}]}}