{"id":264511,"date":"2025-05-06T08:30:00","date_gmt":"2025-05-06T06:30:00","guid":{"rendered":"https:\/\/www.tucomarca.com\/wordpress\/segunda\/?p=264511"},"modified":"2025-05-06T18:39:05","modified_gmt":"2025-05-06T16:39:05","slug":"covinas-refuerza-su-presencia-internacional-en-fenavin-2025-con-nuevas-propuestas-enologicas","status":"publish","type":"post","link":"https:\/\/www.tucomarca.com\/wordpress\/segunda\/covinas-refuerza-su-presencia-internacional-en-fenavin-2025-con-nuevas-propuestas-enologicas\/","title":{"rendered":"Covi\u00f1as refuerza su presencia internacional en Fenavin 2025 con nuevas propuestas enol\u00f3gicas"},"content":{"rendered":"\n<p>Covi\u00f1as, una de las principales cooperativas vitivin\u00edcolas de la Comunidad Valenciana, participa en la XIII edici\u00f3n de FENAVIN, la Feria Nacional del Vino, que se celebra del 6 al 8 de mayo en Ciudad Real. Este evento, considerado un referente en el comercio del vino espa\u00f1ol a nivel mundial, re\u00fane a m\u00e1s de 2.000 bodegas y cerca de 20.000 compradores nacionales e internacionales, consolid\u00e1ndose como una plataforma clave para el negocio vitivin\u00edcola.<\/p>\n\n\n\n<p>Con una trayectoria marcada por la internacionalizaci\u00f3n, Covi\u00f1as destina el 80% de su producci\u00f3n a la exportaci\u00f3n. FENAVIN representa una cita ineludible para la cooperativa, ya que permite fortalecer relaciones con importadores existentes y establecer nuevos contactos comerciales en mercados emergentes.<\/p>\n\n\n\n<figure class=\"wp-block-gallery has-nested-images columns-default is-cropped wp-block-gallery-1 is-layout-flex wp-block-gallery-is-layout-flex\">\n<figure class=\"wp-block-image size-large\"><img loading=\"lazy\" decoding=\"async\" width=\"768\" height=\"1024\" data-id=\"264517\" src=\"https:\/\/www.tucomarca.com\/wordpress\/segunda\/wp-content\/uploads\/2025\/05\/ElJUGONCOVINAS1-768x1024.jpg\" alt=\"\" class=\"wp-image-264517\" srcset=\"https:\/\/www.tucomarca.com\/wordpress\/segunda\/wp-content\/uploads\/2025\/05\/ElJUGONCOVINAS1-768x1024.jpg 768w, https:\/\/www.tucomarca.com\/wordpress\/segunda\/wp-content\/uploads\/2025\/05\/ElJUGONCOVINAS1-225x300.jpg 225w, https:\/\/www.tucomarca.com\/wordpress\/segunda\/wp-content\/uploads\/2025\/05\/ElJUGONCOVINAS1.jpg 886w\" sizes=\"auto, (max-width: 768px) 100vw, 768px\" \/><\/figure>\n\n\n\n<figure class=\"wp-block-image\"><img decoding=\"async\" data-id=\"264519\" src=\"https:\/\/www.tucomarca.com\/wordpress\/segunda\/wp-content\/uploads\/2025\/05\/VETERUMTARDANACOVINAS-1.jpg\" alt=\"\" class=\"wp-image-264519\"\/><\/figure>\n<\/figure>\n\n\n\n<p>En palabras de Jorge Srougi, director general de Covi\u00f1as: \u201cFENAVIN es una oportunidad \u00fanica para reunirnos cara a cara con nuestros socios comerciales internacionales, tanto con aquellos con los que trabajamos desde hace a\u00f1os como con nuevos compradores interesados en nuestros vinos. Es una feria profesional y cita ineludible para continuar creciendo en mercados exteriores\u201d.<\/p>\n\n\n\n<p>En esta edici\u00f3n, Covi\u00f1as presenta sus \u00faltimas novedades enol\u00f3gicas:<\/p>\n\n\n\n<p>La gama EL JUG\u00d3N representa una de las apuestas m\u00e1s frescas e innovadoras de Covi\u00f1as, pensada para un p\u00fablico joven que busca vinos ligeros, con baja graduaci\u00f3n alcoh\u00f3lica y f\u00e1ciles de disfrutar en cualquier ocasi\u00f3n. Son vinos vibrantes y afrutados dise\u00f1ados para momentos informales y sociales, como aperitivos, tardes con amigos o comidas ligeras. Es una propuesta alineada con las nuevas tendencias de consumo responsable y un estilo de vida m\u00e1s relajado.<\/p>\n\n\n\n<p>VETERUM por su parte es el reflejo del compromiso de Covi\u00f1as con la tradici\u00f3n vitivin\u00edcola y la recuperaci\u00f3n de variedades aut\u00f3ctonas. Dirigida a un p\u00fablico exigente, amante del origen y la autenticidad, esta colecci\u00f3n incluye elaboraciones singulares como el nuevo VETERUM Tardana, un blanco elaborado con esta variedad aut\u00f3ctona de la comarca de Requena Utiel. Con vinos estructurados y elegantes, VETERUM es perfecta para maridar con cocina mediterr\u00e1nea, pescados, mariscos y platos de alta gastronom\u00eda.<\/p>\n\n\n\n<p>Con un enfoque moderno y cosmopolita, la gama AL VENT ofrece vinos vers\u00e1tiles y expresivos, ideales para consumidores que buscan disfrutar y quieren vinos con personalidad. A esta familia se suma ahora AL VENT Blanc de Noir, un vino blanco elaborado a partir de uvas tintas que sorprende por su suavidad y cuerpo, ideal para maridar con cocina asi\u00e1tica, carnes blancas o platos fusi\u00f3n. Es la elecci\u00f3n perfecta para quienes valoran la frescura y la innovaci\u00f3n.<\/p>\n\n\n\n<p>Para m\u00e1s informaci\u00f3n sobre Covi\u00f1as y sus productos, visite su stand en FENAVIN 2025 o acceda a su sitio web oficial.<\/p>\n","protected":false},"excerpt":{"rendered":"<div class=\"mh-excerpt\">Covi\u00f1as, una de las principales cooperativas vitivin\u00edcolas de la Comunidad Valenciana, participa en la XIII edici\u00f3n de FENAVIN, la Feria Nacional del Vino, que se celebra del 6 al 8 de mayo en Ciudad Real. <a class=\"mh-excerpt-more\" href=\"https:\/\/www.tucomarca.com\/wordpress\/segunda\/covinas-refuerza-su-presencia-internacional-en-fenavin-2025-con-nuevas-propuestas-enologicas\/\" title=\"Covi\u00f1as refuerza su presencia internacional en Fenavin 2025 con nuevas propuestas enol\u00f3gicas\">[+] <\/a><\/div>\n","protected":false},"author":12,"featured_media":264513,"comment_status":"open","ping_status":"open","sticky":false,"template":"","format":"standard","meta":{"footnotes":""},"categories":[113,8,7,28,27,3],"tags":[7782,22262,10388,10387],"class_list":{"0":"post-264511","1":"post","2":"type-post","3":"status-publish","4":"format-standard","5":"has-post-thumbnail","7":"category-vinos","8":"category-la-comarca","9":"category-ocio-y-cultura","10":"category-requena","11":"category-requena-utiel","12":"category-seccion","13":"tag-fenavin","14":"tag-grupo-covinas","15":"tag-requena","16":"tag-requena-utiel"},"_links":{"self":[{"href":"https:\/\/www.tucomarca.com\/wordpress\/segunda\/wp-json\/wp\/v2\/posts\/264511","targetHints":{"allow":["GET"]}}],"collection":[{"href":"https:\/\/www.tucomarca.com\/wordpress\/segunda\/wp-json\/wp\/v2\/posts"}],"about":[{"href":"https:\/\/www.tucomarca.com\/wordpress\/segunda\/wp-json\/wp\/v2\/types\/post"}],"author":[{"embeddable":true,"href":"https:\/\/www.tucomarca.com\/wordpress\/segunda\/wp-json\/wp\/v2\/users\/12"}],"replies":[{"embeddable":true,"href":"https:\/\/www.tucomarca.com\/wordpress\/segunda\/wp-json\/wp\/v2\/comments?post=264511"}],"version-history":[{"count":0,"href":"https:\/\/www.tucomarca.com\/wordpress\/segunda\/wp-json\/wp\/v2\/posts\/264511\/revisions"}],"wp:featuredmedia":[{"embeddable":true,"href":"https:\/\/www.tucomarca.com\/wordpress\/segunda\/wp-json\/wp\/v2\/media\/264513"}],"wp:attachment":[{"href":"https:\/\/www.tucomarca.com\/wordpress\/segunda\/wp-json\/wp\/v2\/media?parent=264511"}],"wp:term":[{"taxonomy":"category","embeddable":true,"href":"https:\/\/www.tucomarca.com\/wordpress\/segunda\/wp-json\/wp\/v2\/categories?post=264511"},{"taxonomy":"post_tag","embeddable":true,"href":"https:\/\/www.tucomarca.com\/wordpress\/segunda\/wp-json\/wp\/v2\/tags?post=264511"}],"curies":[{"name":"wp","href":"https:\/\/api.w.org\/{rel}","templated":true}]}}