{"id":264572,"date":"2025-05-06T10:47:00","date_gmt":"2025-05-06T08:47:00","guid":{"rendered":"https:\/\/www.tucomarca.com\/wordpress\/segunda\/?p=264572"},"modified":"2025-05-06T21:29:42","modified_gmt":"2025-05-06T19:29:42","slug":"bunol-celebra-una-nueva-edicion-de-vivir-de-cine-con-una-cartelera-diversa-y-grandes-titulos","status":"publish","type":"post","link":"https:\/\/www.tucomarca.com\/wordpress\/segunda\/bunol-celebra-una-nueva-edicion-de-vivir-de-cine-con-una-cartelera-diversa-y-grandes-titulos\/","title":{"rendered":"Bu\u00f1ol celebra una nueva edici\u00f3n de \u00abVivir de Cine\u00bb con una cartelera diversa y grandes t\u00edtulos"},"content":{"rendered":"\n<p>Bu\u00f1ol vuelve a convertirse en un referente cultural con la nueva edici\u00f3n de \u00abVivir de Cine\u00bb, un ciclo cinematogr\u00e1fico que tendr\u00e1 lugar cada jueves del 8 de mayo al 26 de junio de 2025 en diferentes espacios emblem\u00e1ticos de la localidad.<\/p>\n\n\n<div class=\"wp-block-image\">\n<figure class=\"alignleft size-large is-resized\"><img loading=\"lazy\" decoding=\"async\" width=\"712\" height=\"1024\" src=\"https:\/\/www.tucomarca.com\/wordpress\/segunda\/wp-content\/uploads\/2025\/04\/vdc2025-1-712x1024.jpg\" alt=\"\" class=\"wp-image-263497\" style=\"width:395px;height:auto\" srcset=\"https:\/\/www.tucomarca.com\/wordpress\/segunda\/wp-content\/uploads\/2025\/04\/vdc2025-1-712x1024.jpg 712w, https:\/\/www.tucomarca.com\/wordpress\/segunda\/wp-content\/uploads\/2025\/04\/vdc2025-1-209x300.jpg 209w, https:\/\/www.tucomarca.com\/wordpress\/segunda\/wp-content\/uploads\/2025\/04\/vdc2025-1-768x1104.jpg 768w, https:\/\/www.tucomarca.com\/wordpress\/segunda\/wp-content\/uploads\/2025\/04\/vdc2025-1-1068x1536.jpg 1068w, https:\/\/www.tucomarca.com\/wordpress\/segunda\/wp-content\/uploads\/2025\/04\/vdc2025-1-1425x2048.jpg 1425w, https:\/\/www.tucomarca.com\/wordpress\/segunda\/wp-content\/uploads\/2025\/04\/vdc2025-1-scaled.jpg 1781w\" sizes=\"auto, (max-width: 712px) 100vw, 712px\" \/><\/figure>\n<\/div>\n\n\n<p>El evento, organizado por la Concejal\u00eda de Cultura del Ayuntamiento de Bu\u00f1ol, ofrece una programaci\u00f3n variada y de calidad, con t\u00edtulos premiados y propuestas valientes por solo 3 euros la entrada. Las proyecciones se repartir\u00e1n entre el Teatro Montecarlo, el Palacio de la M\u00fasica y la Sala Raga, ofreciendo al p\u00fablico la oportunidad de disfrutar del mejor cine en pantalla grande.<\/p>\n\n\n\n<p>Uno de los momentos m\u00e1s esperados ser\u00e1 la clausura del ciclo con la proyecci\u00f3n de <em>La Quimera del Oro<\/em>, coincidiendo con el centenario de la pel\u00edcula de Charles Chaplin. La sesi\u00f3n estar\u00e1 acompa\u00f1ada de m\u00fasica en directo del grupo Manjana, ofreciendo una experiencia cinematogr\u00e1fica \u00fanica.<\/p>\n\n\n\n<p>Bu\u00f1ol vuelve a convertirse en escenario para los amantes del s\u00e9ptimo arte con una nueva edici\u00f3n de \u00abVivir de Cine\u00bb, el ciclo cinematogr\u00e1fico que llenar\u00e1 de pel\u00edculas las tardes de los jueves del 8 de mayo al 26 de junio.<\/p>\n\n\n\n<h4 class=\"wp-block-heading\"><strong>Programaci\u00f3n completa de \u201cVivir de Cine 2025\u201d<\/strong><\/h4>\n\n\n\n<p><strong>Jueves 8 de mayo \u2013 Inauguraci\u00f3n<\/strong><\/p>\n\n\n\n<p><em>El 47<\/em>. Teatro Montecarlo \u2013 19:30 h<\/p>\n\n\n\n<p><strong>Jueves 15 de mayo<\/strong><\/p>\n\n\n\n<p><em>Anora<\/em>. Palacio de la M\u00fasica \u2013 20:00 h<\/p>\n\n\n\n<p><strong>Jueves 22 de mayo<\/strong><\/p>\n\n\n\n<p><em>Flow<\/em>. Teatro Montecarlo \u2013 20:00 h<\/p>\n\n\n\n<p><strong>Jueves 29 de mayo<\/strong><\/p>\n\n\n\n<p><em>A\u00fan estoy aqu\u00ed<\/em>. Palacio de la M\u00fasica \u2013 20:00 h<\/p>\n\n\n\n<p><strong>Jueves 5 de junio<\/strong><\/p>\n\n\n\n<p><em>Emilia P\u00e9rez<\/em>. Teatro Montecarlo \u2013 20:00 h<\/p>\n\n\n\n<p><strong>Jueves 12 de junio<\/strong><\/p>\n\n\n\n<p><em>La Estrella Azul<\/em>. Palacio de la M\u00fasica \u2013 20:00 h<\/p>\n\n\n\n<p><strong>Jueves 19 de junio<\/strong><\/p>\n\n\n\n<p><em>La noche m\u00e1s corta<\/em> (Sesi\u00f3n de cortos valencianos). Sala Raga \u2013 20:00 h<\/p>\n\n\n\n<p><strong>Jueves 26 de junio \u2013 Clausura<\/strong><\/p>\n\n\n\n<p><em>La Quimera del Oro<\/em>, con m\u00fasica en directo del grupo <strong>Manjana<\/strong>. Palacio de la M\u00fasica \u2013 19:30 h<\/p>\n\n\n\n<p>Con esta propuesta, Bu\u00f1ol refuerza su compromiso con la <strong>cultura accesible, diversa y de calidad<\/strong>, brindando al p\u00fablico una oportunidad \u00fanica de disfrutar del cine como experiencia colectiva.<\/p>\n","protected":false},"excerpt":{"rendered":"<div class=\"mh-excerpt\">Bu\u00f1ol vuelve a convertirse en un referente cultural con la nueva edici\u00f3n de \u00abVivir de Cine\u00bb, un ciclo cinematogr\u00e1fico que tendr\u00e1 lugar cada jueves del 8 de mayo al 26 de junio de 2025 en <a class=\"mh-excerpt-more\" href=\"https:\/\/www.tucomarca.com\/wordpress\/segunda\/bunol-celebra-una-nueva-edicion-de-vivir-de-cine-con-una-cartelera-diversa-y-grandes-titulos\/\" title=\"Bu\u00f1ol celebra una nueva edici\u00f3n de \u00abVivir de Cine\u00bb con una cartelera diversa y grandes t\u00edtulos\">[+] <\/a><\/div>\n","protected":false},"author":12,"featured_media":264581,"comment_status":"open","ping_status":"open","sticky":false,"template":"","format":"standard","meta":{"footnotes":""},"categories":[4,18,8,10,7,3],"tags":[10385,5952,22266],"class_list":{"0":"post-264572","1":"post","2":"type-post","3":"status-publish","4":"format-standard","5":"has-post-thumbnail","7":"category-agenda","8":"category-bunol","9":"category-la-comarca","10":"category-la-hoya","11":"category-ocio-y-cultura","12":"category-seccion","13":"tag-bunol","14":"tag-la-hoya-de-bunol-chiva","15":"tag-vivir-de-cine-2025"},"_links":{"self":[{"href":"https:\/\/www.tucomarca.com\/wordpress\/segunda\/wp-json\/wp\/v2\/posts\/264572","targetHints":{"allow":["GET"]}}],"collection":[{"href":"https:\/\/www.tucomarca.com\/wordpress\/segunda\/wp-json\/wp\/v2\/posts"}],"about":[{"href":"https:\/\/www.tucomarca.com\/wordpress\/segunda\/wp-json\/wp\/v2\/types\/post"}],"author":[{"embeddable":true,"href":"https:\/\/www.tucomarca.com\/wordpress\/segunda\/wp-json\/wp\/v2\/users\/12"}],"replies":[{"embeddable":true,"href":"https:\/\/www.tucomarca.com\/wordpress\/segunda\/wp-json\/wp\/v2\/comments?post=264572"}],"version-history":[{"count":0,"href":"https:\/\/www.tucomarca.com\/wordpress\/segunda\/wp-json\/wp\/v2\/posts\/264572\/revisions"}],"wp:featuredmedia":[{"embeddable":true,"href":"https:\/\/www.tucomarca.com\/wordpress\/segunda\/wp-json\/wp\/v2\/media\/264581"}],"wp:attachment":[{"href":"https:\/\/www.tucomarca.com\/wordpress\/segunda\/wp-json\/wp\/v2\/media?parent=264572"}],"wp:term":[{"taxonomy":"category","embeddable":true,"href":"https:\/\/www.tucomarca.com\/wordpress\/segunda\/wp-json\/wp\/v2\/categories?post=264572"},{"taxonomy":"post_tag","embeddable":true,"href":"https:\/\/www.tucomarca.com\/wordpress\/segunda\/wp-json\/wp\/v2\/tags?post=264572"}],"curies":[{"name":"wp","href":"https:\/\/api.w.org\/{rel}","templated":true}]}}