{"id":264807,"date":"2025-05-08T11:00:00","date_gmt":"2025-05-08T09:00:00","guid":{"rendered":"https:\/\/www.tucomarca.com\/wordpress\/segunda\/?p=264807"},"modified":"2025-05-08T18:55:07","modified_gmt":"2025-05-08T16:55:07","slug":"godelleta-recibe-el-premio-audaz-a-la-mejor-buena-practica-en-materia-de-transparencia","status":"publish","type":"post","link":"https:\/\/www.tucomarca.com\/wordpress\/segunda\/godelleta-recibe-el-premio-audaz-a-la-mejor-buena-practica-en-materia-de-transparencia\/","title":{"rendered":"Godelleta recibe el premio AUDAZ a la \u00abmejor buena pr\u00e1ctica\u00bb en materia de transparencia"},"content":{"rendered":"\n<h3 class=\"wp-block-heading\">El premio es organizado por RAGA, la Red Acad\u00e9mica de Gobierno Abierto, en esta segunda edici\u00f3n en la que se premia la transparencia local.<\/h3>\n\n\n\n<h3 class=\"wp-block-heading\">El Ayuntamiento de Godelleta present\u00f3 el proyecto \u00abBar\u00f3metro de Servicios P\u00fablicos y Acceso a la Informaci\u00f3n\u00bb, un trabajo realizado mediante los fondos gestionados y subvencionados con la Diputaci\u00f3n de Valencia y como instituci\u00f3n adherida a la Red Iberoamericana de Buen Gobierno e Igualdad.<\/h3>\n\n\n\n<p>Godelleta ha recibido la distinci\u00f3n del premio AUDAZ a la \u201cmejor buena pr\u00e1ctica\u201d, en esta segunda edici\u00f3n que premia la transparencia local, organizada por RAGA, la Red Acad\u00e9mica de Gobierno Abierto. El ayuntamiento present\u00f3 su candidatura con el \u201cBar\u00f3metro de Servicios P\u00fablicos y Acceso a la Informaci\u00f3n\u201d, un trabajo realizado gracias a los fondos gestionados y subvencionados con la Diputaci\u00f3n de Valencia y en el marco de ser una instituci\u00f3n adherida a la Red Iberoamericana de Buen Gobierno e Igualdad (RIBGI).<\/p>\n\n\n\n<p>Los objetivos primordiales de las Distinciones AUDAZ, son dar visibilidad y premiar las mejores pr\u00e1cticas o proyectos en materia de transparencia dentro del \u00e1mbito local, reconociendo el buen trabajo por hacer llegar la informaci\u00f3n a la poblaci\u00f3n de manera cada vez m\u00e1s accesible y con mayor calidad.<\/p>\n\n\n\n<p>El proyecto presentado se trat\u00f3 de un investigaci\u00f3n lineal dise\u00f1ada para evaluar la evoluci\u00f3n del municipio en materia de servicio e infraestructuras, transparencia y acceso a la informaci\u00f3n p\u00fablica. \u201cEs muy positivo para Godelleta, haber recibido esta distinci\u00f3n que destaca el compromiso del municipio con la participaci\u00f3n ciudadana y la mejora continua en la gesti\u00f3n p\u00fablica\u201d, afirma Amparo Pardo, alcaldesa de Godelleta.<\/p>\n\n\n\n<p>El Bar\u00f3metro de Servicios P\u00fablicos y Acceso a la Informaci\u00f3n se elabor\u00f3 a trav\u00e9s de encuestas a la poblaci\u00f3n, realizando un examen riguroso de la gesti\u00f3n municipal basado en 50 indicadores que buscan medir la percepci\u00f3n ciudadana sobre los servicios p\u00fablicos y su nivel de accesibilidad a la informaci\u00f3n gubernamental.<\/p>\n\n\n\n<p>Han valorado factores y servicios como la educaci\u00f3n, el acondicionamiento de calles y zonas urbanas o las instalaciones p\u00fablicas como la piscina o el polideportivo. \u201cEntre los resultados a destacar observamos la necesidad de ocio juvenil y hemos comenzando por implementar la primera edici\u00f3n de una escuela de pascua sostenible para adolescentes en la Escuela Bosco de Godelleta\u201d, destaca la alcaldesa.<\/p>\n\n\n\n<p>El estudio se ha enfocado en poder captar el p\u00fablico m\u00e1ximamente variado de todo el t\u00e9rmino municipal, pudiendo detectar el mayor n\u00famero de necesidades de la poblaci\u00f3n. As\u00ed, Pardo a\u00f1ade: \u201cEsto nos ayuda a seguir mejorando y conociendo aquello que la ciudadan\u00eda requiere para que podamos avanzar diariamente en mejorar la calidad de vida y el bienestar\u201d.<\/p>\n\n\n\n<p>De esta manera, el pr\u00f3ximo 22 de mayo, la alcaldesa asistir\u00e1 a la sede de la Federaci\u00f3n Espa\u00f1ola de Municipios y Provincias, donde tendr\u00e1 lugar la gala con la presencia de los m\u00e1ximos responsables de las instituciones colaboradoras y la Secretaria de Estado de Funci\u00f3n P\u00fablica, como son el Presidente del Consejo de Transparencia y Buen Gobierno, el Presidente de la Agencia Espa\u00f1ola de Protecci\u00f3n de Datos y el Presidente de la Autoridad independiente de Protecci\u00f3n del Informante.<\/p>\n","protected":false},"excerpt":{"rendered":"<div class=\"mh-excerpt\">El premio es organizado por RAGA, la Red Acad\u00e9mica de Gobierno Abierto, en esta segunda edici\u00f3n en la que se premia la transparencia local. El Ayuntamiento de Godelleta present\u00f3 el proyecto \u00abBar\u00f3metro de Servicios P\u00fablicos <a class=\"mh-excerpt-more\" href=\"https:\/\/www.tucomarca.com\/wordpress\/segunda\/godelleta-recibe-el-premio-audaz-a-la-mejor-buena-practica-en-materia-de-transparencia\/\" title=\"Godelleta recibe el premio AUDAZ a la \u00abmejor buena pr\u00e1ctica\u00bb en materia de transparencia\">[+] <\/a><\/div>\n","protected":false},"author":12,"featured_media":264809,"comment_status":"open","ping_status":"open","sticky":false,"template":"","format":"standard","meta":{"footnotes":""},"categories":[14,8,10,142,3],"tags":[10383,5952,22284,22283,2510],"class_list":{"0":"post-264807","1":"post","2":"type-post","3":"status-publish","4":"format-standard","5":"has-post-thumbnail","7":"category-godelleta","8":"category-la-comarca","9":"category-la-hoya","10":"category-politica-la-comarca","11":"category-seccion","12":"tag-godelleta","13":"tag-la-hoya-de-bunol-chiva","14":"tag-premio-audaz","15":"tag-red-academica-de-gobierno-abierto","16":"tag-transparencia"},"_links":{"self":[{"href":"https:\/\/www.tucomarca.com\/wordpress\/segunda\/wp-json\/wp\/v2\/posts\/264807","targetHints":{"allow":["GET"]}}],"collection":[{"href":"https:\/\/www.tucomarca.com\/wordpress\/segunda\/wp-json\/wp\/v2\/posts"}],"about":[{"href":"https:\/\/www.tucomarca.com\/wordpress\/segunda\/wp-json\/wp\/v2\/types\/post"}],"author":[{"embeddable":true,"href":"https:\/\/www.tucomarca.com\/wordpress\/segunda\/wp-json\/wp\/v2\/users\/12"}],"replies":[{"embeddable":true,"href":"https:\/\/www.tucomarca.com\/wordpress\/segunda\/wp-json\/wp\/v2\/comments?post=264807"}],"version-history":[{"count":0,"href":"https:\/\/www.tucomarca.com\/wordpress\/segunda\/wp-json\/wp\/v2\/posts\/264807\/revisions"}],"wp:featuredmedia":[{"embeddable":true,"href":"https:\/\/www.tucomarca.com\/wordpress\/segunda\/wp-json\/wp\/v2\/media\/264809"}],"wp:attachment":[{"href":"https:\/\/www.tucomarca.com\/wordpress\/segunda\/wp-json\/wp\/v2\/media?parent=264807"}],"wp:term":[{"taxonomy":"category","embeddable":true,"href":"https:\/\/www.tucomarca.com\/wordpress\/segunda\/wp-json\/wp\/v2\/categories?post=264807"},{"taxonomy":"post_tag","embeddable":true,"href":"https:\/\/www.tucomarca.com\/wordpress\/segunda\/wp-json\/wp\/v2\/tags?post=264807"}],"curies":[{"name":"wp","href":"https:\/\/api.w.org\/{rel}","templated":true}]}}