{"id":264996,"date":"2025-05-09T20:00:00","date_gmt":"2025-05-09T18:00:00","guid":{"rendered":"https:\/\/www.tucomarca.com\/wordpress\/segunda\/?p=264996"},"modified":"2025-05-10T14:56:03","modified_gmt":"2025-05-10T12:56:03","slug":"la-diputacio-y-la-generalitat-llaman-a-construir-el-futuro-de-europa-desde-los-municipios","status":"publish","type":"post","link":"https:\/\/www.tucomarca.com\/wordpress\/segunda\/la-diputacio-y-la-generalitat-llaman-a-construir-el-futuro-de-europa-desde-los-municipios\/","title":{"rendered":"La Diputaci\u00f3 y la Generalitat llaman a construir el futuro de Europa desde los municipios"},"content":{"rendered":"\n<h3 class=\"wp-block-heading\">Las dos instituciones celebran el D\u00eda de Europa dando protagonismo a entidades locales y alumnos de escuelas embajadoras del Parlamento Europeo.<\/h3>\n\n\n\n<h3 class=\"wp-block-heading\">La vicepresidenta de la Diputaci\u00f3n, Nat\u00e0lia Enguix, avanza que pedir\u00e1n a Bruselas que las diputaciones puedan obtener financiaci\u00f3n directa para desarrollar proyectos europeos.<\/h3>\n\n\n\n<h3 class=\"wp-block-heading\">Los exparlamentarios europeos Jos\u00e9 Manuel G\u00aa Margallo y Joan Calabuig coinciden en que la soluci\u00f3n para los actuales desaf\u00edos de la Uni\u00f3n Europea pasa por una mayor unidad de sus miembros.<\/h3>\n\n\n\n<p>La Diputaci\u00f3 de Val\u00e8ncia y la Generalitat Valenciana han celebrado este 9 de mayo el D\u00eda de Europa bajo el lema \u2018Construyendo Europa desde los municipios para los j\u00f3venes\u2019. En un acto conjunto que ha tenido lugar en el Patio dels Scala de la Diputaci\u00f3n, este a\u00f1o ambas instituciones han otorgado el protagonismo tanto a los j\u00f3venes como a las entidades locales, dos pilares fundamentales en la construcci\u00f3n del futuro de la Uni\u00f3n Europea.<\/p>\n\n\n\n<p>La vicepresidenta primera de la corporaci\u00f3n provincial, Nat\u00e0lia Enguix, encargada de abrir la jornada junto al secretario auton\u00f3mico de Representaci\u00f3n ante la Uni\u00f3n Europea y las Comunidades Aut\u00f3nomas, Pablo Broseta, ha afirmado que \u201clo que estamos celebrando hoy es el cumplimiento de un sue\u00f1o, como es el proyecto comunitario, por cuyos valores no debemos dejar de luchar. Por eso desde esta instituci\u00f3n estamos trabajando para visualizar el papel de la Uni\u00f3n Europea ante nuestros pueblos, con iniciativas como la creaci\u00f3n de una oficina de fondos europeos, una gran herramienta para los municipios m\u00e1s peque\u00f1os\u201d.<\/p>\n\n\n\n<p>Enguix, adem\u00e1s, ha anunciado que se va a presentar en Bruselas un manifiesto \u201cpara pedir que las diputaciones provinciales, como entidades vertebradoras de los municipios, puedan obtener financiaci\u00f3n directa de la Uni\u00f3n Europea para el desarrollo de proyectos europeos\u201d.<\/p>\n\n\n\n<p>Por su parte, Pablo Broseta ha reivindicado \u201cla colaboraci\u00f3n entre la Generalitat y la Diputaci\u00f3n para garantizar que todos los beneficios y posibilidades que ofrece el pertenecer a la Uni\u00f3n Europea lleguen a todos nuestros municipios, es decir, para, en definitiva, acercar Europa a sus pueblos\u201d.<\/p>\n\n\n\n<figure class=\"wp-block-gallery has-nested-images columns-2 is-cropped wp-block-gallery-1 is-layout-flex wp-block-gallery-is-layout-flex\">\n<figure class=\"wp-block-image size-large\"><img loading=\"lazy\" decoding=\"async\" width=\"1024\" height=\"665\" data-id=\"265007\" src=\"https:\/\/www.tucomarca.com\/wordpress\/segunda\/wp-content\/uploads\/2025\/05\/EnguixDiadeEuropa5-1024x665.jpg\" alt=\"\" class=\"wp-image-265007\" srcset=\"https:\/\/www.tucomarca.com\/wordpress\/segunda\/wp-content\/uploads\/2025\/05\/EnguixDiadeEuropa5-1024x665.jpg 1024w, https:\/\/www.tucomarca.com\/wordpress\/segunda\/wp-content\/uploads\/2025\/05\/EnguixDiadeEuropa5-300x195.jpg 300w, https:\/\/www.tucomarca.com\/wordpress\/segunda\/wp-content\/uploads\/2025\/05\/EnguixDiadeEuropa5-768x499.jpg 768w, https:\/\/www.tucomarca.com\/wordpress\/segunda\/wp-content\/uploads\/2025\/05\/EnguixDiadeEuropa5.jpg 1181w\" sizes=\"auto, (max-width: 1024px) 100vw, 1024px\" \/><\/figure>\n\n\n\n<figure class=\"wp-block-image size-large\"><img loading=\"lazy\" decoding=\"async\" width=\"1024\" height=\"666\" data-id=\"265003\" src=\"https:\/\/www.tucomarca.com\/wordpress\/segunda\/wp-content\/uploads\/2025\/05\/EnguixDiadeEuropa3-1024x666.jpg\" alt=\"\" class=\"wp-image-265003\" srcset=\"https:\/\/www.tucomarca.com\/wordpress\/segunda\/wp-content\/uploads\/2025\/05\/EnguixDiadeEuropa3-1024x666.jpg 1024w, https:\/\/www.tucomarca.com\/wordpress\/segunda\/wp-content\/uploads\/2025\/05\/EnguixDiadeEuropa3-300x195.jpg 300w, https:\/\/www.tucomarca.com\/wordpress\/segunda\/wp-content\/uploads\/2025\/05\/EnguixDiadeEuropa3-768x499.jpg 768w, https:\/\/www.tucomarca.com\/wordpress\/segunda\/wp-content\/uploads\/2025\/05\/EnguixDiadeEuropa3.jpg 1181w\" sizes=\"auto, (max-width: 1024px) 100vw, 1024px\" \/><\/figure>\n\n\n\n<figure class=\"wp-block-image size-large\"><img loading=\"lazy\" decoding=\"async\" width=\"1024\" height=\"666\" data-id=\"265001\" src=\"https:\/\/www.tucomarca.com\/wordpress\/segunda\/wp-content\/uploads\/2025\/05\/EnguixDiadeEuropa2-1024x666.jpg\" alt=\"\" class=\"wp-image-265001\" srcset=\"https:\/\/www.tucomarca.com\/wordpress\/segunda\/wp-content\/uploads\/2025\/05\/EnguixDiadeEuropa2-1024x666.jpg 1024w, https:\/\/www.tucomarca.com\/wordpress\/segunda\/wp-content\/uploads\/2025\/05\/EnguixDiadeEuropa2-300x195.jpg 300w, https:\/\/www.tucomarca.com\/wordpress\/segunda\/wp-content\/uploads\/2025\/05\/EnguixDiadeEuropa2-768x499.jpg 768w, https:\/\/www.tucomarca.com\/wordpress\/segunda\/wp-content\/uploads\/2025\/05\/EnguixDiadeEuropa2.jpg 1181w\" sizes=\"auto, (max-width: 1024px) 100vw, 1024px\" \/><\/figure>\n\n\n\n<figure class=\"wp-block-image size-large\"><img loading=\"lazy\" decoding=\"async\" width=\"1024\" height=\"666\" data-id=\"265005\" src=\"https:\/\/www.tucomarca.com\/wordpress\/segunda\/wp-content\/uploads\/2025\/05\/EnguixDiadeEuropa4-1024x666.jpg\" alt=\"\" class=\"wp-image-265005\" srcset=\"https:\/\/www.tucomarca.com\/wordpress\/segunda\/wp-content\/uploads\/2025\/05\/EnguixDiadeEuropa4-1024x666.jpg 1024w, https:\/\/www.tucomarca.com\/wordpress\/segunda\/wp-content\/uploads\/2025\/05\/EnguixDiadeEuropa4-300x195.jpg 300w, https:\/\/www.tucomarca.com\/wordpress\/segunda\/wp-content\/uploads\/2025\/05\/EnguixDiadeEuropa4-768x499.jpg 768w, https:\/\/www.tucomarca.com\/wordpress\/segunda\/wp-content\/uploads\/2025\/05\/EnguixDiadeEuropa4.jpg 1181w\" sizes=\"auto, (max-width: 1024px) 100vw, 1024px\" \/><\/figure>\n<\/figure>\n\n\n\n<p><strong>\u2018Estados Unidos de Europa\u2019<\/strong><\/p>\n\n\n\n<p>El acto, presentado por la actriz valenciana Mar\u00eda Zamora y amenizado por la actuaci\u00f3n musical de los alumnos del conservatorio de Torrent, ha contado con la participaci\u00f3n de un grupo de estudiantes de los centros de estudios valencianos pertenecientes al programa \u2018Escuelas embajadoras del Parlamento Europeo\u2019, que han le\u00eddo en voz alta varios art\u00edculos de la Carta de Derechos Fundamentales de la UE y del Tratado de la UE.<\/p>\n\n\n\n<p>El evento, que este a\u00f1o coincide con el 75 aniversario de la declaraci\u00f3n Schuman, ha tenido como colof\u00f3n una charla de los exparlamentarios europeos Jos\u00e9 Manuel G\u00aa Margallo y Joan Calabuig. Moderado por la diputada provincial, Amparo Folgado, el coloquio ha abordado c\u00f3mo construir el futuro de Europa desde una mirada retrospectiva. \u201cNos encontramos en la situaci\u00f3n m\u00e1s grave para la Uni\u00f3n Europea desde su creaci\u00f3n. Europa ha perdido peso demogr\u00e1fico, econ\u00f3mico y pol\u00edtico frente a otras grandes potencias, y para poder sobrevivir en el futuro s\u00f3lo existe una soluci\u00f3n: los Estados Unidos de Europa\u201d, ha manifestado Margallo.<\/p>\n\n\n\n<p>Calabuig ha coincidido en alertar de los grandes desaf\u00edos a los que se enfrenta actualmente el proyecto comunitario y en que la respuesta debe ser m\u00e1s unidad. \u201cNecesitamos fortalecer y relanzar Europa, y ello s\u00f3lo lo podemos conseguir si vamos de la mano de la ciudadan\u00eda\u201d, ha subrayado.<\/p>\n\n\n\n<p><strong>J\u00f3venes y entidades locales<\/strong><\/p>\n\n\n\n<p>Tras la apertura del acto, tres estudiantes de los colegios IES Simarro de X\u00e0tiva; IES Salvador Gadea de Aldaia; y Secci\u00f3 de l\u2019IES Conselleria de Valencia, todos ellos pertenecientes al programa \u2018Escuelas embajadoras del parlamento europeo\u2019, han participado en la mesa redonda \u2018Construyendo Europa con las Escuelas Embajadoras\u2019.&nbsp;<\/p>\n\n\n\n<p>En ella han podido debatir sobre la importancia de difundir los valores, derechos y principios europeos a trav\u00e9s de este programa que tiene por objetivo estimular el conocimiento de Europa y de la democracia parlamentaria europea entre los j\u00f3venes. Tambi\u00e9n han hablado de su experiencia como alumnos de estas escuelas y qu\u00e9 les aporta trabajar con materiales did\u00e1cticos proporcionados por el Parlamento Europeo y realizar actividades a lo largo del curso relacionadas con la Uni\u00f3n Europea.<\/p>\n\n\n\n<p>La segunda mesa redonda, \u2018Construyendo Europa con las autoridades locales\u2019, ha estado dedicada a la relevancia de los municipios y las entidades locales en el futuro de la Uni\u00f3n. El teniente alcalde de Quart de Poblet, Bartolom\u00e9 Nofuentes; la alcaldesa de La Pobla Llarga, Neus Garrigues; el teniente alcalde de Carcaixent, Pepe Oltra; el teniente alcalde de Ontinyent, Juan Pablo \u00dabeda; y el secretario general de la Federaci\u00f3n de Municipios y Provincias, Miguel Bailach, han hablado sobre las posibilidades del programa BELC. Se trata de una iniciativa cuyo prop\u00f3sito&nbsp;es crear una red de representantes locales procedentes de todos los Estados miembros para comunicar sobre el terreno asuntos relacionados con la Uni\u00f3n Europea.<\/p>\n\n\n\n<p>Adem\u00e1s, se han abordado temas como la posible fusi\u00f3n del programa con la red de corresponsales locales del Comit\u00e9 de las Regiones, con la finalidad de intercambiar experiencias y buenas pr\u00e1cticas sobre pol\u00edticas espec\u00edficas de la Uni\u00f3n Europea entre los representantes de las entidades locales de todo el continente.<\/p>\n","protected":false},"excerpt":{"rendered":"<div class=\"mh-excerpt\">Las dos instituciones celebran el D\u00eda de Europa dando protagonismo a entidades locales y alumnos de escuelas embajadoras del Parlamento Europeo. La vicepresidenta de la Diputaci\u00f3n, Nat\u00e0lia Enguix, avanza que pedir\u00e1n a Bruselas que las <a class=\"mh-excerpt-more\" href=\"https:\/\/www.tucomarca.com\/wordpress\/segunda\/la-diputacio-y-la-generalitat-llaman-a-construir-el-futuro-de-europa-desde-los-municipios\/\" title=\"La Diputaci\u00f3 y la Generalitat llaman a construir el futuro de Europa desde los municipios\">[+] <\/a><\/div>\n","protected":false},"author":12,"featured_media":264999,"comment_status":"open","ping_status":"open","sticky":false,"template":"","format":"gallery","meta":{"footnotes":""},"categories":[20526,128,8,72,20455,142,3,45],"tags":[10838,3677,10716],"class_list":{"0":"post-264996","1":"post","2":"type-post","3":"status-publish","4":"format-gallery","5":"has-post-thumbnail","7":"category-cooperacion-internacional","8":"category-infraestructuras","9":"category-la-comarca","10":"category-sin-categorizar","11":"category-la-diputacio-de-valencia-informa","12":"category-politica-la-comarca","13":"category-seccion","14":"category-ventana","15":"tag-dia-de-europa","16":"tag-diputacio-de-valencia","17":"tag-generalitat-valenciana","18":"post_format-post-format-gallery"},"_links":{"self":[{"href":"https:\/\/www.tucomarca.com\/wordpress\/segunda\/wp-json\/wp\/v2\/posts\/264996","targetHints":{"allow":["GET"]}}],"collection":[{"href":"https:\/\/www.tucomarca.com\/wordpress\/segunda\/wp-json\/wp\/v2\/posts"}],"about":[{"href":"https:\/\/www.tucomarca.com\/wordpress\/segunda\/wp-json\/wp\/v2\/types\/post"}],"author":[{"embeddable":true,"href":"https:\/\/www.tucomarca.com\/wordpress\/segunda\/wp-json\/wp\/v2\/users\/12"}],"replies":[{"embeddable":true,"href":"https:\/\/www.tucomarca.com\/wordpress\/segunda\/wp-json\/wp\/v2\/comments?post=264996"}],"version-history":[{"count":0,"href":"https:\/\/www.tucomarca.com\/wordpress\/segunda\/wp-json\/wp\/v2\/posts\/264996\/revisions"}],"wp:featuredmedia":[{"embeddable":true,"href":"https:\/\/www.tucomarca.com\/wordpress\/segunda\/wp-json\/wp\/v2\/media\/264999"}],"wp:attachment":[{"href":"https:\/\/www.tucomarca.com\/wordpress\/segunda\/wp-json\/wp\/v2\/media?parent=264996"}],"wp:term":[{"taxonomy":"category","embeddable":true,"href":"https:\/\/www.tucomarca.com\/wordpress\/segunda\/wp-json\/wp\/v2\/categories?post=264996"},{"taxonomy":"post_tag","embeddable":true,"href":"https:\/\/www.tucomarca.com\/wordpress\/segunda\/wp-json\/wp\/v2\/tags?post=264996"}],"curies":[{"name":"wp","href":"https:\/\/api.w.org\/{rel}","templated":true}]}}