{"id":265095,"date":"2025-05-10T21:00:00","date_gmt":"2025-05-10T19:00:00","guid":{"rendered":"https:\/\/www.tucomarca.com\/wordpress\/segunda\/?p=265095"},"modified":"2025-05-11T13:40:07","modified_gmt":"2025-05-11T11:40:07","slug":"el-cd-bunol-vuelve-a-tercera-division","status":"publish","type":"post","link":"https:\/\/www.tucomarca.com\/wordpress\/segunda\/el-cd-bunol-vuelve-a-tercera-division\/","title":{"rendered":"El CD Bu\u00f1ol asciende a Tercera Divisi\u00f3n diez a\u00f1os despu\u00e9s"},"content":{"rendered":"\n<h3 class=\"wp-block-heading\">El Club Deportivo Bu\u00f1ol asciende a Tercera Divisi\u00f3n, diez a\u00f1os despu\u00e9s, tras vencer al Ribarroja CF por 2 goles a 0 y proclamarse campe\u00f3n del grupo norte de la Lliga Comunitat la temporada 2024-25.<\/h3>\n\n\n\n<figure class=\"wp-block-image size-full\"><img loading=\"lazy\" decoding=\"async\" width=\"945\" height=\"630\" src=\"https:\/\/www.tucomarca.com\/wordpress\/segunda\/wp-content\/uploads\/2025\/05\/CDBunolATercera.jpg\" alt=\"\" class=\"wp-image-265103\" srcset=\"https:\/\/www.tucomarca.com\/wordpress\/segunda\/wp-content\/uploads\/2025\/05\/CDBunolATercera.jpg 945w, https:\/\/www.tucomarca.com\/wordpress\/segunda\/wp-content\/uploads\/2025\/05\/CDBunolATercera-300x200.jpg 300w, https:\/\/www.tucomarca.com\/wordpress\/segunda\/wp-content\/uploads\/2025\/05\/CDBunolATercera-768x512.jpg 768w\" sizes=\"auto, (max-width: 945px) 100vw, 945px\" \/><\/figure>\n\n\n\n<p>El <strong>Club Deportivo Bu\u00f1ol<\/strong> ha logrado este s\u00e1bado subir a <strong>Tercera Divisi\u00f3n<\/strong>; uno de los sue\u00f1os por los que lleva duramente peleando casi toda la \u00faltima d\u00e9cada, concretamente desde 2015, a\u00f1o en el que lograse su \u00faltimo ascenso de categor\u00eda en la que se mantuvo tres temporadas.<\/p>\n\n\n\n<p>Y lo ha hecho a lo grande: tras proclamarse campe\u00f3n del grupo norte de la Lliga Comunitat en esta temporada 2024-25 despu\u00e9s de una dura, re\u00f1ida e igualada campa\u00f1a en los puestos de cabeza, en los que se ha mantenido pr\u00e1cticamente durante la totalidad de la temporada en pugna directa con otros grandes equipos como el <strong>CD Recambios Col\u00f3n<\/strong>, el<strong> CD Onda<\/strong> o el <strong>CD Acero<\/strong>; y ocupando el liderato desde la pen\u00faltima jornada.<\/p>\n\n\n\n<p>Un equipo que, como el propio presidente del club, <strong>Nicol\u00e1s Galarza<\/strong>, ha recordado a <strong>tucomarca.com<\/strong>, \u00abse merec\u00eda el ascenso desde hace mucho tiempo, para lo que se ha luchado mucho y por fin se ha conseguido. El f\u00fatbol nos la deb\u00eda y nos la ha dado\u00bb, resaltaba emocionado el presidente durante la celebraci\u00f3n posterior al partido en el centro del campo.<\/p>\n\n\n\n<p>Un acenso que llega adem\u00e1s en una temporada para el equipo tambi\u00e9n muy complicada, como los jugadores han confesado a <strong>tucomarca.com<\/strong>, \u00abal tener que cambiar de campo por la sustituci\u00f3n del c\u00e9sped o por c\u00f3mo nos ha afectado la DANA\u00bb; aunque el entrenador, <strong>Alejandro San Isidro<\/strong>, ha querido sobre todo resaltar de este a\u00f1o al frente del banquillo blanco \u00abel apoyo incondicional y extraordinario de una afici\u00f3n como es la del Bu\u00f1ol\u00bb.<\/p>\n\n\n\n<p><strong>Gol de Jon\u00e1s en el minuto 6<\/strong><\/p>\n\n\n\n<p>El partido, jugado en el renovado c\u00e9sped del Beltr\u00e1n B\u00e1guena con unas gradas a rebosar de aficionados, entre los que no ha faltado el apoyo incondicional del Frente Bu\u00f1olarra, se ha puesto muy de cara para el CD Bu\u00f1ol, dado que <strong>Jon\u00e1s<\/strong> ha inaugurado el luminoso en un temprano minuto 6 con su gol; al que en el minuto 25 se ha sumado el tanto de <strong>Toni<\/strong>, para irse al descanso con un generoso 2 a cero a favor de los locales, marcador que ya no se mover\u00eda hasta final del partido.<\/p>\n\n\n\n<p><strong>Un campe\u00f3n con ascenso directo a Tercera<\/strong><\/p>\n\n\n\n<p>El CD Bu\u00f1ol ha vuelto a proclamarse campe\u00f3n de liga despu\u00e9s de que ya lo hiciese la pasada temporada 2019-2020; as\u00ed como en la 2020-21; aunque de su \u00faltimo ascenso a Tercera Divisi\u00f3n (el cuarto) hay que remontarse al a\u00f1o 2015 ya que a pesar de quedar campe\u00f3n el acenso entonces no se produc\u00eda de manera directa.<\/p>\n\n\n\n<p>No obstante, las normas de la Federaci\u00f3n de F\u00fatbol de la Comunidad Valenciana han variado y esta temporada ya se hab\u00eda determinado que, al igual que en la anterior cuando se modific\u00f3 la categor\u00eda y se super\u00f3 la tradicionalmente conocida como Regional Preferente para inaugurarse la Lliga Comunitat, en cuyo grupo norte qued\u00f3 encuadrado el CD Bu\u00f1ol y donde a partir de entonces se determin\u00f3 que el campe\u00f3 de cada campa\u00f1a subir\u00eda de manera directa a Tercera Divisi\u00f3n.<\/p>\n\n\n\n<p>Este ha sido el caso este a\u00f1o del CD Bu\u00f1ol que ha logrado alzarse con la Copa de campe\u00f3n tras 30 jornadas disputadas en las que ha sumado 55 puntos, uno m\u00e1s que el subcampe\u00f3n, que ha sido el <strong>CD Onda<\/strong> y que no ha podido superar a los blancos gracias a la victoria de \u00e9stos frente al <strong>Ribarroja CF<\/strong> y al no lograr pasar del empate en su partido. El <strong>CD Recambios Col\u00f3n Catarroja<\/strong> completa como tercero el cuadro de honor de esta temporada.<\/p>\n\n\n\n<p><strong>Salida al balc\u00f3n y visita a San Luis<\/strong><\/p>\n\n\n\n<p>Tras la celebraci\u00f3n en el <strong>Beltr\u00e1n B\u00e1guena<\/strong> y como se ha convertido ya en una tradici\u00f3n durante todos los ascensos,<a href=\"https:\/\/www.tucomarca.com\/wordpress\/segunda\/fotogaleria-asi-han-celebrado-los-jugadores-cuerpo-tecnico-directiva-y-aficion-del-cd-bunol-su-ansiado-y-esforzado-ascenso-a-tercera-division\/\"> jugadores, directiva y aficionados se han trasladado hasta el ayuntamiento<\/a>, donde han sido recibidos por la alcaldesa, <strong>Virginia Sanz<\/strong>; as\u00ed como por el concejal de Deportes, <strong>Ulises Araujo<\/strong>; y, de manera excepcional, por el diputado provincial del \u00e1rea de Administraci\u00f3n General y Bandas de M\u00fasica adem\u00e1s de alcalde de Utiel, <strong>Ricardo Gabald\u00f3n<\/strong>. Posteriormente, jugadores, cuerpo t\u00e9cnico y autoridades han salido al balc\u00f3n para disfrutar todos juntos del \u00e9xito conseguido junto a los aficionados.<\/p>\n\n\n\n<p>Poco despu\u00e9s, la comitiva se ha trasladado hasta el Parque de San Luis, donde han mostrado el t\u00edtulo al patr\u00f3n de la localidad, <strong>San Luis Bertr\u00e1n<\/strong>, en un gesto de agradecimiento y devoci\u00f3n que ha puesto el broche de oro a una jornada hist\u00f3rica para el club y para todo Bu\u00f1ol.<\/p>\n\n\n\n<p>Desde <strong>tucomarca.com<\/strong> queremos trasladar tanto a jugadores, como a la directiva y toda la afici\u00f3n nuestra efusiva enhorabuena por la consecuci\u00f3n de un campeonato y ascenso tan ampliamente peleado como merecido.<\/p>\n\n\n\n<p>Puedes disfrutar pinchando <a href=\"https:\/\/www.tucomarca.com\/wordpress\/segunda\/fotogaleria-asi-han-celebrado-los-jugadores-cuerpo-tecnico-directiva-y-aficion-del-cd-bunol-su-ansiado-y-esforzado-ascenso-a-tercera-division\/\">aqu\u00ed<\/a> de una amplia fotogaler\u00eda de la celebraci\u00f3n.<\/p>\n\n\n\n<p>Informa: <strong>M. A. Pall\u00e1s<\/strong><\/p>\n\n\n\n<p>Fotos: <strong>A. Pall\u00e1s<\/strong> y <strong>P. Ferrer.<\/strong><\/p>\n\n\n\n<figure class=\"wp-block-gallery has-nested-images columns-1 is-cropped wp-block-gallery-1 is-layout-flex wp-block-gallery-is-layout-flex\">\n<figure class=\"wp-block-image size-large\"><img loading=\"lazy\" decoding=\"async\" width=\"945\" height=\"630\" data-id=\"265114\" src=\"https:\/\/www.tucomarca.com\/wordpress\/segunda\/wp-content\/uploads\/2025\/05\/CDBunolATercera0.jpg\" alt=\"\" class=\"wp-image-265114\" srcset=\"https:\/\/www.tucomarca.com\/wordpress\/segunda\/wp-content\/uploads\/2025\/05\/CDBunolATercera0.jpg 945w, https:\/\/www.tucomarca.com\/wordpress\/segunda\/wp-content\/uploads\/2025\/05\/CDBunolATercera0-300x200.jpg 300w, https:\/\/www.tucomarca.com\/wordpress\/segunda\/wp-content\/uploads\/2025\/05\/CDBunolATercera0-768x512.jpg 768w\" sizes=\"auto, (max-width: 945px) 100vw, 945px\" \/><\/figure>\n\n\n\n<figure class=\"wp-block-image size-large\"><img loading=\"lazy\" decoding=\"async\" width=\"945\" height=\"630\" data-id=\"265111\" src=\"https:\/\/www.tucomarca.com\/wordpress\/segunda\/wp-content\/uploads\/2025\/05\/CDBunolATercera5.jpg\" alt=\"\" class=\"wp-image-265111\" srcset=\"https:\/\/www.tucomarca.com\/wordpress\/segunda\/wp-content\/uploads\/2025\/05\/CDBunolATercera5.jpg 945w, https:\/\/www.tucomarca.com\/wordpress\/segunda\/wp-content\/uploads\/2025\/05\/CDBunolATercera5-300x200.jpg 300w, https:\/\/www.tucomarca.com\/wordpress\/segunda\/wp-content\/uploads\/2025\/05\/CDBunolATercera5-768x512.jpg 768w\" sizes=\"auto, (max-width: 945px) 100vw, 945px\" \/><\/figure>\n\n\n\n<figure class=\"wp-block-image size-large\"><img loading=\"lazy\" decoding=\"async\" width=\"945\" height=\"603\" data-id=\"265109\" src=\"https:\/\/www.tucomarca.com\/wordpress\/segunda\/wp-content\/uploads\/2025\/05\/CDBunolATercera4.jpg\" alt=\"\" class=\"wp-image-265109\" srcset=\"https:\/\/www.tucomarca.com\/wordpress\/segunda\/wp-content\/uploads\/2025\/05\/CDBunolATercera4.jpg 945w, https:\/\/www.tucomarca.com\/wordpress\/segunda\/wp-content\/uploads\/2025\/05\/CDBunolATercera4-300x191.jpg 300w, https:\/\/www.tucomarca.com\/wordpress\/segunda\/wp-content\/uploads\/2025\/05\/CDBunolATercera4-768x490.jpg 768w\" sizes=\"auto, (max-width: 945px) 100vw, 945px\" \/><\/figure>\n\n\n\n<figure class=\"wp-block-image size-large\"><img loading=\"lazy\" decoding=\"async\" width=\"945\" height=\"630\" data-id=\"265107\" src=\"https:\/\/www.tucomarca.com\/wordpress\/segunda\/wp-content\/uploads\/2025\/05\/CDBunolATercera3.jpg\" alt=\"\" class=\"wp-image-265107\" srcset=\"https:\/\/www.tucomarca.com\/wordpress\/segunda\/wp-content\/uploads\/2025\/05\/CDBunolATercera3.jpg 945w, https:\/\/www.tucomarca.com\/wordpress\/segunda\/wp-content\/uploads\/2025\/05\/CDBunolATercera3-300x200.jpg 300w, https:\/\/www.tucomarca.com\/wordpress\/segunda\/wp-content\/uploads\/2025\/05\/CDBunolATercera3-768x512.jpg 768w\" sizes=\"auto, (max-width: 945px) 100vw, 945px\" \/><\/figure>\n\n\n\n<figure class=\"wp-block-image size-large\"><img loading=\"lazy\" decoding=\"async\" width=\"945\" height=\"630\" data-id=\"265105\" src=\"https:\/\/www.tucomarca.com\/wordpress\/segunda\/wp-content\/uploads\/2025\/05\/CDBunolATercera2.jpg\" alt=\"\" class=\"wp-image-265105\" srcset=\"https:\/\/www.tucomarca.com\/wordpress\/segunda\/wp-content\/uploads\/2025\/05\/CDBunolATercera2.jpg 945w, https:\/\/www.tucomarca.com\/wordpress\/segunda\/wp-content\/uploads\/2025\/05\/CDBunolATercera2-300x200.jpg 300w, https:\/\/www.tucomarca.com\/wordpress\/segunda\/wp-content\/uploads\/2025\/05\/CDBunolATercera2-768x512.jpg 768w\" sizes=\"auto, (max-width: 945px) 100vw, 945px\" \/><\/figure>\n<\/figure>\n\n\n\n<figure class=\"wp-block-image size-full\"><img loading=\"lazy\" decoding=\"async\" width=\"945\" height=\"532\" src=\"https:\/\/www.tucomarca.com\/wordpress\/segunda\/wp-content\/uploads\/2025\/05\/CDBunolATercera7.jpg\" alt=\"\" class=\"wp-image-265134\" srcset=\"https:\/\/www.tucomarca.com\/wordpress\/segunda\/wp-content\/uploads\/2025\/05\/CDBunolATercera7.jpg 945w, https:\/\/www.tucomarca.com\/wordpress\/segunda\/wp-content\/uploads\/2025\/05\/CDBunolATercera7-300x169.jpg 300w, https:\/\/www.tucomarca.com\/wordpress\/segunda\/wp-content\/uploads\/2025\/05\/CDBunolATercera7-768x432.jpg 768w, https:\/\/www.tucomarca.com\/wordpress\/segunda\/wp-content\/uploads\/2025\/05\/CDBunolATercera7-678x381.jpg 678w\" sizes=\"auto, (max-width: 945px) 100vw, 945px\" \/><\/figure>\n\n\n\n<figure class=\"wp-block-image size-full\"><img loading=\"lazy\" decoding=\"async\" width=\"945\" height=\"532\" src=\"https:\/\/www.tucomarca.com\/wordpress\/segunda\/wp-content\/uploads\/2025\/05\/CDBunolATercera6.jpg\" alt=\"\" class=\"wp-image-265132\" srcset=\"https:\/\/www.tucomarca.com\/wordpress\/segunda\/wp-content\/uploads\/2025\/05\/CDBunolATercera6.jpg 945w, https:\/\/www.tucomarca.com\/wordpress\/segunda\/wp-content\/uploads\/2025\/05\/CDBunolATercera6-300x169.jpg 300w, https:\/\/www.tucomarca.com\/wordpress\/segunda\/wp-content\/uploads\/2025\/05\/CDBunolATercera6-768x432.jpg 768w, https:\/\/www.tucomarca.com\/wordpress\/segunda\/wp-content\/uploads\/2025\/05\/CDBunolATercera6-678x381.jpg 678w\" sizes=\"auto, (max-width: 945px) 100vw, 945px\" \/><\/figure>\n","protected":false},"excerpt":{"rendered":"<div class=\"mh-excerpt\">El Club Deportivo Bu\u00f1ol asciende a Tercera Divisi\u00f3n, diez a\u00f1os despu\u00e9s, tras vencer al Ribarroja CF por 2 goles a 0 y proclamarse campe\u00f3n del grupo norte de la Lliga Comunitat la temporada 2024-25. El <a class=\"mh-excerpt-more\" href=\"https:\/\/www.tucomarca.com\/wordpress\/segunda\/el-cd-bunol-vuelve-a-tercera-division\/\" title=\"El CD Bu\u00f1ol asciende a Tercera Divisi\u00f3n diez a\u00f1os despu\u00e9s\">[+] <\/a><\/div>\n","protected":false},"author":1,"featured_media":265103,"comment_status":"open","ping_status":"open","sticky":false,"template":"","format":"gallery","meta":{"footnotes":""},"categories":[18,50,6,8,72,10,3,45],"tags":[22296,271,10385,537,44,5952,22295,6926,4714],"class_list":{"0":"post-265095","1":"post","2":"type-post","3":"status-publish","4":"format-gallery","5":"has-post-thumbnail","7":"category-bunol","8":"category-futbol-deportes","9":"category-deportes","10":"category-la-comarca","11":"category-sin-categorizar","12":"category-la-hoya","13":"category-seccion","14":"category-ventana","15":"tag-2024-25","16":"tag-ascenso","17":"tag-bunol","18":"tag-cd-bunol","19":"tag-futbol","20":"tag-la-hoya-de-bunol-chiva","21":"tag-lliga-comunitat","22":"tag-tercera","23":"tag-tercera-division","24":"post_format-post-format-gallery"},"_links":{"self":[{"href":"https:\/\/www.tucomarca.com\/wordpress\/segunda\/wp-json\/wp\/v2\/posts\/265095","targetHints":{"allow":["GET"]}}],"collection":[{"href":"https:\/\/www.tucomarca.com\/wordpress\/segunda\/wp-json\/wp\/v2\/posts"}],"about":[{"href":"https:\/\/www.tucomarca.com\/wordpress\/segunda\/wp-json\/wp\/v2\/types\/post"}],"author":[{"embeddable":true,"href":"https:\/\/www.tucomarca.com\/wordpress\/segunda\/wp-json\/wp\/v2\/users\/1"}],"replies":[{"embeddable":true,"href":"https:\/\/www.tucomarca.com\/wordpress\/segunda\/wp-json\/wp\/v2\/comments?post=265095"}],"version-history":[{"count":0,"href":"https:\/\/www.tucomarca.com\/wordpress\/segunda\/wp-json\/wp\/v2\/posts\/265095\/revisions"}],"wp:featuredmedia":[{"embeddable":true,"href":"https:\/\/www.tucomarca.com\/wordpress\/segunda\/wp-json\/wp\/v2\/media\/265103"}],"wp:attachment":[{"href":"https:\/\/www.tucomarca.com\/wordpress\/segunda\/wp-json\/wp\/v2\/media?parent=265095"}],"wp:term":[{"taxonomy":"category","embeddable":true,"href":"https:\/\/www.tucomarca.com\/wordpress\/segunda\/wp-json\/wp\/v2\/categories?post=265095"},{"taxonomy":"post_tag","embeddable":true,"href":"https:\/\/www.tucomarca.com\/wordpress\/segunda\/wp-json\/wp\/v2\/tags?post=265095"}],"curies":[{"name":"wp","href":"https:\/\/api.w.org\/{rel}","templated":true}]}}