{"id":265287,"date":"2025-05-12T10:00:00","date_gmt":"2025-05-12T08:00:00","guid":{"rendered":"https:\/\/www.tucomarca.com\/wordpress\/segunda\/?p=265287"},"modified":"2025-05-12T18:43:21","modified_gmt":"2025-05-12T16:43:21","slug":"la-mancomunidad-hoya-de-bunol-chiva-inicia-las-sesiones-del-curso-para-personas-cuidadoras-no-profesionales","status":"publish","type":"post","link":"https:\/\/www.tucomarca.com\/wordpress\/segunda\/la-mancomunidad-hoya-de-bunol-chiva-inicia-las-sesiones-del-curso-para-personas-cuidadoras-no-profesionales\/","title":{"rendered":"La Mancomunidad Hoya de Bu\u00f1ol-Chiva inicia las sesiones del curso para personas cuidadoras no profesionales"},"content":{"rendered":"\n<p>La iniciativa, organizada por el \u00e1rea de Servicios Sociales de la Mancomunidad, y promovida por la Conselleria de Servicios Sociales, se desarrolla durante los meses de mayo y junio en la sede de la Mancomunidad en Y\u00e1tova.<\/p>\n\n\n\n<p>La Mancomunidad Hoya de Bu\u00f1ol-Chiva ha iniciado las sesiones del curso de formaci\u00f3n para Personas Cuidadoras No Profesionales, en colaboraci\u00f3n con la Conselleria de Servicios Sociales, Igualdad y Vivienda. Esta actividad formativa se desarrolla los d\u00edas 8, 15, 22 y 29 de mayo y el 5 de junio, en horario de ma\u00f1ana, en las instalaciones de la propia Mancomunidad.<\/p>\n\n\n\n<p>El objetivo principal de esta formaci\u00f3n es ofrecer conocimientos b\u00e1sicos que ayuden a mejorar la atenci\u00f3n socio-sanitaria a personas en situaci\u00f3n de dependencia. A trav\u00e9s de los contenidos, se pretende capacitar a las personas cuidadoras para que apliquen procedimientos y estrategias adecuadas que promuevan la autonom\u00eda personal de la persona dependiente y favorezcan sus relaciones con el entorno.<\/p>\n\n\n\n<p>Asimismo, las sesiones incluyen informaci\u00f3n y orientaci\u00f3n sobre los recursos sociosanitarios disponibles, con el fin de garantizar una atenci\u00f3n integral, asistencia adecuada y una vida lo m\u00e1s aut\u00f3noma posible para quienes se encuentran en situaci\u00f3n de dependencia.<\/p>\n\n\n\n<p>La iniciativa est\u00e1 abierta a la participaci\u00f3n de personas cuidadoras de todos los municipios que integran la Mancomunidad, tal y como fue aprobado por la presidencia, secretar\u00eda y el equipo de Servicios Sociales de la entidad.<\/p>\n\n\n\n<p>Los contenidos del curso se dividen en distintas \u00e1reas de especializaci\u00f3n:<\/p>\n\n\n\n<ol class=\"wp-block-list\">\n<li>Recursos existentes y generaci\u00f3n de redes, a cargo del equipo de Servicios Sociales de la Mancomunidad.<\/li>\n\n\n\n<li>T\u00e9cnicas fisioter\u00e1picas, movilizaciones y habilidades para la atenci\u00f3n a personas dependientes, impartidas por el equipo del Aula Respiro de Y\u00e1tova.<\/li>\n\n\n\n<li>Programa de atenci\u00f3n a la enfermedad mental en la Mancomunidad, desarrollado por la Federaci\u00f3n Valenciana de Salud Mental.<\/li>\n\n\n\n<li>Atenci\u00f3n y recursos en diferentes patolog\u00edas de la discapacidad, a cargo del equipo t\u00e9cnico de COCEMFE.<\/li>\n<\/ol>\n\n\n\n<p>Con esta acci\u00f3n formativa, la Mancomunidad refuerza su compromiso con el bienestar de las personas cuidadoras y dependientes, impulsando recursos y conocimientos que faciliten un entorno de cuidados m\u00e1s humano, profesionalizado y eficaz, conscientes de la realidad que viven las familias con personas dependientes a su cargo.<\/p>\n\n\n\n<figure class=\"wp-block-image size-large\"><img loading=\"lazy\" decoding=\"async\" width=\"1024\" height=\"768\" src=\"https:\/\/www.tucomarca.com\/wordpress\/segunda\/wp-content\/uploads\/2025\/05\/Cursocuidadores-1024x768.jpeg\" alt=\"\" class=\"wp-image-265292\" srcset=\"https:\/\/www.tucomarca.com\/wordpress\/segunda\/wp-content\/uploads\/2025\/05\/Cursocuidadores-1024x768.jpeg 1024w, https:\/\/www.tucomarca.com\/wordpress\/segunda\/wp-content\/uploads\/2025\/05\/Cursocuidadores-300x225.jpeg 300w, https:\/\/www.tucomarca.com\/wordpress\/segunda\/wp-content\/uploads\/2025\/05\/Cursocuidadores-768x576.jpeg 768w, https:\/\/www.tucomarca.com\/wordpress\/segunda\/wp-content\/uploads\/2025\/05\/Cursocuidadores-1536x1152.jpeg 1536w, https:\/\/www.tucomarca.com\/wordpress\/segunda\/wp-content\/uploads\/2025\/05\/Cursocuidadores-678x509.jpeg 678w, https:\/\/www.tucomarca.com\/wordpress\/segunda\/wp-content\/uploads\/2025\/05\/Cursocuidadores-326x245.jpeg 326w, https:\/\/www.tucomarca.com\/wordpress\/segunda\/wp-content\/uploads\/2025\/05\/Cursocuidadores-80x60.jpeg 80w, https:\/\/www.tucomarca.com\/wordpress\/segunda\/wp-content\/uploads\/2025\/05\/Cursocuidadores.jpeg 1600w\" sizes=\"auto, (max-width: 1024px) 100vw, 1024px\" \/><\/figure>\n","protected":false},"excerpt":{"rendered":"<div class=\"mh-excerpt\">La iniciativa, organizada por el \u00e1rea de Servicios Sociales de la Mancomunidad, y promovida por la Conselleria de Servicios Sociales, se desarrolla durante los meses de mayo y junio en la sede de la Mancomunidad <a class=\"mh-excerpt-more\" href=\"https:\/\/www.tucomarca.com\/wordpress\/segunda\/la-mancomunidad-hoya-de-bunol-chiva-inicia-las-sesiones-del-curso-para-personas-cuidadoras-no-profesionales\/\" title=\"La Mancomunidad Hoya de Bu\u00f1ol-Chiva inicia las sesiones del curso para personas cuidadoras no profesionales\">[+] <\/a><\/div>\n","protected":false},"author":12,"featured_media":265290,"comment_status":"open","ping_status":"open","sticky":false,"template":"","format":"standard","meta":{"footnotes":""},"categories":[128,8,10,142,3,11],"tags":[5952,11513,22299,10380],"class_list":{"0":"post-265287","1":"post","2":"type-post","3":"status-publish","4":"format-standard","5":"has-post-thumbnail","7":"category-infraestructuras","8":"category-la-comarca","9":"category-la-hoya","10":"category-politica-la-comarca","11":"category-seccion","12":"category-yatova","13":"tag-la-hoya-de-bunol-chiva","14":"tag-mancomunidad-de-la-hoya-de-bunol-chiva","15":"tag-personas-cuidadoras-no-profesionales","16":"tag-yatova"},"_links":{"self":[{"href":"https:\/\/www.tucomarca.com\/wordpress\/segunda\/wp-json\/wp\/v2\/posts\/265287","targetHints":{"allow":["GET"]}}],"collection":[{"href":"https:\/\/www.tucomarca.com\/wordpress\/segunda\/wp-json\/wp\/v2\/posts"}],"about":[{"href":"https:\/\/www.tucomarca.com\/wordpress\/segunda\/wp-json\/wp\/v2\/types\/post"}],"author":[{"embeddable":true,"href":"https:\/\/www.tucomarca.com\/wordpress\/segunda\/wp-json\/wp\/v2\/users\/12"}],"replies":[{"embeddable":true,"href":"https:\/\/www.tucomarca.com\/wordpress\/segunda\/wp-json\/wp\/v2\/comments?post=265287"}],"version-history":[{"count":0,"href":"https:\/\/www.tucomarca.com\/wordpress\/segunda\/wp-json\/wp\/v2\/posts\/265287\/revisions"}],"wp:featuredmedia":[{"embeddable":true,"href":"https:\/\/www.tucomarca.com\/wordpress\/segunda\/wp-json\/wp\/v2\/media\/265290"}],"wp:attachment":[{"href":"https:\/\/www.tucomarca.com\/wordpress\/segunda\/wp-json\/wp\/v2\/media?parent=265287"}],"wp:term":[{"taxonomy":"category","embeddable":true,"href":"https:\/\/www.tucomarca.com\/wordpress\/segunda\/wp-json\/wp\/v2\/categories?post=265287"},{"taxonomy":"post_tag","embeddable":true,"href":"https:\/\/www.tucomarca.com\/wordpress\/segunda\/wp-json\/wp\/v2\/tags?post=265287"}],"curies":[{"name":"wp","href":"https:\/\/api.w.org\/{rel}","templated":true}]}}