{"id":265613,"date":"2025-05-13T08:30:00","date_gmt":"2025-05-13T06:30:00","guid":{"rendered":"https:\/\/www.tucomarca.com\/wordpress\/segunda\/?p=265613"},"modified":"2025-05-13T21:46:33","modified_gmt":"2025-05-13T19:46:33","slug":"el-circuit-cultural-valencia-recibe-154-solicitudes-de-ayuntamientos-un-50-mas-que-en-la-convocatoria-anterior","status":"publish","type":"post","link":"https:\/\/www.tucomarca.com\/wordpress\/segunda\/el-circuit-cultural-valencia-recibe-154-solicitudes-de-ayuntamientos-un-50-mas-que-en-la-convocatoria-anterior\/","title":{"rendered":"El Circuit Cultural Valenci\u00e0 recibe 154 solicitudes de ayuntamientos, un 50 % m\u00e1s que en la convocatoria anterior"},"content":{"rendered":"\n<h3 class=\"wp-block-heading\">79 ayuntamientos de la provincia de Valencia, 47 de la de Alicante y 28 de la de Castell\u00f3n han solicitado adherirse.<\/h3>\n\n\n\n<h3 class=\"wp-block-heading\">Esta cifra de solicitudes supone el m\u00e1ximo n\u00famero de ayuntamientos interesados que ha habido en participar en el programa.<\/h3>\n\n\n\n<p>La Conselleria de Educaci\u00f3n, Cultura, Universidades y empleo, a trav\u00e9s del Institut Valenci\u00e0 de Cultura (IVC), ha recibido un total de 154 solicitudes de ayuntamientos para adherirse al programa del Circuit Cultural Valenci\u00e0 (CCV).<\/p>\n\n\n\n<p>Esta cifra de municipios interesados en sumarse al CCV supone un aumento de m\u00e1s del 50 % respecto a las solicitudes de la pasada convocatoria. En concreto, son 79 ayuntamientos de la provincia de Valencia, 47 de la de Alicante y 28 de la de Castell\u00f3n.<\/p>\n\n\n\n<p>Las solicitudes, cuyo plazo de entrega finaliz\u00f3 el pasado viernes 9 de mayo, incluyen programaciones culturales elaboradas por los ayuntamientos que se llevar\u00e1n a cabo en espacios de los municipios. El objetivo es hacer llegar una programaci\u00f3n cultural de calidad a todos municipios que se adhieran al programa, fomentado la integraci\u00f3n y desarrollo cultural del territorio.<\/p>\n\n\n\n<p>Para la evaluaci\u00f3n de las solicitudes, se priorizar\u00e1, entre otros, la inclusi\u00f3n en la programaci\u00f3n realizada a cargo del presupuesto municipal de espect\u00e1culos recogidos en el cat\u00e1logo de artes esc\u00e9nicas, m\u00fasica y audiovisuales del CCV, la existencia de personal que ejerza funciones de gesti\u00f3n cultural en la plantilla de la entidad local, y el incremento de al menos un 5 % en el presupuesto municipal dedicado a cultura respecto del ejercicio anterior.<\/p>\n\n\n\n<p>Las disposiciones del programa del CCV se rigen mediante el convenio firmado entre el IVC y la Federaci\u00f3n Valenciana de Municipios y Provincias (FVMP) para la cooperaci\u00f3n en la promoci\u00f3n y difusi\u00f3n del proyecto del Circuit Cultural Valenci\u00e0 (CCV) en 2025 entre los municipios de la Comunitat Valenciana.<\/p>\n\n\n\n<p>Seg\u00fan se recoge en el convenio, el IVC se encargar\u00e1 de la programaci\u00f3n, contrataci\u00f3n, liquidaci\u00f3n y pago del 100 % del cach\u00e9 de los artistas de cada una de las actuaciones incluidas dentro del CCV. Al mismo tiempo, el IVC solicitar\u00e1 que el municipio adherido realice una inversi\u00f3n en cultura equivalente a la obtenida a trav\u00e9s de este convenio mediante la contrataci\u00f3n de espect\u00e1culos profesionales, en aras de respetar el efecto multiplicador del Circuit.<\/p>\n\n\n\n<p>El convenio contempla una dotaci\u00f3n presupuestaria de 2.420.000 euros para financiar el coste de las actividades culturales programadas por los ayuntamientos, seg\u00fan alguna de las cinco modalidades previstas.<\/p>\n\n\n\n<p>Esta cifra representa un primer incremento de 200.000 euros respecto a 2024. Adem\u00e1s, a este importe se sumar\u00e1n 300.000 euros adicionales, lo que supone un aumento total del presupuesto de 500.000 euros. Este refuerzo permitir\u00e1 una mayor descentralizaci\u00f3n de la programaci\u00f3n cultural, fortalece la vertebraci\u00f3n territorial y amplia el impacto en el sector, generando m\u00e1s oportunidades para las compa\u00f1\u00edas profesionales.<\/p>\n","protected":false},"excerpt":{"rendered":"<div class=\"mh-excerpt\">79 ayuntamientos de la provincia de Valencia, 47 de la de Alicante y 28 de la de Castell\u00f3n han solicitado adherirse. Esta cifra de solicitudes supone el m\u00e1ximo n\u00famero de ayuntamientos interesados que ha habido <a class=\"mh-excerpt-more\" href=\"https:\/\/www.tucomarca.com\/wordpress\/segunda\/el-circuit-cultural-valencia-recibe-154-solicitudes-de-ayuntamientos-un-50-mas-que-en-la-convocatoria-anterior\/\" title=\"El Circuit Cultural Valenci\u00e0 recibe 154 solicitudes de ayuntamientos, un 50 % m\u00e1s que en la convocatoria anterior\">[+] <\/a><\/div>\n","protected":false},"author":12,"featured_media":265615,"comment_status":"open","ping_status":"open","sticky":false,"template":"","format":"standard","meta":{"footnotes":""},"categories":[8,72,7,142,3],"tags":[21908,13272,17757],"class_list":{"0":"post-265613","1":"post","2":"type-post","3":"status-publish","4":"format-standard","5":"has-post-thumbnail","7":"category-la-comarca","8":"category-sin-categorizar","9":"category-ocio-y-cultura","10":"category-politica-la-comarca","11":"category-seccion","12":"tag-circuit-cultural-valencia","13":"tag-institut-valencia-de-cultura","14":"tag-ivc"},"_links":{"self":[{"href":"https:\/\/www.tucomarca.com\/wordpress\/segunda\/wp-json\/wp\/v2\/posts\/265613","targetHints":{"allow":["GET"]}}],"collection":[{"href":"https:\/\/www.tucomarca.com\/wordpress\/segunda\/wp-json\/wp\/v2\/posts"}],"about":[{"href":"https:\/\/www.tucomarca.com\/wordpress\/segunda\/wp-json\/wp\/v2\/types\/post"}],"author":[{"embeddable":true,"href":"https:\/\/www.tucomarca.com\/wordpress\/segunda\/wp-json\/wp\/v2\/users\/12"}],"replies":[{"embeddable":true,"href":"https:\/\/www.tucomarca.com\/wordpress\/segunda\/wp-json\/wp\/v2\/comments?post=265613"}],"version-history":[{"count":0,"href":"https:\/\/www.tucomarca.com\/wordpress\/segunda\/wp-json\/wp\/v2\/posts\/265613\/revisions"}],"wp:featuredmedia":[{"embeddable":true,"href":"https:\/\/www.tucomarca.com\/wordpress\/segunda\/wp-json\/wp\/v2\/media\/265615"}],"wp:attachment":[{"href":"https:\/\/www.tucomarca.com\/wordpress\/segunda\/wp-json\/wp\/v2\/media?parent=265613"}],"wp:term":[{"taxonomy":"category","embeddable":true,"href":"https:\/\/www.tucomarca.com\/wordpress\/segunda\/wp-json\/wp\/v2\/categories?post=265613"},{"taxonomy":"post_tag","embeddable":true,"href":"https:\/\/www.tucomarca.com\/wordpress\/segunda\/wp-json\/wp\/v2\/tags?post=265613"}],"curies":[{"name":"wp","href":"https:\/\/api.w.org\/{rel}","templated":true}]}}