{"id":265634,"date":"2025-05-13T08:50:00","date_gmt":"2025-05-13T06:50:00","guid":{"rendered":"https:\/\/www.tucomarca.com\/wordpress\/segunda\/?p=265634"},"modified":"2025-05-13T21:43:16","modified_gmt":"2025-05-13T19:43:16","slug":"la-diputacion-impulsa-talleres-culturales-para-personas-con-alzheimer-utilizando-los-objetos-de-la-coleccion-de-letno","status":"publish","type":"post","link":"https:\/\/www.tucomarca.com\/wordpress\/segunda\/la-diputacion-impulsa-talleres-culturales-para-personas-con-alzheimer-utilizando-los-objetos-de-la-coleccion-de-letno\/","title":{"rendered":"La Diputaci\u00f3n impulsa talleres culturales para personas con alzh\u00e9imer utilizando los objetos de la colecci\u00f3n de l\u2019ETNO"},"content":{"rendered":"\n<h3 class=\"wp-block-heading\">Las \u00e1reas de Cultura y Bienestar Social han puesto en marcha el proyecto \u2018La caixa dels records. Mem\u00f2ries d\u2019una vida\u2019, que se enmarca en el convenio de colaboraci\u00f3n entre la Diputaci\u00f3n y la Federaci\u00f3n de Familias de Enfermos de Alzheimer.<\/h3>\n\n\n\n<h3 class=\"wp-block-heading\">El objetivo es estimular las emociones y los recuerdos personales a trav\u00e9s de objetos que pertenecen a la colecci\u00f3n del museo provincial, y que est\u00e1n relacionados con la vida cotidiana de las personas mayores.<\/h3>\n\n\n\n<p>La Diputaci\u00f3 de Val\u00e8ncia ha puesto en marcha, a trav\u00e9s de l\u2019ETNO, el proyecto \u2018La caixa dels records. Mem\u00f2ries d\u2019una vida\u2019, una serie de talleres culturales que tienen como finalidad mejorar el estado de \u00e1nimo y la estimulaci\u00f3n de personas con alzh\u00e9imer, demencias vinculadas al envejecimiento y otras enfermedades neurodegenerativas. La iniciativa se enmarca en el convenio de colaboraci\u00f3n que firmaron el pasado mes de septiembre la corporaci\u00f3n provincial y la Federaci\u00f3n de Familias de Enfermos de Alzheimer (FEVAFA).<\/p>\n\n\n\n<p>Se trata de un programa impulsado de manera conjunta por las \u00e1reas de Cultura y de Bienestar Social, que encabezan los diputados Paco Teruel e Imma Gonz\u00e1lez respectivamente. \u201cEste es un buen ejemplo de la importancia que tiene sumar esfuerzos e impulsar la colaboraci\u00f3n entre instituciones y entidades para promover el bienestar de los enfermos de alzh\u00e9imer\u201d, ha manifestado Imma Gonz\u00e1lez, que ha destacado \u201clos buenos resultados de la estimulaci\u00f3n emocional en las personas con demencias\u201d.<\/p>\n\n\n\n<p>Por su parte, Paco Teruel ha resaltado \u201cla coordinaci\u00f3n entre las \u00e1reas de Cultura y Bienestar Social, a trav\u00e9s de un proyecto que ha convertido L\u2019ETNO, uno de los museos de la Diputaci\u00f3n, en un recurso para que la experiencia de tratar con piezas y objetos cotidianos y sencillos rememore historias familiares o recuerdos de ni\u00f1ez a trav\u00e9s del v\u00ednculo personal con cada objeto\u201d.<\/p>\n\n\n\n<p><strong>El proyecto<\/strong><\/p>\n\n\n\n<p>\u2018La caixa dels records. Mem\u00f2ries d\u2019una vida\u2019 es un proyecto creado por Rita Redondo, experta en terapia del envejecimiento, y L\u2019ETNO, que se basa en la denominada terapia grupal de reminiscencia, una t\u00e9cnica de estimulaci\u00f3n emocional. En ella, mediante la memoria autobiogr\u00e1fica, se favorece la evocaci\u00f3n de recuerdos personales y de experiencias vividas, revivi\u00e9ndolas en el momento presente, lo que activa la evocaci\u00f3n de emociones placenteras en los participantes.&nbsp;<\/p>\n\n\n\n<p>Para conseguir el objetivo se utilizan recursos y objetos relacionados con la vida cotidiana de las personas mayores, que sirven como claves evocadoras del recuerdo. Estos objetos constituyen, en su mayor\u00eda, la base del fondo patrimonial de L\u2019ETNO. Son objetos de la colecci\u00f3n del museo, pr\u00f3ximos a los participantes, ya que han formado parte de su trayectoria vital: una cazuela de arroz al horno, una jarra, un botijo, una tetera, un antiguo molinillo de caf\u00e9, una botella de colonia Varon Dandy o de Mirurgia\u2026<\/p>\n\n\n\n<p>A trav\u00e9s de la muestra y la aproximaci\u00f3n a estos objetos, se consigue la evocaci\u00f3n del recuerdo, lo que permite mejorar el estado de \u00e1nimo de las personas con estas enfermedades, reafirmar su autoconocimiento y su propia identidad, favorecer las relaciones interpersonales y la estimulaci\u00f3n de las capacidades cognitivas de los participantes.&nbsp;<\/p>\n\n\n\n<p>El taller est\u00e1 dirigido a personas con alzh\u00e9imer u otras demencias en su estado inicial, as\u00ed como para personas mayores con d\u00e9ficits cognitivos asociados al envejecimiento normativo.&nbsp;<\/p>\n\n\n\n<p><strong>Una veintena de asociaciones<\/strong><\/p>\n\n\n\n<p>La sesi\u00f3n que se ha realizado este martes en l\u2019ETNO se ha hecho de la mano de la Asociaci\u00f3n de Familiares de Alzheimer de&nbsp;Valencia&nbsp;(AFAV). Durante el a\u00f1o 2025, cada una de las 20 asociaciones que conforman la Federaci\u00f3n puede llevar a cabo dos talleres, los cuales se desarrollar\u00e1n en la sede de estas entidades, o bien en los museos etnol\u00f3gicos de su zona geogr\u00e1fica pertenecientes a la ETNOXARXA (Xarxa de Museus Etnol\u00f2gics Locals de la Provincia de Valencia), lo que evitar\u00e1 grandes traslados de los participantes y permitir\u00e1 a los centros presentarse como recursos para la salud.<\/p>\n\n\n\n<p>Otra de las particularidades del proyecto ser\u00e1 la monitorizaci\u00f3n de los resultados. A lo largo de la vigencia del programa se realizar\u00e1 un estudio de impacto que medir\u00e1 y evaluar\u00e1 diversas variables de los participantes. Se valorar\u00e1n aspectos como las variaciones en el estado de \u00e1nimo, la conducta, el aislamiento o conexi\u00f3n con el entorno o la estimulaci\u00f3n de la capacidad cognitiva.&nbsp;<\/p>\n","protected":false},"excerpt":{"rendered":"<div class=\"mh-excerpt\">Las \u00e1reas de Cultura y Bienestar Social han puesto en marcha el proyecto \u2018La caixa dels records. Mem\u00f2ries d\u2019una vida\u2019, que se enmarca en el convenio de colaboraci\u00f3n entre la Diputaci\u00f3n y la Federaci\u00f3n de <a class=\"mh-excerpt-more\" href=\"https:\/\/www.tucomarca.com\/wordpress\/segunda\/la-diputacion-impulsa-talleres-culturales-para-personas-con-alzheimer-utilizando-los-objetos-de-la-coleccion-de-letno\/\" title=\"La Diputaci\u00f3n impulsa talleres culturales para personas con alzh\u00e9imer utilizando los objetos de la colecci\u00f3n de l\u2019ETNO\">[+] <\/a><\/div>\n","protected":false},"author":12,"featured_media":265636,"comment_status":"open","ping_status":"open","sticky":false,"template":"","format":"standard","meta":{"footnotes":""},"categories":[8,72,7,142,3],"tags":[2535,3677,20473],"class_list":{"0":"post-265634","1":"post","2":"type-post","3":"status-publish","4":"format-standard","5":"has-post-thumbnail","7":"category-la-comarca","8":"category-sin-categorizar","9":"category-ocio-y-cultura","10":"category-politica-la-comarca","11":"category-seccion","12":"tag-alzheimer","13":"tag-diputacio-de-valencia","14":"tag-letno"},"_links":{"self":[{"href":"https:\/\/www.tucomarca.com\/wordpress\/segunda\/wp-json\/wp\/v2\/posts\/265634","targetHints":{"allow":["GET"]}}],"collection":[{"href":"https:\/\/www.tucomarca.com\/wordpress\/segunda\/wp-json\/wp\/v2\/posts"}],"about":[{"href":"https:\/\/www.tucomarca.com\/wordpress\/segunda\/wp-json\/wp\/v2\/types\/post"}],"author":[{"embeddable":true,"href":"https:\/\/www.tucomarca.com\/wordpress\/segunda\/wp-json\/wp\/v2\/users\/12"}],"replies":[{"embeddable":true,"href":"https:\/\/www.tucomarca.com\/wordpress\/segunda\/wp-json\/wp\/v2\/comments?post=265634"}],"version-history":[{"count":0,"href":"https:\/\/www.tucomarca.com\/wordpress\/segunda\/wp-json\/wp\/v2\/posts\/265634\/revisions"}],"wp:featuredmedia":[{"embeddable":true,"href":"https:\/\/www.tucomarca.com\/wordpress\/segunda\/wp-json\/wp\/v2\/media\/265636"}],"wp:attachment":[{"href":"https:\/\/www.tucomarca.com\/wordpress\/segunda\/wp-json\/wp\/v2\/media?parent=265634"}],"wp:term":[{"taxonomy":"category","embeddable":true,"href":"https:\/\/www.tucomarca.com\/wordpress\/segunda\/wp-json\/wp\/v2\/categories?post=265634"},{"taxonomy":"post_tag","embeddable":true,"href":"https:\/\/www.tucomarca.com\/wordpress\/segunda\/wp-json\/wp\/v2\/tags?post=265634"}],"curies":[{"name":"wp","href":"https:\/\/api.w.org\/{rel}","templated":true}]}}