{"id":265657,"date":"2025-05-13T09:45:00","date_gmt":"2025-05-13T07:45:00","guid":{"rendered":"https:\/\/www.tucomarca.com\/wordpress\/segunda\/?p=265657"},"modified":"2025-05-13T21:37:09","modified_gmt":"2025-05-13T19:37:09","slug":"la-diputacio-da-luz-verde-a-otros-siete-proyectos-en-seis-pueblos-de-la-ribera-con-una-inversion-de-1-110-000-euros","status":"publish","type":"post","link":"https:\/\/www.tucomarca.com\/wordpress\/segunda\/la-diputacio-da-luz-verde-a-otros-siete-proyectos-en-seis-pueblos-de-la-ribera-con-una-inversion-de-1-110-000-euros\/","title":{"rendered":"La Diputaci\u00f3 da luz verde a otros siete proyectos en seis pueblos de la Ribera con una inversi\u00f3n de 1.110.000 euros"},"content":{"rendered":"\n<h3 class=\"wp-block-heading\">Las obras m\u00e1s destacadas son la reforma del parque de la calle Miguel Hern\u00e1ndez en Corbera (493.000 euros) y la adquisici\u00f3n de un solar para la construcci\u00f3n de un edificio de uso p\u00fablico en El Mareny (300.000 euros).<\/h3>\n\n\n\n<h3 class=\"wp-block-heading\">El principal programa inversor de la instituci\u00f3n, con 350 millones de euros y sin la presi\u00f3n de los plazos, ha dado luz verde a 414 proyectos, con 63,4 millones destinados a actuaciones ya en marcha en todas las comarcas.<\/h3>\n\n\n\n<h3 class=\"wp-block-heading\">La vicepresidenta Nat\u00e0lia Enguix recuerda que en 2025 hay presupuestados m\u00e1s de 100 millones para atender las solicitudes de los municipios, y el presidente, Vicent Momp\u00f3, insta a ejecutar hasta el \u00faltimo euro del plan.<\/h3>\n\n\n\n<p>La Diputaci\u00f3 de Val\u00e8ncia ha dado luz verde en mayo a siete nuevos proyectos presentados por tres municipios de la Ribera Baixa y otros tres de la Ribera Alta, con una inversi\u00f3n global de 1.110.707 euros financiada con los fondos del Pla Obert. Las actuaciones m\u00e1s destacadas son la reforma del parque de la calle Miguel Hern\u00e1ndez de Corbera, con un presupuesto de 493.000 euros, y la adquisici\u00f3n de un solar en el cruce de las calles Joventud y Sant Josep para la construcci\u00f3n de un edificio de uso p\u00fablico en El Mareny de Barraquetes (300.000 euros), ambas en la Ribera Baixa.<\/p>\n\n\n\n<p>Sin abandonar la Ribera Baixa, que dispone de 19,1 millones de euros en el Pla Obert (3,4 millones m\u00e1s que en la anterior legislatura), las otras dos actuaciones aprobadas en la comarca las encontramos en Fortaleny: la primera es el mantenimiento en los vestuarios de la zona deportiva, con obras en la piscina de chapoteo y un campo de baloncesto 3&#215;3 (78.000 euros); y la segunda la adquisici\u00f3n de una parcela en el pol\u00edgono para ampliar la zona recreativa (50.000 euros). En total, los tres ayuntamientos de la Ribera Baixa que han presentado sus proyectos podr\u00e1n ponerlos en marcha con una inversi\u00f3n global de 923.000 euros.<\/p>\n\n\n\n<p>Por su parte, la Ribera Alta ha recibido el visto bueno provincial a tres iniciativas de otros tantos municipios, con un coste total de 187.000 euros. En este caso, la actuaci\u00f3n m\u00e1s destacada es la ampliaci\u00f3n de la planta de tratamiento de aguas de filtro de carb\u00f3n activado en Tous, para mejorar la calidad del agua potable (121.000 euros). Tambi\u00e9n se renovar\u00e1 la pavimentaci\u00f3n de seguridad y los juegos infantiles en el parque de la plaza Generalitat de C\u00e0rcer (48.000 euros); y se sustituir\u00e1 el pavimento de caucho en el parque de la Diputaci\u00f3n de Benimodo (18.000 euros). La comarca tiene una asignaci\u00f3n de 47,5 millones de euros en el programa provincial (8,6 millones m\u00e1s que en el per\u00edodo 2019-2023).<\/p>\n\n\n\n<p>La Diputaci\u00f3n ha aprobado este mes un nuevo decreto del Pla Obert que da luz verde a 38 proyectos presentados por 29 municipios de 13 comarcas, con una inversi\u00f3n de 6.290.876 euros. La vicepresidenta primera y coordinadora del Pla Obert, Nat\u00e0lia Enguix, hace balance del primer a\u00f1o de desarrollo de un plan cuatrienal que elimina plazos y presiones a los municipios: \u201cse han aprobado actuaciones por valor de 63 millones de euros y en el presente ejercicio hay presupuestados 105 millones para dar respuesta a las solicitudes de los consistorios, que pueden presentarse en cualquier momento durante la legislatura\u201d.<\/p>\n\n\n\n<p>Por su parte, el presidente de la Diputaci\u00f3n, Vicent Momp\u00f3, destaca la eficiencia de un programa que desde su puesta en marcha ha dado luz verde a \u201ccientos de obras de urbanizaci\u00f3n y peatonalizaci\u00f3n de calles y plazas; de mejora de espacios p\u00fablicos; de renovaci\u00f3n de las redes de agua potable y alcantarillado; de ampliaci\u00f3n, mantenimiento y ejecuci\u00f3n de zonas verdes y deportivas; de mejora de caminos y circunvalaciones; de eficiencia energ\u00e9tica y de adquisici\u00f3n de veh\u00edculos o mobiliario\u201d. En definitiva, \u201cde actuaciones que repercuten en la calidad de vida de nuestros pueblos y ciudades, de esos proyectos de presente y futuro con los que los alcaldes y alcaldesas sue\u00f1an para sus municipios\u201d, a\u00f1ade Momp\u00f3.<\/p>\n\n\n\n<p>Por comarcas, la Safor es la que m\u00e1s proyectos pondr\u00e1 en marcha con el nuevo decreto, hasta siete iniciativas presentadas por cuatro municipios. Le siguen la Ribera Baixa, el Camp de T\u00faria, la Serran\u00eda y la Hoya de Bu\u00f1ol con cuatro proyectos en cada comarca, y la Vall d\u2019Albaida, la Ribera Alta y l\u2019Horta Nord con tres actuaciones cada una. Adem\u00e1s, el nuevo decreto incluye propuestas de consistorios de la Costera, la plana Utiel-Requena y el Rinc\u00f3n de Ademuz.<\/p>\n\n\n\n<p>En cuanto a municipios, Rafelcofer, la Pobla de Vallbona y Siete Aguas, con tres proyectos, y Fortaleny, Miramar y Massalfassar, con dos, forman el listado de localidades con m\u00e1s de una actuaci\u00f3n aprobada en el decreto de mayo.<\/p>\n","protected":false},"excerpt":{"rendered":"<div class=\"mh-excerpt\">Las obras m\u00e1s destacadas son la reforma del parque de la calle Miguel Hern\u00e1ndez en Corbera (493.000 euros) y la adquisici\u00f3n de un solar para la construcci\u00f3n de un edificio de uso p\u00fablico en El <a class=\"mh-excerpt-more\" href=\"https:\/\/www.tucomarca.com\/wordpress\/segunda\/la-diputacio-da-luz-verde-a-otros-siete-proyectos-en-seis-pueblos-de-la-ribera-con-una-inversion-de-1-110-000-euros\/\" title=\"La Diputaci\u00f3 da luz verde a otros siete proyectos en seis pueblos de la Ribera con una inversi\u00f3n de 1.110.000 euros\">[+] <\/a><\/div>\n","protected":false},"author":12,"featured_media":239969,"comment_status":"open","ping_status":"open","sticky":false,"template":"","format":"standard","meta":{"footnotes":""},"categories":[20519,128,8,20455,42,142,3,45],"tags":[3677,20401,22339,16561],"class_list":{"0":"post-265657","1":"post","2":"type-post","3":"status-publish","4":"format-standard","5":"has-post-thumbnail","7":"category-cooperacion-municipal","8":"category-infraestructuras","9":"category-la-comarca","10":"category-la-diputacio-de-valencia-informa","11":"category-la-ribera","12":"category-politica-la-comarca","13":"category-seccion","14":"category-ventana","15":"tag-diputacio-de-valencia","16":"tag-natalia-enguix-2","17":"tag-pla-obert","18":"tag-vicente-mompo"},"_links":{"self":[{"href":"https:\/\/www.tucomarca.com\/wordpress\/segunda\/wp-json\/wp\/v2\/posts\/265657","targetHints":{"allow":["GET"]}}],"collection":[{"href":"https:\/\/www.tucomarca.com\/wordpress\/segunda\/wp-json\/wp\/v2\/posts"}],"about":[{"href":"https:\/\/www.tucomarca.com\/wordpress\/segunda\/wp-json\/wp\/v2\/types\/post"}],"author":[{"embeddable":true,"href":"https:\/\/www.tucomarca.com\/wordpress\/segunda\/wp-json\/wp\/v2\/users\/12"}],"replies":[{"embeddable":true,"href":"https:\/\/www.tucomarca.com\/wordpress\/segunda\/wp-json\/wp\/v2\/comments?post=265657"}],"version-history":[{"count":0,"href":"https:\/\/www.tucomarca.com\/wordpress\/segunda\/wp-json\/wp\/v2\/posts\/265657\/revisions"}],"wp:featuredmedia":[{"embeddable":true,"href":"https:\/\/www.tucomarca.com\/wordpress\/segunda\/wp-json\/wp\/v2\/media\/239969"}],"wp:attachment":[{"href":"https:\/\/www.tucomarca.com\/wordpress\/segunda\/wp-json\/wp\/v2\/media?parent=265657"}],"wp:term":[{"taxonomy":"category","embeddable":true,"href":"https:\/\/www.tucomarca.com\/wordpress\/segunda\/wp-json\/wp\/v2\/categories?post=265657"},{"taxonomy":"post_tag","embeddable":true,"href":"https:\/\/www.tucomarca.com\/wordpress\/segunda\/wp-json\/wp\/v2\/tags?post=265657"}],"curies":[{"name":"wp","href":"https:\/\/api.w.org\/{rel}","templated":true}]}}