{"id":265788,"date":"2025-05-14T08:30:00","date_gmt":"2025-05-14T06:30:00","guid":{"rendered":"https:\/\/www.tucomarca.com\/wordpress\/segunda\/?p=265788"},"modified":"2025-05-14T19:50:46","modified_gmt":"2025-05-14T17:50:46","slug":"el-institut-valencia-de-cultura-graba-los-cantos-de-los-peregrinos-de-les-useres-para-garantizar-su-conservacion","status":"publish","type":"post","link":"https:\/\/www.tucomarca.com\/wordpress\/segunda\/el-institut-valencia-de-cultura-graba-los-cantos-de-los-peregrinos-de-les-useres-para-garantizar-su-conservacion\/","title":{"rendered":"El Institut Valenci\u00e0 de Cultura graba los cantos de los Peregrinos de Les Useres para garantizar su conservaci\u00f3n"},"content":{"rendered":"\n<h3 class=\"wp-block-heading\">La peregrinaci\u00f3n de Les Useres a Sant Joan de Penyagolosa, de origen medieval, se celebra el \u00faltimo viernes de abril y el s\u00e1bado inmediato.<\/h3>\n\n\n\n<h3 class=\"wp-block-heading\">La Peregrinaci\u00f3n recibi\u00f3 la distinci\u00f3n de la Generalitat al M\u00e9rito Cultural en 2004 y fue declarada Bien de inter\u00e9s Cultural en 2016.<\/h3>\n\n\n\n<p>El Institut Valenci\u00e0 de Cultura y la junta de los Peregrinos de Les Useres han alcanzado un acuerdo que ha permitido realizar este a\u00f1o grabaciones en audio y v\u00eddeo de los cantos de los peregrinos, para garantizar la protecci\u00f3n y preservaci\u00f3n de unas tradiciones que s\u00f3lo se transmiten oralmente y que perviven sin cambios posiblemente desde el siglo XIV.<\/p>\n\n\n\n<p>La peregrinaci\u00f3n de Les Useres a Sant Joan de Penyagolosa, de origen medieval, se celebra el \u00faltimo viernes de abril y el s\u00e1bado inmediato. La tradici\u00f3n se ha mantenido a lo largo de los siglos para pedir salud, paz y lluvia por intercesi\u00f3n de San Juan Bautista y es una muestra de las costumbres seculares conservadas gracias al fervor popular y muy arraigadas en las comarcas interiores del norte de Castell\u00f3n.<\/p>\n\n\n\n<p>La grabaci\u00f3n en estudio y en directo de todo el repertorio de los peregrinos debe servir para garantizar en el futuro el acceso a las formas tradicionales de interpretar los cantos, el aprendizaje de los futuros cantores, as\u00ed como el estudio de los melismas y de las estructuras de los cantos, desde un punto de vista tanto popular como acad\u00e9mico.<\/p>\n\n\n\n<p>Ya en 1984 la Generalitat Valenciana grab\u00f3 en directo una parte de los cantos de los Peregrinos, que aparecieron en formato LP dentro de la colecci\u00f3n discogr\u00e1fica Fonoteca de materiales, dedicada a recoger grabaciones de campo de m\u00fasica tradicional valenciana.<\/p>\n\n\n\n<p><strong>Pelegrins de les Useres<\/strong><\/p>\n\n\n\n<p>Las peregrinaciones al santuario de Sant Joan de Penyagolosa, importante destino de romer\u00edas desde la \u00e9poca medieval, desde diferentes poblaciones destacan por su alto valor etnol\u00f3gico, hist\u00f3rico y cultural. La Peregrinaci\u00f3n recibi\u00f3 la distinci\u00f3n de la Generalitat Valenciana al M\u00e9rito Cultural en 2004 y fue declarada Bien de Inter\u00e9s Cultural en 2016. El camino por el que transcurre fue declarado Monumento Natural en 2007.<\/p>\n\n\n\n<p>Los Peregrinos de Les Useres es una de las peregrinaciones m\u00e1s antiguas y que mejor conserva sus peculiaridades, entre ellas los cantos y rezos, comida y vestido y aspectos socioreligiosos e identitarios.<\/p>\n\n\n\n<p>El grupo est\u00e1 integrado por trece personas: doce peregrinos y el gu\u00eda. Les acompa\u00f1an tres cantores, clavarios, el cura y un miembro del ayuntamiento. Representan al pueblo ante la divinidad.<\/p>\n\n\n\n<p>De los cantores, el mayor, que dirige los cantos y hace de maestro de ceremonias, lleva la cruz y ocupa siempre la posici\u00f3n central. El segundo y el tercero llevan farolas. Van vestidos con roquete blanco sin mangas y sombrero negro de fieltro, y tambi\u00e9n llevan un bast\u00f3n. Los cantores se eligen entre los adolescentes en el momento en que comienzan a cambiar la voz.<\/p>\n\n\n\n<p>En 2025 hace ya medio siglo que el cantor m\u00e1s veterano empez\u00f3 su aprendizaje. Al ser cargos vitalicios, la edad, la dureza del camino y la exigencia de la interpretaci\u00f3n de los cantos hacen previsible su retirada dentro de poco tiempo. Por eso es necesario registrar los cantos en directo para garantizar la preservaci\u00f3n del estilo propio de los cantores actuales como documento hist\u00f3rico.<\/p>\n","protected":false},"excerpt":{"rendered":"<div class=\"mh-excerpt\">La peregrinaci\u00f3n de Les Useres a Sant Joan de Penyagolosa, de origen medieval, se celebra el \u00faltimo viernes de abril y el s\u00e1bado inmediato. La Peregrinaci\u00f3n recibi\u00f3 la distinci\u00f3n de la Generalitat al M\u00e9rito Cultural <a class=\"mh-excerpt-more\" href=\"https:\/\/www.tucomarca.com\/wordpress\/segunda\/el-institut-valencia-de-cultura-graba-los-cantos-de-los-peregrinos-de-les-useres-para-garantizar-su-conservacion\/\" title=\"El Institut Valenci\u00e0 de Cultura graba los cantos de los Peregrinos de Les Useres para garantizar su conservaci\u00f3n\">[+] <\/a><\/div>\n","protected":false},"author":12,"featured_media":265791,"comment_status":"open","ping_status":"open","sticky":false,"template":"","format":"standard","meta":{"footnotes":""},"categories":[8,72,7,3],"tags":[13272,17757],"class_list":{"0":"post-265788","1":"post","2":"type-post","3":"status-publish","4":"format-standard","5":"has-post-thumbnail","7":"category-la-comarca","8":"category-sin-categorizar","9":"category-ocio-y-cultura","10":"category-seccion","11":"tag-institut-valencia-de-cultura","12":"tag-ivc"},"_links":{"self":[{"href":"https:\/\/www.tucomarca.com\/wordpress\/segunda\/wp-json\/wp\/v2\/posts\/265788","targetHints":{"allow":["GET"]}}],"collection":[{"href":"https:\/\/www.tucomarca.com\/wordpress\/segunda\/wp-json\/wp\/v2\/posts"}],"about":[{"href":"https:\/\/www.tucomarca.com\/wordpress\/segunda\/wp-json\/wp\/v2\/types\/post"}],"author":[{"embeddable":true,"href":"https:\/\/www.tucomarca.com\/wordpress\/segunda\/wp-json\/wp\/v2\/users\/12"}],"replies":[{"embeddable":true,"href":"https:\/\/www.tucomarca.com\/wordpress\/segunda\/wp-json\/wp\/v2\/comments?post=265788"}],"version-history":[{"count":0,"href":"https:\/\/www.tucomarca.com\/wordpress\/segunda\/wp-json\/wp\/v2\/posts\/265788\/revisions"}],"wp:featuredmedia":[{"embeddable":true,"href":"https:\/\/www.tucomarca.com\/wordpress\/segunda\/wp-json\/wp\/v2\/media\/265791"}],"wp:attachment":[{"href":"https:\/\/www.tucomarca.com\/wordpress\/segunda\/wp-json\/wp\/v2\/media?parent=265788"}],"wp:term":[{"taxonomy":"category","embeddable":true,"href":"https:\/\/www.tucomarca.com\/wordpress\/segunda\/wp-json\/wp\/v2\/categories?post=265788"},{"taxonomy":"post_tag","embeddable":true,"href":"https:\/\/www.tucomarca.com\/wordpress\/segunda\/wp-json\/wp\/v2\/tags?post=265788"}],"curies":[{"name":"wp","href":"https:\/\/api.w.org\/{rel}","templated":true}]}}