{"id":266318,"date":"2025-05-19T09:25:00","date_gmt":"2025-05-19T07:25:00","guid":{"rendered":"https:\/\/www.tucomarca.com\/wordpress\/segunda\/?p=266318"},"modified":"2025-05-19T21:25:12","modified_gmt":"2025-05-19T19:25:12","slug":"la-diputacio-aprueba-nuevas-ayudas-para-que-los-pueblos-afectados-por-la-dana-renueven-sus-equipos-informaticos","status":"publish","type":"post","link":"https:\/\/www.tucomarca.com\/wordpress\/segunda\/la-diputacio-aprueba-nuevas-ayudas-para-que-los-pueblos-afectados-por-la-dana-renueven-sus-equipos-informaticos\/","title":{"rendered":"La Diputaci\u00f3 aprueba nuevas ayudas para que los pueblos afectados por la DANA renueven sus equipos inform\u00e1ticos"},"content":{"rendered":"\n<h3 class=\"wp-block-heading\">El \u00e1rea de Administraci\u00f3n Electr\u00f3nica que dirige el diputado Juan Ram\u00f3n Adsuara destinar\u00e1 un total de 300.000 euros, que se suman a los 920.000 euros entregados en las semanas posteriores a la tragedia.<\/h3>\n\n\n\n<h3 class=\"wp-block-heading\">Alfafar, Algemes\u00ed, Alginet, Benet\u00fasser, Beniparrell, Catarroja, Chiva, l\u2019Alc\u00fadia y Paiporta son los municipios que recibir\u00e1n las ayudas para que sus sistemas inform\u00e1ticos vuelvan definitivamente a la normalidad.<\/h3>\n\n\n\n<p>La Diputaci\u00f3 de Val\u00e8ncia ha aprobado una nueva entrega de ayudas para que los municipios afectados por la dana puedan renovar sus equipos inform\u00e1ticos, que se vieron gravemente da\u00f1ados a causa de las inundaciones. Se trata del tercer paquete de ayudas destinado a la compra de material inform\u00e1tico por parte de estos ayuntamientos, despu\u00e9s de los dos expedientes de emergencia que se aprobaron durante las semanas posteriores a la tragedia. En total, la corporaci\u00f3n provincial ha invertido m\u00e1s de 1,2 millones de euros en ayudar a que los sistemas inform\u00e1ticos de los pueblos afectados vuelvan definitivamente a la normalidad.<\/p>\n\n\n\n<p>Despu\u00e9s de atender las necesidades m\u00e1s urgentes durante los meses de noviembre y diciembre, el \u00e1rea de Administraci\u00f3n Electr\u00f3nica que dirige el diputado Juan Ram\u00f3n Adsuara decidi\u00f3 el pasado mes de febrero contactar de nuevo con los 28 ayuntamientos que se encontraban en la fase 2 de emergencias. Tras un primer contacto, se organiz\u00f3 una reuni\u00f3n con ellos, en la que expresaron las deficiencias que a\u00fan arrastran en sus sistemas inform\u00e1ticos como consecuencia de la riada. La Diputaci\u00f3n, finalmente, va a destinar 300.000 euros, mediante subvenciones nominativas, para atender las diferentes peticiones de estos municipios, entre las que destacan la compra de ordenadores, impresoras, port\u00e1tiles, esc\u00e1neres y otros equipos.<\/p>\n\n\n\n<p>\u201cLa Diputaci\u00f3n contin\u00faa estando al lado de los ayuntamientos que han padecido esta dura cat\u00e1strofe, y lo hace apoy\u00e1ndoles en diferentes \u00e1mbitos, como es el caso del funcionamiento de sus equipos inform\u00e1ticos, algo b\u00e1sico para el d\u00eda a d\u00eda municipal. Para ello, llevamos un seguimiento de lo que necesitan para facilitarles las herramientas que han perdido y que son necesarias en su gesti\u00f3n diaria\u201d, ha manifestado el diputado de Administraci\u00f3n Electr\u00f3nica, Juan Ram\u00f3n Adsuara.<\/p>\n\n\n\n<p>Un total de nueve ayuntamientos recibir\u00e1n las ayudas para renovar material inform\u00e1tico afectado por la dana. Se trata de los municipios de Alfafar, Algemes\u00ed, Alginet, Benet\u00fasser, Beniparrell, Catarroja, Chiva, l\u2019Alc\u00fadia y Paiporta.<\/p>\n\n\n\n<figure class=\"wp-block-gallery has-nested-images columns-default is-cropped wp-block-gallery-1 is-layout-flex wp-block-gallery-is-layout-flex\">\n<figure class=\"wp-block-image size-large\"><img loading=\"lazy\" decoding=\"async\" width=\"693\" height=\"924\" data-id=\"266329\" src=\"https:\/\/www.tucomarca.com\/wordpress\/segunda\/wp-content\/uploads\/2025\/05\/Paiporta1.jpg\" alt=\"\" class=\"wp-image-266329\" srcset=\"https:\/\/www.tucomarca.com\/wordpress\/segunda\/wp-content\/uploads\/2025\/05\/Paiporta1.jpg 693w, https:\/\/www.tucomarca.com\/wordpress\/segunda\/wp-content\/uploads\/2025\/05\/Paiporta1-225x300.jpg 225w\" sizes=\"auto, (max-width: 693px) 100vw, 693px\" \/><\/figure>\n\n\n\n<figure class=\"wp-block-image size-large\"><img loading=\"lazy\" decoding=\"async\" width=\"765\" height=\"574\" data-id=\"266325\" src=\"https:\/\/www.tucomarca.com\/wordpress\/segunda\/wp-content\/uploads\/2025\/05\/Nuevos-equipos1.jpg\" alt=\"\" class=\"wp-image-266325\" srcset=\"https:\/\/www.tucomarca.com\/wordpress\/segunda\/wp-content\/uploads\/2025\/05\/Nuevos-equipos1.jpg 765w, https:\/\/www.tucomarca.com\/wordpress\/segunda\/wp-content\/uploads\/2025\/05\/Nuevos-equipos1-300x225.jpg 300w, https:\/\/www.tucomarca.com\/wordpress\/segunda\/wp-content\/uploads\/2025\/05\/Nuevos-equipos1-678x509.jpg 678w, https:\/\/www.tucomarca.com\/wordpress\/segunda\/wp-content\/uploads\/2025\/05\/Nuevos-equipos1-326x245.jpg 326w, https:\/\/www.tucomarca.com\/wordpress\/segunda\/wp-content\/uploads\/2025\/05\/Nuevos-equipos1-80x60.jpg 80w\" sizes=\"auto, (max-width: 765px) 100vw, 765px\" \/><\/figure>\n\n\n\n<figure class=\"wp-block-image size-large\"><img loading=\"lazy\" decoding=\"async\" width=\"627\" height=\"352\" data-id=\"266327\" src=\"https:\/\/www.tucomarca.com\/wordpress\/segunda\/wp-content\/uploads\/2025\/05\/Nuevos-equipos4.jpg\" alt=\"\" class=\"wp-image-266327\" srcset=\"https:\/\/www.tucomarca.com\/wordpress\/segunda\/wp-content\/uploads\/2025\/05\/Nuevos-equipos4.jpg 627w, https:\/\/www.tucomarca.com\/wordpress\/segunda\/wp-content\/uploads\/2025\/05\/Nuevos-equipos4-300x168.jpg 300w\" sizes=\"auto, (max-width: 627px) 100vw, 627px\" \/><\/figure>\n<\/figure>\n\n\n\n<p><strong>Los dos primeros paquetes de ayudas<\/strong><\/p>\n\n\n\n<p>Desde los primeros instantes despu\u00e9s del 29 de octubre, la Diputaci\u00f3 de Val\u00e8ncia se moviliz\u00f3 para cubrir las necesidades m\u00e1s urgentes en el apartado inform\u00e1tico de los ayuntamientos que fueron golpeados por la tragedia. As\u00ed, entre el 30 de octubre y el 11 de noviembre de 2024, la corporaci\u00f3n provincial dedic\u00f3 m\u00e1s de 200.000 euros, mediante un primer expediente de emergencia, en distribuir material inform\u00e1tico directamente a 14 municipios de la zona cero.<\/p>\n\n\n\n<p>Posteriormente, entre el 7 y el 18 de noviembre, se fueron recogiendo una a una las demandas de todos los ayuntamientos afectados, y contactando a su vez con diversos proveedores para cada tipo de material. Tras ello, se aprob\u00f3 un segundo expediente de emergencia de 714.000 euros, que se entregaron a 35 municipios para la compra de los equipos da\u00f1ados. La primera semana de diciembre se logr\u00f3 completar la distribuci\u00f3n de todo el material.<\/p>\n\n\n\n<p>De este modo, la instituci\u00f3n que preside Vicent Momp\u00f3 destin\u00f3 m\u00e1s de 920.000 euros en ayudas inform\u00e1ticas durante las primeras semanas posteriores a la dana, a los que se suman ahora los 300.000 euros del nuevo paquete de ayudas.<\/p>\n","protected":false},"excerpt":{"rendered":"<div class=\"mh-excerpt\">El \u00e1rea de Administraci\u00f3n Electr\u00f3nica que dirige el diputado Juan Ram\u00f3n Adsuara destinar\u00e1 un total de 300.000 euros, que se suman a los 920.000 euros entregados en las semanas posteriores a la tragedia. Alfafar, Algemes\u00ed, <a class=\"mh-excerpt-more\" href=\"https:\/\/www.tucomarca.com\/wordpress\/segunda\/la-diputacio-aprueba-nuevas-ayudas-para-que-los-pueblos-afectados-por-la-dana-renueven-sus-equipos-informaticos\/\" title=\"La Diputaci\u00f3 aprueba nuevas ayudas para que los pueblos afectados por la DANA renueven sus equipos inform\u00e1ticos\">[+] <\/a><\/div>\n","protected":false},"author":12,"featured_media":266323,"comment_status":"open","ping_status":"open","sticky":false,"template":"","format":"gallery","meta":{"footnotes":""},"categories":[99,16,21465,128,292,8,72,10,42,117,142,3,116,45],"tags":[12831,3677,22416],"class_list":{"0":"post-266318","1":"post","2":"type-post","3":"status-publish","4":"format-gallery","5":"has-post-thumbnail","7":"category-algemesi","8":"category-chiva","9":"category-dana","10":"category-infraestructuras","11":"category-lalcudia","12":"category-la-comarca","13":"category-sin-categorizar","14":"category-la-hoya","15":"category-la-ribera","16":"category-medio-ambiente-la-comarca","17":"category-politica-la-comarca","18":"category-seccion","19":"category-sucesos-la-comarca","20":"category-ventana","21":"tag-dana-2","22":"tag-diputacio-de-valencia","23":"tag-equipos-informaticos","24":"post_format-post-format-gallery"},"_links":{"self":[{"href":"https:\/\/www.tucomarca.com\/wordpress\/segunda\/wp-json\/wp\/v2\/posts\/266318","targetHints":{"allow":["GET"]}}],"collection":[{"href":"https:\/\/www.tucomarca.com\/wordpress\/segunda\/wp-json\/wp\/v2\/posts"}],"about":[{"href":"https:\/\/www.tucomarca.com\/wordpress\/segunda\/wp-json\/wp\/v2\/types\/post"}],"author":[{"embeddable":true,"href":"https:\/\/www.tucomarca.com\/wordpress\/segunda\/wp-json\/wp\/v2\/users\/12"}],"replies":[{"embeddable":true,"href":"https:\/\/www.tucomarca.com\/wordpress\/segunda\/wp-json\/wp\/v2\/comments?post=266318"}],"version-history":[{"count":0,"href":"https:\/\/www.tucomarca.com\/wordpress\/segunda\/wp-json\/wp\/v2\/posts\/266318\/revisions"}],"wp:featuredmedia":[{"embeddable":true,"href":"https:\/\/www.tucomarca.com\/wordpress\/segunda\/wp-json\/wp\/v2\/media\/266323"}],"wp:attachment":[{"href":"https:\/\/www.tucomarca.com\/wordpress\/segunda\/wp-json\/wp\/v2\/media?parent=266318"}],"wp:term":[{"taxonomy":"category","embeddable":true,"href":"https:\/\/www.tucomarca.com\/wordpress\/segunda\/wp-json\/wp\/v2\/categories?post=266318"},{"taxonomy":"post_tag","embeddable":true,"href":"https:\/\/www.tucomarca.com\/wordpress\/segunda\/wp-json\/wp\/v2\/tags?post=266318"}],"curies":[{"name":"wp","href":"https:\/\/api.w.org\/{rel}","templated":true}]}}