{"id":266426,"date":"2025-05-22T09:30:00","date_gmt":"2025-05-22T07:30:00","guid":{"rendered":"https:\/\/www.tucomarca.com\/wordpress\/segunda\/?p=266426"},"modified":"2025-05-22T10:27:52","modified_gmt":"2025-05-22T08:27:52","slug":"la-asociacion-de-familiares-de-fallecidos-por-la-dana-rinde-homenaje-a-las-victimas-este-sabado-en-el-teatro-municipal-astoria-de-chiva","status":"publish","type":"post","link":"https:\/\/www.tucomarca.com\/wordpress\/segunda\/la-asociacion-de-familiares-de-fallecidos-por-la-dana-rinde-homenaje-a-las-victimas-este-sabado-en-el-teatro-municipal-astoria-de-chiva\/","title":{"rendered":"La Asociaci\u00f3n de Familiares de Fallecidos por la DANA rinde homenaje a las v\u00edctimas este s\u00e1bado en el Teatro Municipal Astoria de Chiva"},"content":{"rendered":"\n<p>A punto de cumplirse siete meses de la tragedia, el <strong>Teatro Municipal Astoria de Chiva<\/strong> acoger\u00e1 este <strong>s\u00e1bado alas 19,00 horas un acto en memoria de las v\u00edctimas mortales de la DANA<\/strong>, organizado por la <strong>Asociaci\u00f3n de Familiares de Fallecidos por la DANA<\/strong>.<\/p>\n\n\n\n<p>El homenaje, abierto a toda la ciudadan\u00eda, ser\u00e1 un momento de recuerdo y acompa\u00f1amiento a los familiares de las personas que perdieron la vida durante la gran riada que el pasado 29 de octubre asol\u00f3 la provincia de Valencia. En Chiva, ocho vecinos fallecieron en esta cat\u00e1strofe que a\u00fan deja una profunda huella en el municipio.<\/p>\n\n\n\n<p>La entrada ser\u00e1 gratuita, aunque es necesario retirarla previamente en el Punto de Atenci\u00f3n Ciudadana del Ayuntamiento, de martes a viernes en horario de 9 a 14 horas, hasta completar el aforo. Se podr\u00e1 recoger un m\u00e1ximo de dos entradas por persona.<\/p>\n\n\n\n<p>La DANA dej\u00f3 un tr\u00e1gico balance de 228 v\u00edctimas mortales en la Comunitat Valenciana. A d\u00eda de hoy, dos personas contin\u00faan desaparecidas, y efectivos de la Guardia Civil y la UME mantienen activas las b\u00fasquedas en distintos puntos del territorio.<\/p>\n","protected":false},"excerpt":{"rendered":"<div class=\"mh-excerpt\">A punto de cumplirse siete meses de la tragedia, el Teatro Municipal Astoria de Chiva acoger\u00e1 este s\u00e1bado alas 19,00 horas un acto en memoria de las v\u00edctimas mortales de la DANA, organizado por la <a class=\"mh-excerpt-more\" href=\"https:\/\/www.tucomarca.com\/wordpress\/segunda\/la-asociacion-de-familiares-de-fallecidos-por-la-dana-rinde-homenaje-a-las-victimas-este-sabado-en-el-teatro-municipal-astoria-de-chiva\/\" title=\"La Asociaci\u00f3n de Familiares de Fallecidos por la DANA rinde homenaje a las v\u00edctimas este s\u00e1bado en el Teatro Municipal Astoria de Chiva\">[+] <\/a><\/div>\n","protected":false},"author":1,"featured_media":31386,"comment_status":"open","ping_status":"open","sticky":false,"template":"","format":"standard","meta":{"footnotes":""},"categories":[4,16,21465,8,72,10,3],"tags":[10384,12831,5952,22382],"class_list":{"0":"post-266426","1":"post","2":"type-post","3":"status-publish","4":"format-standard","5":"has-post-thumbnail","7":"category-agenda","8":"category-chiva","9":"category-dana","10":"category-la-comarca","11":"category-sin-categorizar","12":"category-la-hoya","13":"category-seccion","14":"tag-chiva","15":"tag-dana-2","16":"tag-la-hoya-de-bunol-chiva","17":"tag-victimas-de-la-dana"},"_links":{"self":[{"href":"https:\/\/www.tucomarca.com\/wordpress\/segunda\/wp-json\/wp\/v2\/posts\/266426","targetHints":{"allow":["GET"]}}],"collection":[{"href":"https:\/\/www.tucomarca.com\/wordpress\/segunda\/wp-json\/wp\/v2\/posts"}],"about":[{"href":"https:\/\/www.tucomarca.com\/wordpress\/segunda\/wp-json\/wp\/v2\/types\/post"}],"author":[{"embeddable":true,"href":"https:\/\/www.tucomarca.com\/wordpress\/segunda\/wp-json\/wp\/v2\/users\/1"}],"replies":[{"embeddable":true,"href":"https:\/\/www.tucomarca.com\/wordpress\/segunda\/wp-json\/wp\/v2\/comments?post=266426"}],"version-history":[{"count":0,"href":"https:\/\/www.tucomarca.com\/wordpress\/segunda\/wp-json\/wp\/v2\/posts\/266426\/revisions"}],"wp:featuredmedia":[{"embeddable":true,"href":"https:\/\/www.tucomarca.com\/wordpress\/segunda\/wp-json\/wp\/v2\/media\/31386"}],"wp:attachment":[{"href":"https:\/\/www.tucomarca.com\/wordpress\/segunda\/wp-json\/wp\/v2\/media?parent=266426"}],"wp:term":[{"taxonomy":"category","embeddable":true,"href":"https:\/\/www.tucomarca.com\/wordpress\/segunda\/wp-json\/wp\/v2\/categories?post=266426"},{"taxonomy":"post_tag","embeddable":true,"href":"https:\/\/www.tucomarca.com\/wordpress\/segunda\/wp-json\/wp\/v2\/tags?post=266426"}],"curies":[{"name":"wp","href":"https:\/\/api.w.org\/{rel}","templated":true}]}}