{"id":266436,"date":"2025-05-21T11:00:00","date_gmt":"2025-05-21T09:00:00","guid":{"rendered":"https:\/\/www.tucomarca.com\/wordpress\/segunda\/?p=266436"},"modified":"2025-05-21T18:10:19","modified_gmt":"2025-05-21T16:10:19","slug":"bunol-reabre-la-calle-guillem-sorolla-al-trafico-tras-siete-meses-de-obras-por-la-dana","status":"publish","type":"post","link":"https:\/\/www.tucomarca.com\/wordpress\/segunda\/bunol-reabre-la-calle-guillem-sorolla-al-trafico-tras-siete-meses-de-obras-por-la-dana\/","title":{"rendered":"Bu\u00f1ol reabre la calle Guillem Sorolla al tr\u00e1fico tras siete meses de obras por la DANA"},"content":{"rendered":"\n<p>El Ayuntamiento de Bu\u00f1ol ha reabierto al tr\u00e1fico la calle Guillem Sorolla, que permanec\u00eda cerrada desde que result\u00f3 gravemente afectada por la DANA del pasado octubre. Tras siete meses de trabajos, la v\u00eda vuelve a estar operativa en su totalidad.<\/p>\n\n\n\n<p>No obstante el ayuntamiento informaba este mi\u00e9rcoles que la calle volver\u00e1 a estar cortada al tr\u00e1fico de manera intermitente hasta el viernes de 8,00 a 13,00 h. por la finalizaci\u00f3n de la obra.<\/p>\n\n\n\n<p>Desde el consistorio destacan que la reapertura supone un paso importante en la recuperaci\u00f3n del municipio tras los da\u00f1os provocados por el temporal.<\/p>\n\n\n\n<p>Por otro lado, la calle Goya, en el tramo comprendido entre las escaleras y el paseo fluvial, permanece cerrada por obras y as\u00ed seguir\u00e1 hasta nuevo aviso.<\/p>\n","protected":false},"excerpt":{"rendered":"<div class=\"mh-excerpt\">El Ayuntamiento de Bu\u00f1ol ha reabierto al tr\u00e1fico la calle Guillem Sorolla, que permanec\u00eda cerrada desde que result\u00f3 gravemente afectada por la DANA del pasado octubre. Tras siete meses de trabajos, la v\u00eda vuelve a <a class=\"mh-excerpt-more\" href=\"https:\/\/www.tucomarca.com\/wordpress\/segunda\/bunol-reabre-la-calle-guillem-sorolla-al-trafico-tras-siete-meses-de-obras-por-la-dana\/\" title=\"Bu\u00f1ol reabre la calle Guillem Sorolla al tr\u00e1fico tras siete meses de obras por la DANA\">[+] <\/a><\/div>\n","protected":false},"author":1,"featured_media":266517,"comment_status":"open","ping_status":"open","sticky":false,"template":"","format":"standard","meta":{"footnotes":""},"categories":[18,21465,128,8,72,10,142,3],"tags":[10385,22431,12831,5952],"class_list":{"0":"post-266436","1":"post","2":"type-post","3":"status-publish","4":"format-standard","5":"has-post-thumbnail","7":"category-bunol","8":"category-dana","9":"category-infraestructuras","10":"category-la-comarca","11":"category-sin-categorizar","12":"category-la-hoya","13":"category-politica-la-comarca","14":"category-seccion","15":"tag-bunol","16":"tag-calle-guillem-sorolla","17":"tag-dana-2","18":"tag-la-hoya-de-bunol-chiva"},"_links":{"self":[{"href":"https:\/\/www.tucomarca.com\/wordpress\/segunda\/wp-json\/wp\/v2\/posts\/266436","targetHints":{"allow":["GET"]}}],"collection":[{"href":"https:\/\/www.tucomarca.com\/wordpress\/segunda\/wp-json\/wp\/v2\/posts"}],"about":[{"href":"https:\/\/www.tucomarca.com\/wordpress\/segunda\/wp-json\/wp\/v2\/types\/post"}],"author":[{"embeddable":true,"href":"https:\/\/www.tucomarca.com\/wordpress\/segunda\/wp-json\/wp\/v2\/users\/1"}],"replies":[{"embeddable":true,"href":"https:\/\/www.tucomarca.com\/wordpress\/segunda\/wp-json\/wp\/v2\/comments?post=266436"}],"version-history":[{"count":0,"href":"https:\/\/www.tucomarca.com\/wordpress\/segunda\/wp-json\/wp\/v2\/posts\/266436\/revisions"}],"wp:featuredmedia":[{"embeddable":true,"href":"https:\/\/www.tucomarca.com\/wordpress\/segunda\/wp-json\/wp\/v2\/media\/266517"}],"wp:attachment":[{"href":"https:\/\/www.tucomarca.com\/wordpress\/segunda\/wp-json\/wp\/v2\/media?parent=266436"}],"wp:term":[{"taxonomy":"category","embeddable":true,"href":"https:\/\/www.tucomarca.com\/wordpress\/segunda\/wp-json\/wp\/v2\/categories?post=266436"},{"taxonomy":"post_tag","embeddable":true,"href":"https:\/\/www.tucomarca.com\/wordpress\/segunda\/wp-json\/wp\/v2\/tags?post=266436"}],"curies":[{"name":"wp","href":"https:\/\/api.w.org\/{rel}","templated":true}]}}