{"id":266589,"date":"2025-05-21T11:45:00","date_gmt":"2025-05-21T09:45:00","guid":{"rendered":"https:\/\/www.tucomarca.com\/wordpress\/segunda\/?p=266589"},"modified":"2025-05-21T19:08:40","modified_gmt":"2025-05-21T17:08:40","slug":"detenido-un-hombre-en-utiel-por-una-agresion-sexual-a-una-nina-de-12-anos","status":"publish","type":"post","link":"https:\/\/www.tucomarca.com\/wordpress\/segunda\/detenido-un-hombre-en-utiel-por-una-agresion-sexual-a-una-nina-de-12-anos\/","title":{"rendered":"Detenido un hombre en Utiel por una agresi\u00f3n sexual a una ni\u00f1a de 12 a\u00f1os"},"content":{"rendered":"\n<p>La Guardia Civil ha arrestado a un hombre por un presunto delito de agresi\u00f3n sexual a una menor de 12 a\u00f1os y ha evitado su linchamiento ya que amigos de la familia de la v\u00edctima estaban golpeando al presunto pederasta, tom\u00e1ndose la justicia por su mano.<\/p>\n\n\n\n<p>El presunto pederasta hab\u00eda sido sorprendido realizando tocamientos de car\u00e1cter sexual a la menor. Unos amigos de la madre de la ni\u00f1a trataron de tomarse la justicia por su mano y arremetieron contra el hombre ahora detenido.<\/p>\n\n\n\n<p>Los hechos ocurrieron la tarde de este pasado lunes cuando la Guardia Civil recibi\u00f3 un aviso de un posible linchamiento, con golpes y armas blancas, a un presunto agresor sexual en la localidad de Utiel. La patrulla que acudi\u00f3 al lugar logr\u00f3 controlar la situaci\u00f3n y, se llevaron al hombre detenido por la presunta agresi\u00f3n sexual a la menor.\u00a0<\/p>\n","protected":false},"excerpt":{"rendered":"<div class=\"mh-excerpt\">La Guardia Civil ha arrestado a un hombre por un presunto delito de agresi\u00f3n sexual a una menor de 12 a\u00f1os y ha evitado su linchamiento ya que amigos de la familia de la v\u00edctima <a class=\"mh-excerpt-more\" href=\"https:\/\/www.tucomarca.com\/wordpress\/segunda\/detenido-un-hombre-en-utiel-por-una-agresion-sexual-a-una-nina-de-12-anos\/\" title=\"Detenido un hombre en Utiel por una agresi\u00f3n sexual a una ni\u00f1a de 12 a\u00f1os\">[+] <\/a><\/div>\n","protected":false},"author":12,"featured_media":266591,"comment_status":"open","ping_status":"open","sticky":false,"template":"","format":"standard","meta":{"footnotes":""},"categories":[8,27,3,116,29,45],"tags":[22123,1098,10387,10389],"class_list":{"0":"post-266589","1":"post","2":"type-post","3":"status-publish","4":"format-standard","5":"has-post-thumbnail","7":"category-la-comarca","8":"category-requena-utiel","9":"category-seccion","10":"category-sucesos-la-comarca","11":"category-utiel","12":"category-ventana","13":"tag-agresion-sexual","14":"tag-guardia-civil","15":"tag-requena-utiel","16":"tag-utiel"},"_links":{"self":[{"href":"https:\/\/www.tucomarca.com\/wordpress\/segunda\/wp-json\/wp\/v2\/posts\/266589","targetHints":{"allow":["GET"]}}],"collection":[{"href":"https:\/\/www.tucomarca.com\/wordpress\/segunda\/wp-json\/wp\/v2\/posts"}],"about":[{"href":"https:\/\/www.tucomarca.com\/wordpress\/segunda\/wp-json\/wp\/v2\/types\/post"}],"author":[{"embeddable":true,"href":"https:\/\/www.tucomarca.com\/wordpress\/segunda\/wp-json\/wp\/v2\/users\/12"}],"replies":[{"embeddable":true,"href":"https:\/\/www.tucomarca.com\/wordpress\/segunda\/wp-json\/wp\/v2\/comments?post=266589"}],"version-history":[{"count":0,"href":"https:\/\/www.tucomarca.com\/wordpress\/segunda\/wp-json\/wp\/v2\/posts\/266589\/revisions"}],"wp:featuredmedia":[{"embeddable":true,"href":"https:\/\/www.tucomarca.com\/wordpress\/segunda\/wp-json\/wp\/v2\/media\/266591"}],"wp:attachment":[{"href":"https:\/\/www.tucomarca.com\/wordpress\/segunda\/wp-json\/wp\/v2\/media?parent=266589"}],"wp:term":[{"taxonomy":"category","embeddable":true,"href":"https:\/\/www.tucomarca.com\/wordpress\/segunda\/wp-json\/wp\/v2\/categories?post=266589"},{"taxonomy":"post_tag","embeddable":true,"href":"https:\/\/www.tucomarca.com\/wordpress\/segunda\/wp-json\/wp\/v2\/tags?post=266589"}],"curies":[{"name":"wp","href":"https:\/\/api.w.org\/{rel}","templated":true}]}}