{"id":266644,"date":"2025-05-22T08:00:00","date_gmt":"2025-05-22T06:00:00","guid":{"rendered":"https:\/\/www.tucomarca.com\/wordpress\/segunda\/?p=266644"},"modified":"2025-05-23T14:01:39","modified_gmt":"2025-05-23T12:01:39","slug":"la-ud-mancomunidad-la-hoya-abre-el-periodo-de-inscripcion-para-la-temporada-2025-2026","status":"publish","type":"post","link":"https:\/\/www.tucomarca.com\/wordpress\/segunda\/la-ud-mancomunidad-la-hoya-abre-el-periodo-de-inscripcion-para-la-temporada-2025-2026\/","title":{"rendered":"La UD Mancomunidad La Hoya abre el periodo de inscripci\u00f3n para la temporada 2025\/2026"},"content":{"rendered":"\n<p>La Uni\u00f3n Deportiva Mancomunidad La Hoya ha abierto oficialmente el plazo de inscripci\u00f3n para jugadores y jugadoras de cara a la temporada 2025\/2026. El club ha habilitado un sistema que contempla tanto la renovaci\u00f3n de inscripciones de temporadas anteriores como las nuevas altas.<\/p>\n\n\n<div class=\"wp-block-image\">\n<figure class=\"alignleft size-large is-resized\"><img loading=\"lazy\" decoding=\"async\" width=\"724\" height=\"1024\" src=\"https:\/\/www.tucomarca.com\/wordpress\/segunda\/wp-content\/uploads\/2025\/05\/UDMancomunidad-724x1024.jpg\" alt=\"\" class=\"wp-image-266699\" style=\"width:351px;height:auto\" srcset=\"https:\/\/www.tucomarca.com\/wordpress\/segunda\/wp-content\/uploads\/2025\/05\/UDMancomunidad-724x1024.jpg 724w, https:\/\/www.tucomarca.com\/wordpress\/segunda\/wp-content\/uploads\/2025\/05\/UDMancomunidad-212x300.jpg 212w, https:\/\/www.tucomarca.com\/wordpress\/segunda\/wp-content\/uploads\/2025\/05\/UDMancomunidad-768x1086.jpg 768w, https:\/\/www.tucomarca.com\/wordpress\/segunda\/wp-content\/uploads\/2025\/05\/UDMancomunidad-1086x1536.jpg 1086w, https:\/\/www.tucomarca.com\/wordpress\/segunda\/wp-content\/uploads\/2025\/05\/UDMancomunidad.jpg 1131w\" sizes=\"auto, (max-width: 724px) 100vw, 724px\" \/><\/figure>\n<\/div>\n\n\n<p>Desde la organizaci\u00f3n explican que el proceso de inscripci\u00f3n se ha dise\u00f1ado con un enfoque diferenciado: quienes ya formaban parte del club \u00fanicamente deber\u00e1n confirmar algunos datos, mientras que las nuevas incorporaciones deber\u00e1n aportar toda la informaci\u00f3n necesaria para la tramitaci\u00f3n de la ficha federativa.<\/p>\n\n\n\n<p>Adem\u00e1s, esta nueva temporada vendr\u00e1 acompa\u00f1ada del estreno de una nueva equipaci\u00f3n, cuyo coste est\u00e1 ya detallado junto con las cuotas e instrucciones de inscripci\u00f3n.<\/p>\n\n\n\n<p>Como incentivo, la UD Mancomunidad La Hoya ofrece un descuento especial en la cuota de inscripci\u00f3n a quienes formalicen su participaci\u00f3n antes del pr\u00f3ximo 15 de junio.<\/p>\n","protected":false},"excerpt":{"rendered":"<div class=\"mh-excerpt\">La Uni\u00f3n Deportiva Mancomunidad La Hoya ha abierto oficialmente el plazo de inscripci\u00f3n para jugadores y jugadoras de cara a la temporada 2025\/2026. El club ha habilitado un sistema que contempla tanto la renovaci\u00f3n de <a class=\"mh-excerpt-more\" href=\"https:\/\/www.tucomarca.com\/wordpress\/segunda\/la-ud-mancomunidad-la-hoya-abre-el-periodo-de-inscripcion-para-la-temporada-2025-2026\/\" title=\"La UD Mancomunidad La Hoya abre el periodo de inscripci\u00f3n para la temporada 2025\/2026\">[+] <\/a><\/div>\n","protected":false},"author":12,"featured_media":266699,"comment_status":"open","ping_status":"open","sticky":false,"template":"","format":"standard","meta":{"footnotes":""},"categories":[50,6,8,10,3],"tags":[5952,17235],"class_list":{"0":"post-266644","1":"post","2":"type-post","3":"status-publish","4":"format-standard","5":"has-post-thumbnail","7":"category-futbol-deportes","8":"category-deportes","9":"category-la-comarca","10":"category-la-hoya","11":"category-seccion","12":"tag-la-hoya-de-bunol-chiva","13":"tag-ud-mancomunidad-la-hoya"},"_links":{"self":[{"href":"https:\/\/www.tucomarca.com\/wordpress\/segunda\/wp-json\/wp\/v2\/posts\/266644","targetHints":{"allow":["GET"]}}],"collection":[{"href":"https:\/\/www.tucomarca.com\/wordpress\/segunda\/wp-json\/wp\/v2\/posts"}],"about":[{"href":"https:\/\/www.tucomarca.com\/wordpress\/segunda\/wp-json\/wp\/v2\/types\/post"}],"author":[{"embeddable":true,"href":"https:\/\/www.tucomarca.com\/wordpress\/segunda\/wp-json\/wp\/v2\/users\/12"}],"replies":[{"embeddable":true,"href":"https:\/\/www.tucomarca.com\/wordpress\/segunda\/wp-json\/wp\/v2\/comments?post=266644"}],"version-history":[{"count":0,"href":"https:\/\/www.tucomarca.com\/wordpress\/segunda\/wp-json\/wp\/v2\/posts\/266644\/revisions"}],"wp:featuredmedia":[{"embeddable":true,"href":"https:\/\/www.tucomarca.com\/wordpress\/segunda\/wp-json\/wp\/v2\/media\/266699"}],"wp:attachment":[{"href":"https:\/\/www.tucomarca.com\/wordpress\/segunda\/wp-json\/wp\/v2\/media?parent=266644"}],"wp:term":[{"taxonomy":"category","embeddable":true,"href":"https:\/\/www.tucomarca.com\/wordpress\/segunda\/wp-json\/wp\/v2\/categories?post=266644"},{"taxonomy":"post_tag","embeddable":true,"href":"https:\/\/www.tucomarca.com\/wordpress\/segunda\/wp-json\/wp\/v2\/tags?post=266644"}],"curies":[{"name":"wp","href":"https:\/\/api.w.org\/{rel}","templated":true}]}}