{"id":266861,"date":"2025-05-23T11:00:00","date_gmt":"2025-05-23T09:00:00","guid":{"rendered":"https:\/\/www.tucomarca.com\/wordpress\/segunda\/?p=266861"},"modified":"2025-05-23T14:06:38","modified_gmt":"2025-05-23T12:06:38","slug":"godelleta-recibe-el-premio-audaz-a-la-mejor-buena-practica-en-transparencia-local","status":"publish","type":"post","link":"https:\/\/www.tucomarca.com\/wordpress\/segunda\/godelleta-recibe-el-premio-audaz-a-la-mejor-buena-practica-en-transparencia-local\/","title":{"rendered":"Godelleta recibe el premio AUDAZ a la \u00abMejor Buena Pr\u00e1ctica\u00bb en transparencia local"},"content":{"rendered":"\n<h3 class=\"wp-block-heading\">El proyecto \u201cBar\u00f3metro de Servicios P\u00fablicos y Acceso a la Informaci\u00f3n\u201d ha sido reconocido por la Red Acad\u00e9mica de Gobierno Abierto (RAGA) en una gala celebrada en la sede de la FEMP en Madrid.<\/h3>\n\n\n\n<p>El municipio valenciano de Godelleta ha sido distinguido con el premio AUDAZ a la&nbsp;<em>\u00abMejor Buena Pr\u00e1ctica\u00bb<\/em>&nbsp;en materia de transparencia local, en la segunda edici\u00f3n de estos galardones impulsados por la Red Acad\u00e9mica de Gobierno Abierto (RAGA). La entrega tuvo lugar en la sede de la Federaci\u00f3n Espa\u00f1ola de Municipios y Provincias (FEMP), en una gala que reuni\u00f3 en Madrid a destacadas personalidades del \u00e1mbito institucional y acad\u00e9mico.<\/p>\n\n\n\n<p>El Ayuntamiento de Godelleta present\u00f3 el proyecto&nbsp;<strong>\u201cBar\u00f3metro de Servicios P\u00fablicos y Acceso a la Informaci\u00f3n\u201d<\/strong>, una iniciativa desarrollada gracias a los fondos gestionados y subvencionados por la Diputaci\u00f3n de Valencia, y enmarcada en su compromiso como entidad adherida a la Red Iberoamericana de Buen Gobierno e Igualdad (RIBGI).<\/p>\n\n\n\n<p>La alcaldesa de Godelleta,&nbsp;<strong>Amparo Pardo<\/strong>, recogi\u00f3 el premio en representaci\u00f3n del municipio y destac\u00f3 el valor colectivo del reconocimiento:<\/p>\n\n\n\n<p>\u201cEste logro refleja el firme compromiso de Godelleta con la participaci\u00f3n ciudadana y la mejora continua de la gesti\u00f3n p\u00fablica. Es, sin duda, un premio para todo el vecindario, que ha hecho posible este proyecto con su implicaci\u00f3n activa.\u201d<\/p>\n\n\n\n<p>La gala cont\u00f3 con la presencia de altos representantes institucionales, como el presidente del Consejo de Transparencia y Buen Gobierno, el presidente de la Agencia Espa\u00f1ola de Protecci\u00f3n de Datos y el presidente de la Autoridad Independiente de Protecci\u00f3n del Informante, as\u00ed como la Secretaria de Estado de Funci\u00f3n P\u00fablica.<\/p>\n\n\n\n<figure class=\"wp-block-image size-large\"><img loading=\"lazy\" decoding=\"async\" width=\"1024\" height=\"684\" src=\"https:\/\/www.tucomarca.com\/wordpress\/segunda\/wp-content\/uploads\/2025\/05\/Godelleta_audaz2-1024x684.jpg\" alt=\"\" class=\"wp-image-266865\" srcset=\"https:\/\/www.tucomarca.com\/wordpress\/segunda\/wp-content\/uploads\/2025\/05\/Godelleta_audaz2-1024x684.jpg 1024w, https:\/\/www.tucomarca.com\/wordpress\/segunda\/wp-content\/uploads\/2025\/05\/Godelleta_audaz2-300x200.jpg 300w, https:\/\/www.tucomarca.com\/wordpress\/segunda\/wp-content\/uploads\/2025\/05\/Godelleta_audaz2-768x513.jpg 768w, https:\/\/www.tucomarca.com\/wordpress\/segunda\/wp-content\/uploads\/2025\/05\/Godelleta_audaz2.jpg 1181w\" sizes=\"auto, (max-width: 1024px) 100vw, 1024px\" \/><\/figure>\n\n\n\n<p>Los&nbsp;<strong>premios AUDAZ<\/strong>&nbsp;reconocen las mejores iniciativas en transparencia a nivel auton\u00f3mico, en grandes ciudades, municipios medianos y peque\u00f1as localidades. En esta \u00faltima categor\u00eda, \u00fanicamente cinco municipios de toda Espa\u00f1a han sido galardonados, entre ellos, Godelleta.<\/p>\n\n\n\n<p>El proyecto premiado consisti\u00f3 en una investigaci\u00f3n participativa dise\u00f1ada para evaluar la evoluci\u00f3n del municipio en aspectos clave como servicios p\u00fablicos, infraestructuras y acceso a la informaci\u00f3n. A trav\u00e9s de encuestas ciudadanas, se aplicaron 50 indicadores para medir la percepci\u00f3n vecinal sobre la calidad de los servicios municipales y la transparencia en la gesti\u00f3n.<\/p>\n\n\n\n<p>Entre los aspectos evaluados se incluyeron educaci\u00f3n, mantenimiento urbano, y la calidad de instalaciones p\u00fablicas como la piscina o el polideportivo entre otros muchos indicadores. A partir de los resultados, se detectaron necesidades espec\u00edficas, como una mayor oferta de ocio juvenil. En respuesta, el Ayuntamiento puso en marcha la primera edici\u00f3n de una&nbsp;<em>escuela de Pascua sostenible para adolescentes<\/em>, organizada en la Escuela Bosco de Godelleta.<\/p>\n\n\n\n<p>\u201cEste estudio nos ha permitido escuchar de forma activa a la ciudadan\u00eda, detectar las prioridades m\u00e1s urgentes y orientar nuestras pol\u00edticas p\u00fablicas hacia una mejora real de la calidad de vida\u201d, concluy\u00f3 la alcaldesa.<\/p>\n","protected":false},"excerpt":{"rendered":"<div class=\"mh-excerpt\">El proyecto \u201cBar\u00f3metro de Servicios P\u00fablicos y Acceso a la Informaci\u00f3n\u201d ha sido reconocido por la Red Acad\u00e9mica de Gobierno Abierto (RAGA) en una gala celebrada en la sede de la FEMP en Madrid. El <a class=\"mh-excerpt-more\" href=\"https:\/\/www.tucomarca.com\/wordpress\/segunda\/godelleta-recibe-el-premio-audaz-a-la-mejor-buena-practica-en-transparencia-local\/\" title=\"Godelleta recibe el premio AUDAZ a la \u00abMejor Buena Pr\u00e1ctica\u00bb en transparencia local\">[+] <\/a><\/div>\n","protected":false},"author":12,"featured_media":266863,"comment_status":"open","ping_status":"open","sticky":false,"template":"","format":"image","meta":{"footnotes":""},"categories":[14,8,10,142,3],"tags":[10383,5952,22284],"class_list":{"0":"post-266861","1":"post","2":"type-post","3":"status-publish","4":"format-image","5":"has-post-thumbnail","7":"category-godelleta","8":"category-la-comarca","9":"category-la-hoya","10":"category-politica-la-comarca","11":"category-seccion","12":"tag-godelleta","13":"tag-la-hoya-de-bunol-chiva","14":"tag-premio-audaz","15":"post_format-post-format-image"},"_links":{"self":[{"href":"https:\/\/www.tucomarca.com\/wordpress\/segunda\/wp-json\/wp\/v2\/posts\/266861","targetHints":{"allow":["GET"]}}],"collection":[{"href":"https:\/\/www.tucomarca.com\/wordpress\/segunda\/wp-json\/wp\/v2\/posts"}],"about":[{"href":"https:\/\/www.tucomarca.com\/wordpress\/segunda\/wp-json\/wp\/v2\/types\/post"}],"author":[{"embeddable":true,"href":"https:\/\/www.tucomarca.com\/wordpress\/segunda\/wp-json\/wp\/v2\/users\/12"}],"replies":[{"embeddable":true,"href":"https:\/\/www.tucomarca.com\/wordpress\/segunda\/wp-json\/wp\/v2\/comments?post=266861"}],"version-history":[{"count":0,"href":"https:\/\/www.tucomarca.com\/wordpress\/segunda\/wp-json\/wp\/v2\/posts\/266861\/revisions"}],"wp:featuredmedia":[{"embeddable":true,"href":"https:\/\/www.tucomarca.com\/wordpress\/segunda\/wp-json\/wp\/v2\/media\/266863"}],"wp:attachment":[{"href":"https:\/\/www.tucomarca.com\/wordpress\/segunda\/wp-json\/wp\/v2\/media?parent=266861"}],"wp:term":[{"taxonomy":"category","embeddable":true,"href":"https:\/\/www.tucomarca.com\/wordpress\/segunda\/wp-json\/wp\/v2\/categories?post=266861"},{"taxonomy":"post_tag","embeddable":true,"href":"https:\/\/www.tucomarca.com\/wordpress\/segunda\/wp-json\/wp\/v2\/tags?post=266861"}],"curies":[{"name":"wp","href":"https:\/\/api.w.org\/{rel}","templated":true}]}}