{"id":266879,"date":"2025-05-25T12:00:00","date_gmt":"2025-05-25T10:00:00","guid":{"rendered":"https:\/\/www.tucomarca.com\/wordpress\/segunda\/?p=266879"},"modified":"2025-05-26T10:55:38","modified_gmt":"2025-05-26T08:55:38","slug":"tierra-bobal-acoge-el-ii-foro-sicted-y-la-xiii-asamblea-de-la-red-dti-el-26-y-27-de-mayo","status":"publish","type":"post","link":"https:\/\/www.tucomarca.com\/wordpress\/segunda\/tierra-bobal-acoge-el-ii-foro-sicted-y-la-xiii-asamblea-de-la-red-dti-el-26-y-27-de-mayo\/","title":{"rendered":"Tierra Bobal acoge el II Foro SICTED y la XIII Asamblea de la Red DTI el 26 y 27 de mayo"},"content":{"rendered":"\n<h3 class=\"wp-block-heading\">Turisme Comunitat Valenciana apuesta por Tierra Bobal como sede de estos dos eventos por ser un destino que despunta como referente en enoturismo, turismo activo y natural o turismo cultural y que ha sido afectado por la Dana&nbsp;<\/h3>\n\n\n\n<p>Turisme Comunitat Valenciana ha elegido Tierra Bobal como sede de dos eventos de relevancia tur\u00edstica, como son el II Foro SICTED y la XIII Asamblea de la Red de Destinos Tur\u00edsticos Inteligentes (DTI), que tienen lugar este 26 y 27 de mayo como punto de encuentro de personal t\u00e9cnico y experto en materia de turismo.\u00a0<\/p>\n\n\n\n<p><strong>II Foro SICTED en Tierra Bobal&nbsp;<\/strong><\/p>\n\n\n\n<ul class=\"wp-block-list\">\n<li>Fecha: <strong>26 de mayo de 2025<\/strong><\/li>\n\n\n\n<li>Lugar: Iglesia de San Nicol\u00e1s, Requena&nbsp;<\/li>\n\n\n\n<li>Horario: de 10:30 a 18:30 horas<\/li>\n<\/ul>\n\n\n\n<p>Este foro est\u00e1 dirigido a los gestores y agentes del turismo que trabajan bajo la metodolog\u00eda del Sistema Integral de Calidad Tur\u00edstica en Destino (SICTED). En esta edici\u00f3n, el encuentro se centra en la evoluci\u00f3n del sistema hacia la sostenibilidad, la medici\u00f3n de la huella ecol\u00f3gica y las buenas pr\u00e1cticas para un turismo m\u00e1s responsable. Adem\u00e1s, se realizar\u00e1 la reuni\u00f3n anual del Comit\u00e9 Interdestinos SICTED de la Comunitat Valenciana, un espacio clave para la planificaci\u00f3n y el balance del sistema.<\/p>\n\n\n\n<p>El acto contar\u00e1 con la presencia de la Consellera de Innovaci\u00f3n, Industria, Comercio y Turismo, Marian Cano Garc\u00eda.<\/p>\n\n\n\n<p>Adem\u00e1s, el foro ofrecer\u00e1 actividades para que los asistentes puedan descubrir la belleza y el potencial de Tierra Bobal, que une los municipios de Camporrobles, Caudete de las Fuentes, Chera, Fuenterrobles, Requena, Sinarcas, Utiel, Venta del Moro y Villargordo del Cabriel.<\/p>\n\n\n\n<p><strong>XIII Asamblea de la Red DTI en Tierra Bobal&nbsp;<\/strong><\/p>\n\n\n\n<ul class=\"wp-block-list\">\n<li>Fecha: <strong>27 de mayo de 2025<\/strong><\/li>\n\n\n\n<li>Lugar: Casa de la Cultura de Utiel (Sal\u00f3n de Actos)<\/li>\n\n\n\n<li>Horario: de 9 a 18 horas<\/li>\n<\/ul>\n\n\n\n<p>La XIII Asamblea de la Red DTI reunir\u00e1 a los principales actores del turismo inteligente en la Comunitat Valenciana para analizar el plan de acci\u00f3n de la Red DTI, presentar los avances en el nuevo Sistema de Inteligencia Tur\u00edstica y explorar c\u00f3mo los destinos pueden aprovechar estas herramientas para potenciar su desarrollo.&nbsp;<\/p>\n\n\n\n<p>Al igual que en el II Foro SICTED, los asistentes podr\u00e1n disfrutar de actividades que les permitir\u00e1n conocer mejor Tierra Bobal y su riqueza en vinos, paisajes y patrimonio.<\/p>\n","protected":false},"excerpt":{"rendered":"<div class=\"mh-excerpt\">Turisme Comunitat Valenciana apuesta por Tierra Bobal como sede de estos dos eventos por ser un destino que despunta como referente en enoturismo, turismo activo y natural o turismo cultural y que ha sido afectado <a class=\"mh-excerpt-more\" href=\"https:\/\/www.tucomarca.com\/wordpress\/segunda\/tierra-bobal-acoge-el-ii-foro-sicted-y-la-xiii-asamblea-de-la-red-dti-el-26-y-27-de-mayo\/\" title=\"Tierra Bobal acoge el II Foro SICTED y la XIII Asamblea de la Red DTI el 26 y 27 de mayo\">[+] <\/a><\/div>\n","protected":false},"author":12,"featured_media":107300,"comment_status":"open","ping_status":"open","sticky":false,"template":"","format":"standard","meta":{"footnotes":""},"categories":[4,236,113,37,138,139,8,7,28,27,3,235,29,234,120],"tags":[22453,10387,12386,10389,22452],"class_list":{"0":"post-266879","1":"post","2":"type-post","3":"status-publish","4":"format-standard","5":"has-post-thumbnail","7":"category-agenda","8":"category-camporrobles","9":"category-vinos","10":"category-caudete","11":"category-chera","12":"category-fuenterrobles","13":"category-la-comarca","14":"category-ocio-y-cultura","15":"category-requena","16":"category-requena-utiel","17":"category-seccion","18":"category-sinarcas","19":"category-utiel","20":"category-venta-del-moro","21":"category-villargordo-del-cabriel","22":"tag-ii-foro-sicted","23":"tag-requena-utiel","24":"tag-tierra-bobal","25":"tag-utiel","26":"tag-xiii-asamblea-de-la-red-de-destinos-turisticos-inteligentes"},"_links":{"self":[{"href":"https:\/\/www.tucomarca.com\/wordpress\/segunda\/wp-json\/wp\/v2\/posts\/266879","targetHints":{"allow":["GET"]}}],"collection":[{"href":"https:\/\/www.tucomarca.com\/wordpress\/segunda\/wp-json\/wp\/v2\/posts"}],"about":[{"href":"https:\/\/www.tucomarca.com\/wordpress\/segunda\/wp-json\/wp\/v2\/types\/post"}],"author":[{"embeddable":true,"href":"https:\/\/www.tucomarca.com\/wordpress\/segunda\/wp-json\/wp\/v2\/users\/12"}],"replies":[{"embeddable":true,"href":"https:\/\/www.tucomarca.com\/wordpress\/segunda\/wp-json\/wp\/v2\/comments?post=266879"}],"version-history":[{"count":0,"href":"https:\/\/www.tucomarca.com\/wordpress\/segunda\/wp-json\/wp\/v2\/posts\/266879\/revisions"}],"wp:featuredmedia":[{"embeddable":true,"href":"https:\/\/www.tucomarca.com\/wordpress\/segunda\/wp-json\/wp\/v2\/media\/107300"}],"wp:attachment":[{"href":"https:\/\/www.tucomarca.com\/wordpress\/segunda\/wp-json\/wp\/v2\/media?parent=266879"}],"wp:term":[{"taxonomy":"category","embeddable":true,"href":"https:\/\/www.tucomarca.com\/wordpress\/segunda\/wp-json\/wp\/v2\/categories?post=266879"},{"taxonomy":"post_tag","embeddable":true,"href":"https:\/\/www.tucomarca.com\/wordpress\/segunda\/wp-json\/wp\/v2\/tags?post=266879"}],"curies":[{"name":"wp","href":"https:\/\/api.w.org\/{rel}","templated":true}]}}