{"id":266934,"date":"2025-05-26T09:55:00","date_gmt":"2025-05-26T07:55:00","guid":{"rendered":"https:\/\/www.tucomarca.com\/wordpress\/segunda\/?p=266934"},"modified":"2025-05-26T11:22:43","modified_gmt":"2025-05-26T09:22:43","slug":"la-artistica-de-bunol-anuncia-que-mario-ortuno-finalizara-su-etapa-como-director-de-los-feos-al-terminar-el-mes-de-agosto","status":"publish","type":"post","link":"https:\/\/www.tucomarca.com\/wordpress\/segunda\/la-artistica-de-bunol-anuncia-que-mario-ortuno-finalizara-su-etapa-como-director-de-los-feos-al-terminar-el-mes-de-agosto\/","title":{"rendered":"\u00abLa Art\u00edstica\u00bb de Bu\u00f1ol anuncia que Mario Ortu\u00f1o finalizar\u00e1 su etapa como director de &#8216;Los Feos&#8217; al terminar el mes de agosto"},"content":{"rendered":"\n<p>La Junta Directiva de la Sociedad Musical \u00abLa Art\u00edstica\u00bb de Bu\u00f1ol ha comunicado que Mario Ortu\u00f1o Gelardo, director titular de la Banda Sinf\u00f3nica y de la Escuela de M\u00fasica y Danza \u201cLuis Ayll\u00f3n\u201d, concluir\u00e1 su etapa al frente de ambas instituciones al finalizar el pr\u00f3ximo mes de agosto.<\/p>\n\n\n\n<p>\u00abEsta decisi\u00f3n ha sido fruto de un di\u00e1logo abierto y consensuado entre la Junta Directiva y el propio maestro Ortu\u00f1o, en un clima de mutuo respeto y reconocimiento\u00bb, seg\u00fan fuentes de la sociedad.<\/p>\n\n\n\n<p>\u00abDesde su incorporaci\u00f3n, Mario Ortu\u00f1o ha dejado una huella imborrable en nuestra sociedad. Su liderazgo ha sido clave para modernizar y dinamizar el funcionamiento interno de la Banda y de la Escuela, impulsando una renovaci\u00f3n generacional que ha fortalecido el esp\u00edritu colectivo y la excelencia art\u00edstica\u00bb, han a\u00f1adido desde &#8216;Los Feos&#8217;.<\/p>\n\n\n\n<p>Durante su direcci\u00f3n, la Banda Sinf\u00f3nica ha vivido momentos de especial relevancia, como la destacada participaci\u00f3n en la 136\u00aa edici\u00f3n del Certamen Internacional de Bandas de M\u00fasica \u00abCiudad de Valencia\u00bb en 2024, \u00abdonde obtuvimos el segundo premio en la Secci\u00f3n de Honor, interpretando obras de gran exigencia como \u00abL&#8217;Arbre Blanc\u00bb de Pere Vicalet y la Sinfon\u00eda n.\u00ba 4 de David Maslanka\u00bb.<\/p>\n\n\n\n<p>Adem\u00e1s, bajo su direcci\u00f3n, \u00abnuestra Sociedad ha reforzado su presencia en el panorama musical nacional e internacional, consolidando su prestigio y compromiso con la cultura y la educaci\u00f3n musical\u00bb.<\/p>\n\n\n\n<p>\u00abQueremos expresar nuestro m\u00e1s sincero agradecimiento a Mario Ortu\u00f1o por su dedicaci\u00f3n, profesionalidad y pasi\u00f3n durante estos a\u00f1os. Le deseamos el mayor de los \u00e9xitos en sus futuros proyectos, convencidos de que seguir\u00e1 contribuyendo al enriquecimiento del mundo musical\u00bb, han destacado desde la Sociedad Musical \u00abLa Art\u00edstica\u00bb de Bu\u00f1ol, desde donde han remarcado que continuar\u00e1n \u00abtrabajando con la misma ilusi\u00f3n y compromiso que han caracterizado esta etapa, afrontando nuevos retos y proyectos que honren nuestra tradici\u00f3n y miren hacia el futuro\u00bb.\u00a0<\/p>\n","protected":false},"excerpt":{"rendered":"<div class=\"mh-excerpt\">La Junta Directiva de la Sociedad Musical \u00abLa Art\u00edstica\u00bb de Bu\u00f1ol ha comunicado que Mario Ortu\u00f1o Gelardo, director titular de la Banda Sinf\u00f3nica y de la Escuela de M\u00fasica y Danza \u201cLuis Ayll\u00f3n\u201d, concluir\u00e1 su <a class=\"mh-excerpt-more\" href=\"https:\/\/www.tucomarca.com\/wordpress\/segunda\/la-artistica-de-bunol-anuncia-que-mario-ortuno-finalizara-su-etapa-como-director-de-los-feos-al-terminar-el-mes-de-agosto\/\" title=\"\u00abLa Art\u00edstica\u00bb de Bu\u00f1ol anuncia que Mario Ortu\u00f1o finalizar\u00e1 su etapa como director de &#8216;Los Feos&#8217; al terminar el mes de agosto\">[+] <\/a><\/div>\n","protected":false},"author":12,"featured_media":164707,"comment_status":"open","ping_status":"open","sticky":false,"template":"","format":"standard","meta":{"footnotes":""},"categories":[18,66,8,10,7,3,45],"tags":[10385,5952,22457,10559],"class_list":{"0":"post-266934","1":"post","2":"type-post","3":"status-publish","4":"format-standard","5":"has-post-thumbnail","7":"category-bunol","8":"category-musica","9":"category-la-comarca","10":"category-la-hoya","11":"category-ocio-y-cultura","12":"category-seccion","13":"category-ventana","14":"tag-bunol","15":"tag-la-hoya-de-bunol-chiva","16":"tag-mario-ortuno-gelardo","17":"tag-sm-la-artistica-de-bunol"},"_links":{"self":[{"href":"https:\/\/www.tucomarca.com\/wordpress\/segunda\/wp-json\/wp\/v2\/posts\/266934","targetHints":{"allow":["GET"]}}],"collection":[{"href":"https:\/\/www.tucomarca.com\/wordpress\/segunda\/wp-json\/wp\/v2\/posts"}],"about":[{"href":"https:\/\/www.tucomarca.com\/wordpress\/segunda\/wp-json\/wp\/v2\/types\/post"}],"author":[{"embeddable":true,"href":"https:\/\/www.tucomarca.com\/wordpress\/segunda\/wp-json\/wp\/v2\/users\/12"}],"replies":[{"embeddable":true,"href":"https:\/\/www.tucomarca.com\/wordpress\/segunda\/wp-json\/wp\/v2\/comments?post=266934"}],"version-history":[{"count":0,"href":"https:\/\/www.tucomarca.com\/wordpress\/segunda\/wp-json\/wp\/v2\/posts\/266934\/revisions"}],"wp:featuredmedia":[{"embeddable":true,"href":"https:\/\/www.tucomarca.com\/wordpress\/segunda\/wp-json\/wp\/v2\/media\/164707"}],"wp:attachment":[{"href":"https:\/\/www.tucomarca.com\/wordpress\/segunda\/wp-json\/wp\/v2\/media?parent=266934"}],"wp:term":[{"taxonomy":"category","embeddable":true,"href":"https:\/\/www.tucomarca.com\/wordpress\/segunda\/wp-json\/wp\/v2\/categories?post=266934"},{"taxonomy":"post_tag","embeddable":true,"href":"https:\/\/www.tucomarca.com\/wordpress\/segunda\/wp-json\/wp\/v2\/tags?post=266934"}],"curies":[{"name":"wp","href":"https:\/\/api.w.org\/{rel}","templated":true}]}}