{"id":267072,"date":"2025-05-26T12:45:00","date_gmt":"2025-05-26T10:45:00","guid":{"rendered":"https:\/\/www.tucomarca.com\/wordpress\/segunda\/?p=267072"},"modified":"2025-05-26T21:34:14","modified_gmt":"2025-05-26T19:34:14","slug":"nuria-martinez-anuncia-que-el-nuevo-palacio-de-justicia-de-alzira-entrara-en-funcionamiento-a-finales-de-2025","status":"publish","type":"post","link":"https:\/\/www.tucomarca.com\/wordpress\/segunda\/nuria-martinez-anuncia-que-el-nuevo-palacio-de-justicia-de-alzira-entrara-en-funcionamiento-a-finales-de-2025\/","title":{"rendered":"Nuria Mart\u00ednez anuncia que el nuevo Palacio de Justicia de Alzira entrar\u00e1 en funcionamiento a finales de 2025"},"content":{"rendered":"\n<h3 class=\"wp-block-heading\">La consellera de Justicia ha visitado las obras de la nueva sede que albergar\u00e1 los siete juzgados que tiene el partido judicial, en un edificio de m\u00e1s de 11.000 metros cuadrados, cinco plantas y \u00e1tico.<\/h3>\n\n\n\n<h3 class=\"wp-block-heading\">Mart\u00ednez ha destacado que, con esta actuaci\u00f3n, a la que se han destinado de 21,1 millones de euros, se terminar\u00e1 con la dispersi\u00f3n judicial y el sistema de la administraci\u00f3n de justicia ser\u00e1 m\u00e1s eficiente.<\/h3>\n\n\n\n<p>La consellera de Justicia y Administraci\u00f3n P\u00fablica, Nuria Mart\u00ednez, ha anunciado que el nivel de ejecuci\u00f3n de las obras del nuevo Palacio de Justicia de Alzira es del 86 % y que se prev\u00e9 concluirlas en el tercer trimestre de 2025 para que pueda entrar en funcionamiento antes de finalizar el a\u00f1o.<\/p>\n\n\n\n<p>Nuria Mart\u00ednez ha destacado que, con \u201cesta actuaci\u00f3n, que supera los 21,1 millones de inversi\u00f3n, vamos a mejorar el servicio que la administraci\u00f3n de justicia da a los m\u00e1s de 140.000 ciudadanos de este partido judicial\u201d, ya que \u201cpor fin se va a terminar con la dispersi\u00f3n judicial que existe ahora, de tal manera que todos los \u00f3rganos van a poder operar a la vez en un mismo sitio\u201d, algo que va a permitir que \u201cel sistema sea m\u00e1s eficiente\u201d.<\/p>\n\n\n\n<p>La consellera ha visitado las obras de ejecuci\u00f3n del nuevo Palacio de Justicia de Alzira, junto al alcalde Alfons Dom\u00ednguez; la Juez Decana del Juzgado de Alzira, Elisa Fort; la Fiscal Jefe de Alzira, Isabel Company; el Decano del Colegio de Abogados de Alzira, Agust\u00edn Ferrer; la Decana del Colegio de Procuradores de Valencia, Bego\u00f1a Molla, y su delegada en Alzira, M\u00aa \u00c1ngeles Pons.<\/p>\n\n\n\n<p>Adem\u00e1s, Nuria Mart\u00ednez ha explicado que \u201cAlzira es uno de los partidos judiciales en los que a partir de este 1 de julio se implantar\u00e1 el nuevo modelo Oficina judicial de los Tribunales de Instancia, en cumplimiento de la Ley Org\u00e1nica 1\/2025, de 2 de enero, de medidas en materia de eficiencia del Servicio P\u00fablico de Justicia\u201d. Por tanto, \u201cdispondr\u00e1 de servicios comunes de apoyo y soporte a la funci\u00f3n jurisdiccional, formados por un servicio com\u00fan de tramitaci\u00f3n y un servicio com\u00fan general\u201d.<\/p>\n\n\n\n<figure class=\"wp-block-gallery has-nested-images columns-default is-cropped wp-block-gallery-1 is-layout-flex wp-block-gallery-is-layout-flex\">\n<figure class=\"wp-block-image size-large\"><img loading=\"lazy\" decoding=\"async\" width=\"1024\" height=\"636\" data-id=\"267074\" src=\"https:\/\/www.tucomarca.com\/wordpress\/segunda\/wp-content\/uploads\/2025\/05\/JusticiaAlzira1-1024x636.jpg\" alt=\"\" class=\"wp-image-267074\" srcset=\"https:\/\/www.tucomarca.com\/wordpress\/segunda\/wp-content\/uploads\/2025\/05\/JusticiaAlzira1-1024x636.jpg 1024w, https:\/\/www.tucomarca.com\/wordpress\/segunda\/wp-content\/uploads\/2025\/05\/JusticiaAlzira1-300x186.jpg 300w, https:\/\/www.tucomarca.com\/wordpress\/segunda\/wp-content\/uploads\/2025\/05\/JusticiaAlzira1-768x477.jpg 768w, https:\/\/www.tucomarca.com\/wordpress\/segunda\/wp-content\/uploads\/2025\/05\/JusticiaAlzira1.jpg 1181w\" sizes=\"auto, (max-width: 1024px) 100vw, 1024px\" \/><\/figure>\n\n\n\n<figure class=\"wp-block-image size-large\"><img loading=\"lazy\" decoding=\"async\" width=\"1024\" height=\"576\" data-id=\"267078\" src=\"https:\/\/www.tucomarca.com\/wordpress\/segunda\/wp-content\/uploads\/2025\/05\/JusticiaAlzira3-1024x576.jpg\" alt=\"\" class=\"wp-image-267078\" srcset=\"https:\/\/www.tucomarca.com\/wordpress\/segunda\/wp-content\/uploads\/2025\/05\/JusticiaAlzira3-1024x576.jpg 1024w, https:\/\/www.tucomarca.com\/wordpress\/segunda\/wp-content\/uploads\/2025\/05\/JusticiaAlzira3-300x169.jpg 300w, https:\/\/www.tucomarca.com\/wordpress\/segunda\/wp-content\/uploads\/2025\/05\/JusticiaAlzira3-768x432.jpg 768w, https:\/\/www.tucomarca.com\/wordpress\/segunda\/wp-content\/uploads\/2025\/05\/JusticiaAlzira3-678x381.jpg 678w, https:\/\/www.tucomarca.com\/wordpress\/segunda\/wp-content\/uploads\/2025\/05\/JusticiaAlzira3.jpg 1181w\" sizes=\"auto, (max-width: 1024px) 100vw, 1024px\" \/><\/figure>\n<\/figure>\n\n\n\n<p><strong>Caracter\u00edsticas del nuevo Palacio de Justicia de Alzira<\/strong><\/p>\n\n\n\n<p>El nuevo Palacio de Justicia de Alzira se ubica en el n\u00famero 35 de la avenida Luis S\u00fa\u00f1er, en una parcela de 4.800 m2 cedida por el Ayuntamiento. El edificio, de cinco plantas y un \u00e1tico, tendr\u00e1 m\u00e1s de 11.000 metros cuadrados que albergar\u00e1n los siete juzgados que tiene el partido judicial, si bien se ha dise\u00f1ado para acoger hasta trece en el futuro.<\/p>\n\n\n\n<p>Dispondr\u00e1 de 43 salas para distintos usos, 71 despachos y un aparcamiento de 65 plazas. Se ha dise\u00f1ado con un aforo m\u00e1ximo de 900 personas, entre los 200 profesionales que all\u00ed trabajar\u00e1n y 700 personas usuarias. Adem\u00e1s, estar\u00e1 dotado con los m\u00e1s modernos sistemas de seguridad y confort t\u00e9rmico y ser\u00e1 completamente accesible y sostenible.<\/p>\n\n\n\n<p>Respecto a su distribuci\u00f3n, en la planta baja estar\u00e1 el juzgado de guardia con acceso independiente 24 horas y la sala de bodas, adem\u00e1s del vest\u00edbulo general desde el que se acceder\u00e1 al Registro Civil, que estar\u00e1 ubicado en el primer piso, y a otras seis salas de vistas con accesos diferenciados. Estas salas dispondr\u00e1n tambi\u00e9n de espacios de espera para testigos y dependencias especiales para que las v\u00edctimas puedan preservar su identidad.<\/p>\n\n\n\n<p>Tambi\u00e9n en la primera planta se habilitar\u00e1n los espacios para la Abogac\u00eda y la Procura, el Servicio de Orientaci\u00f3n Jur\u00eddica, la Oficina de Asistencia a las V\u00edctimas del Delito, el Instituto de Medicina Legal, la Unidad de Valoraci\u00f3n Integral Forense, el Gabinete Psicosocial, la C\u00e1mara Gesell (espacio dise\u00f1ado para la entrevista de v\u00edctimas y testigos, especialmente en casos de abuso sexual, con el objetivo de registrar la declaraci\u00f3n de manera segura y confidencial) y otros servicios comunes.<\/p>\n\n\n\n<p>En el resto de las plantas hay espacio para trece juzgados y las instalaciones de la Fiscal\u00eda.<\/p>\n","protected":false},"excerpt":{"rendered":"<div class=\"mh-excerpt\">La consellera de Justicia ha visitado las obras de la nueva sede que albergar\u00e1 los siete juzgados que tiene el partido judicial, en un edificio de m\u00e1s de 11.000 metros cuadrados, cinco plantas y \u00e1tico. <a class=\"mh-excerpt-more\" href=\"https:\/\/www.tucomarca.com\/wordpress\/segunda\/nuria-martinez-anuncia-que-el-nuevo-palacio-de-justicia-de-alzira-entrara-en-funcionamiento-a-finales-de-2025\/\" title=\"Nuria Mart\u00ednez anuncia que el nuevo Palacio de Justicia de Alzira entrar\u00e1 en funcionamiento a finales de 2025\">[+] <\/a><\/div>\n","protected":false},"author":12,"featured_media":267076,"comment_status":"open","ping_status":"open","sticky":false,"template":"","format":"gallery","meta":{"footnotes":""},"categories":[69,128,8,42,142,3,45],"tags":[10402,18574,1407],"class_list":{"0":"post-267072","1":"post","2":"type-post","3":"status-publish","4":"format-gallery","5":"has-post-thumbnail","7":"category-alzira","8":"category-infraestructuras","9":"category-la-comarca","10":"category-la-ribera","11":"category-politica-la-comarca","12":"category-seccion","13":"category-ventana","14":"tag-alzira","15":"tag-palacio-de-justicia-de-alzira","16":"tag-ribera-alta","17":"post_format-post-format-gallery"},"_links":{"self":[{"href":"https:\/\/www.tucomarca.com\/wordpress\/segunda\/wp-json\/wp\/v2\/posts\/267072","targetHints":{"allow":["GET"]}}],"collection":[{"href":"https:\/\/www.tucomarca.com\/wordpress\/segunda\/wp-json\/wp\/v2\/posts"}],"about":[{"href":"https:\/\/www.tucomarca.com\/wordpress\/segunda\/wp-json\/wp\/v2\/types\/post"}],"author":[{"embeddable":true,"href":"https:\/\/www.tucomarca.com\/wordpress\/segunda\/wp-json\/wp\/v2\/users\/12"}],"replies":[{"embeddable":true,"href":"https:\/\/www.tucomarca.com\/wordpress\/segunda\/wp-json\/wp\/v2\/comments?post=267072"}],"version-history":[{"count":0,"href":"https:\/\/www.tucomarca.com\/wordpress\/segunda\/wp-json\/wp\/v2\/posts\/267072\/revisions"}],"wp:featuredmedia":[{"embeddable":true,"href":"https:\/\/www.tucomarca.com\/wordpress\/segunda\/wp-json\/wp\/v2\/media\/267076"}],"wp:attachment":[{"href":"https:\/\/www.tucomarca.com\/wordpress\/segunda\/wp-json\/wp\/v2\/media?parent=267072"}],"wp:term":[{"taxonomy":"category","embeddable":true,"href":"https:\/\/www.tucomarca.com\/wordpress\/segunda\/wp-json\/wp\/v2\/categories?post=267072"},{"taxonomy":"post_tag","embeddable":true,"href":"https:\/\/www.tucomarca.com\/wordpress\/segunda\/wp-json\/wp\/v2\/tags?post=267072"}],"curies":[{"name":"wp","href":"https:\/\/api.w.org\/{rel}","templated":true}]}}