{"id":2673,"date":"2012-05-30T17:38:04","date_gmt":"2012-05-30T15:38:04","guid":{"rendered":"http:\/\/www.tucomarca.com\/wordpress\/segunda\/?p=2673"},"modified":"2012-05-30T17:39:45","modified_gmt":"2012-05-30T15:39:45","slug":"33-estudiantes-trabajaran-este-verano-en-el-valle-de-ayora-becados-por-la-diputacion","status":"publish","type":"post","link":"https:\/\/www.tucomarca.com\/wordpress\/segunda\/33-estudiantes-trabajaran-este-verano-en-el-valle-de-ayora-becados-por-la-diputacion\/","title":{"rendered":"33 estudiantes trabajar\u00e1n este verano en el Valle de Ayora becados por la Diputaci\u00f3n"},"content":{"rendered":"<p>Un total de 33 estudiantes realizar\u00e1n pr\u00e1cticas este verano en los ayuntamientos del Valle de Ayora con el programa &#8216;La Dipu te beca&#8217;.<\/p>\n<p>De este modo, todas las poblaciones de la comarca participan en este proyecto de la corporaci\u00f3n provincial, que ofrece la posibilidad de que los mayores de 18 a\u00f1os puedan realizar pr\u00e1cticas en las entidades locales durante los meses de julio y agosto.<\/p>\n<p>Para llevar a cabo este proyecto, la Diputaci\u00f3n de Valencia ha presupuestado una dotaci\u00f3n de 2.898.485 euros. Cada becario percibir\u00e1 un total de 500 euros mensuales, de los cuales la corporaci\u00f3n provincial subvenciona 400 euros y los 100 restantes los pagar\u00e1n los consistorios.<\/p>\n<p>Concretamente, todos los municipios del Valle de Ayora participan en este programa de ayudas a la formaci\u00f3n de la Diputaci\u00f3n de Valencia. La localidad que m\u00e1s estudiantes acoger\u00e1 ser\u00e1 Ayora, con 9 becarios, seguida de Cofrentes, Cortes de Pall\u00e1s, Jalance, Jarafuel, Teresa de Cofrentes y Zarra con cuatro becas cada municipio.<\/p>\n<p><strong>Requisitos<\/strong><\/p>\n<p>Los beneficiarios de la beca deben ser mayores de 18 a\u00f1os y estar cursando alg\u00fan ciclo de Formaci\u00f3n Profesional o ense\u00f1anzas universitarias oficiales de Grado, diplomaturas, licenciaturas o m\u00e1ster oficial impartido por las universidades.<\/p>\n<p>Destacar que a la hora de de convocar y otorgar las pr\u00e1cticas formativas se tendr\u00e1 en cuenta la situaci\u00f3n socio-econ\u00f3mica de los estudiantes y se valorar\u00e1 con car\u00e1cter preferente aquellos casos, en los que el solicitante acredite situaci\u00f3n de discapacidad, as\u00ed como el hecho de no haber disfrutado de ninguna beca en el marco de este programa en las ediciones anteriores.<\/p>\n<p><strong>Municipio Habitantes Becas<\/strong><\/p>\n<p>Ayora 5.415 habitantes 9 becas<br \/>\nCofrentes 1.005 habitantes 4 becas<br \/>\nCortes de Pall\u00e1s 1.054 habitantes 4 becas<br \/>\nJalance 993 habitantes 4 becas<br \/>\nJarafuel 833 habitantes 4 becas<br \/>\nTeresa de Cofrentes 663 habitantes 4 becas<br \/>\nZarra 566 habitantes 4 becas<\/p>\n","protected":false},"excerpt":{"rendered":"<div class=\"mh-excerpt\">Un total de 33 estudiantes realizar\u00e1n pr\u00e1cticas este verano en los ayuntamientos del Valle de Ayora con el programa &#8216;La Dipu te beca&#8217;. De este modo, todas las poblaciones de la comarca participan en este <a class=\"mh-excerpt-more\" href=\"https:\/\/www.tucomarca.com\/wordpress\/segunda\/33-estudiantes-trabajaran-este-verano-en-el-valle-de-ayora-becados-por-la-diputacion\/\" title=\"33 estudiantes trabajar\u00e1n este verano en el Valle de Ayora becados por la Diputaci\u00f3n\">[+] <\/a><\/div>\n","protected":false},"author":1,"featured_media":0,"comment_status":"open","ping_status":"open","sticky":false,"template":"","format":"standard","meta":{"footnotes":""},"categories":[39,38,41,40,230,231,8,3,232,233],"tags":[],"class_list":{"0":"post-2673","1":"post","2":"type-post","3":"status-publish","4":"format-standard","6":"category-ayora","7":"category-ayora-cofrentes","8":"category-cofrentes","9":"category-cortes-de-pallas","10":"category-jalance","11":"category-jarafuel","12":"category-la-comarca","13":"category-seccion","14":"category-teresa-de-cofrentes","15":"category-zarra"},"_links":{"self":[{"href":"https:\/\/www.tucomarca.com\/wordpress\/segunda\/wp-json\/wp\/v2\/posts\/2673","targetHints":{"allow":["GET"]}}],"collection":[{"href":"https:\/\/www.tucomarca.com\/wordpress\/segunda\/wp-json\/wp\/v2\/posts"}],"about":[{"href":"https:\/\/www.tucomarca.com\/wordpress\/segunda\/wp-json\/wp\/v2\/types\/post"}],"author":[{"embeddable":true,"href":"https:\/\/www.tucomarca.com\/wordpress\/segunda\/wp-json\/wp\/v2\/users\/1"}],"replies":[{"embeddable":true,"href":"https:\/\/www.tucomarca.com\/wordpress\/segunda\/wp-json\/wp\/v2\/comments?post=2673"}],"version-history":[{"count":0,"href":"https:\/\/www.tucomarca.com\/wordpress\/segunda\/wp-json\/wp\/v2\/posts\/2673\/revisions"}],"wp:attachment":[{"href":"https:\/\/www.tucomarca.com\/wordpress\/segunda\/wp-json\/wp\/v2\/media?parent=2673"}],"wp:term":[{"taxonomy":"category","embeddable":true,"href":"https:\/\/www.tucomarca.com\/wordpress\/segunda\/wp-json\/wp\/v2\/categories?post=2673"},{"taxonomy":"post_tag","embeddable":true,"href":"https:\/\/www.tucomarca.com\/wordpress\/segunda\/wp-json\/wp\/v2\/tags?post=2673"}],"curies":[{"name":"wp","href":"https:\/\/api.w.org\/{rel}","templated":true}]}}