{"id":267304,"date":"2025-05-28T08:30:00","date_gmt":"2025-05-28T06:30:00","guid":{"rendered":"https:\/\/www.tucomarca.com\/wordpress\/segunda\/?p=267304"},"modified":"2025-05-28T01:09:24","modified_gmt":"2025-05-27T23:09:24","slug":"transportes-anuncia-cortes-para-abordar-la-recta-final-de-los-trabajos-de-reconstruccion-por-la-dana-en-la-n-iii-entre-siete-aguas-y-bunol","status":"publish","type":"post","link":"https:\/\/www.tucomarca.com\/wordpress\/segunda\/transportes-anuncia-cortes-para-abordar-la-recta-final-de-los-trabajos-de-reconstruccion-por-la-dana-en-la-n-iii-entre-siete-aguas-y-bunol\/","title":{"rendered":"Transportes anuncia cortes para abordar la recta final de los trabajos de reconstrucci\u00f3n por la DANA en la N-III entre Siete Aguas y Bu\u00f1ol"},"content":{"rendered":"\n<h3 class=\"wp-block-heading\">Desde el Ministerio de Trasporte informan de que los trabajos que quedan por acometer, dotados con 4,2 millones de euros, consisten en el fresado y reposici\u00f3n del firme, por lo que ser\u00e1 necesario el corte total de la calzada en ambos sentidos, permitiendo el acceso s\u00f3lo a particulares para acceder a sus propiedades.<\/h3>\n\n\n\n<h3 class=\"wp-block-heading\">Los trabajos se ejecutan entre los km 294 y 298,2 y los cortes se realizar\u00e1n de 8,00 a 18,00 horas de lunes a jueves y de 8,00 a 13,00 el viernes, hasta previsiblemente el jueves 12 de junio. El tr\u00e1fico quedar\u00e1 restablecido los fines de semana y festivos.<\/h3>\n\n\n\n<p>El Ministerio de Transportes y Movilidad Sostenible ha anunciado que est\u00e1 llevando a cabo la recta final de las obras de reconstrucci\u00f3n del tramo entre los kil\u00f3metros 294 y 299 de la carretera N-III, a su paso por los municipios de Siete Aguas y Bu\u00f1ol, afectados por los acontecimientos catastr\u00f3ficos derivados de las intensas lluvias ca\u00eddas el 29 de octubre de 2024. El cr\u00e9dito habilitado para eso ha sido de 4,2 millones de euros (IVA incluido), tal como lo han cifrado desde el Ministerio de Transportes.<\/p>\n\n\n\n<p>Las obras que quedan por acometer consisten, principalmente, en el fresado y reposici\u00f3n del firme, llegando hasta la capa intermedia en determinadas zonas en funci\u00f3n del grado de deterioro.<\/p>\n\n\n\n<p>Por eso, y para garantizar la seguridad de los trabajadores y usuarios, se producir\u00e1 el corte total de la calzada (en ambos sentidos) entre los puntos km 294,0 y 298,2, permitiendo la entrada solo a particulares para acceder a sus propiedades, en los siguientes horarios:\u00a0<\/p>\n\n\n\n<ul class=\"wp-block-list\">\n<li>Jueves 29 de mayo: de 8,00 a 18,00 horas.<\/li>\n\n\n\n<li>Viernes, 30 de mayo: de 8,00 a 13,00.<\/li>\n\n\n\n<li>Los d\u00edas 2, 3 ,4 y 5 (lunes a jueves) de junio: de 8,00 a 18,00.<\/li>\n\n\n\n<li>Viernes 6 de junio: de 8,00 a 13,00.<\/li>\n\n\n\n<li>Los d\u00edas 9, 10, 11 y 12 (lunes a jueves) de junio: de 8,00 a 18,00.<\/li>\n<\/ul>\n\n\n\n<p>No se producir\u00e1n afectaciones al tr\u00e1fico los fines de semana ni festivos.<\/p>\n\n\n\n<figure class=\"wp-block-image size-large\"><img loading=\"lazy\" decoding=\"async\" width=\"1024\" height=\"794\" src=\"https:\/\/www.tucomarca.com\/wordpress\/segunda\/wp-content\/uploads\/2025\/05\/CortesNIII-1024x794.jpg\" alt=\"\" class=\"wp-image-267307\" srcset=\"https:\/\/www.tucomarca.com\/wordpress\/segunda\/wp-content\/uploads\/2025\/05\/CortesNIII-1024x794.jpg 1024w, https:\/\/www.tucomarca.com\/wordpress\/segunda\/wp-content\/uploads\/2025\/05\/CortesNIII-300x233.jpg 300w, https:\/\/www.tucomarca.com\/wordpress\/segunda\/wp-content\/uploads\/2025\/05\/CortesNIII-768x596.jpg 768w, https:\/\/www.tucomarca.com\/wordpress\/segunda\/wp-content\/uploads\/2025\/05\/CortesNIII-1536x1192.jpg 1536w, https:\/\/www.tucomarca.com\/wordpress\/segunda\/wp-content\/uploads\/2025\/05\/CortesNIII-2048x1589.jpg 2048w\" sizes=\"auto, (max-width: 1024px) 100vw, 1024px\" \/><\/figure>\n\n\n\n<p><strong>Itinerario alternativo<\/strong><\/p>\n\n\n\n<p>Para asegurar la fluidez del tr\u00e1fico, durante dichas afectaciones se habilitar\u00e1 un itinerario alternativo debidamente se\u00f1alizado. As\u00ed, para ambos sentidos se tomar\u00e1 la autov\u00eda A-3 y se recorrer\u00e1 hasta alcanzar el siguiente enlace: Bu\u00f1ol o Siete Aguas, seg\u00fan el sentido.<\/p>\n\n\n\n<p>Para los usuarios que se dirijan al tramo cortado en sentido Madrid (corte en km 298.2), utilizando la intersecci\u00f3n se tomar\u00e1 la A-3 en sentido Chiva\/Valencia. Para los usuarios que se dirijan al tramo cortado en sentido Valencia (corte en km 294), se tomar\u00e1 el ramal de la glorieta que da acceso a la A-3 en sentido Chiva\/Valencia. Se circular\u00e1 por la A-3 hasta la salida n\u00ba319 (Bu\u00f1ol), donde se har\u00e1 el cambio de sentido tomando de nuevo la A-3 en sentido Madrid.&nbsp;<\/p>\n\n\n\n<p>Para dirigirse a Siete Aguas, se tomar\u00e1 la salida 306 (Siete Aguas), habiendo llegado as\u00ed al enlace donde se encuentra el corte. Para dirigirse a Bu\u00f1ol, se tomar\u00e1 la salida 319 (Bu\u00f1ol).<\/p>\n\n\n\n<figure class=\"wp-block-gallery has-nested-images columns-1 is-cropped wp-block-gallery-1 is-layout-flex wp-block-gallery-is-layout-flex\">\n<figure class=\"wp-block-image size-large\"><img loading=\"lazy\" decoding=\"async\" width=\"1024\" height=\"682\" data-id=\"267312\" src=\"https:\/\/www.tucomarca.com\/wordpress\/segunda\/wp-content\/uploads\/2025\/05\/NIIIdana2-1024x682.jpg\" alt=\"\" class=\"wp-image-267312\" srcset=\"https:\/\/www.tucomarca.com\/wordpress\/segunda\/wp-content\/uploads\/2025\/05\/NIIIdana2-1024x682.jpg 1024w, https:\/\/www.tucomarca.com\/wordpress\/segunda\/wp-content\/uploads\/2025\/05\/NIIIdana2-300x200.jpg 300w, https:\/\/www.tucomarca.com\/wordpress\/segunda\/wp-content\/uploads\/2025\/05\/NIIIdana2-768x512.jpg 768w, https:\/\/www.tucomarca.com\/wordpress\/segunda\/wp-content\/uploads\/2025\/05\/NIIIdana2-1536x1023.jpg 1536w, https:\/\/www.tucomarca.com\/wordpress\/segunda\/wp-content\/uploads\/2025\/05\/NIIIdana2.jpg 1600w\" sizes=\"auto, (max-width: 1024px) 100vw, 1024px\" \/><\/figure>\n\n\n\n<figure class=\"wp-block-image size-large\"><img loading=\"lazy\" decoding=\"async\" width=\"1024\" height=\"682\" data-id=\"267310\" src=\"https:\/\/www.tucomarca.com\/wordpress\/segunda\/wp-content\/uploads\/2025\/05\/NIIIdana1-1024x682.jpg\" alt=\"\" class=\"wp-image-267310\" srcset=\"https:\/\/www.tucomarca.com\/wordpress\/segunda\/wp-content\/uploads\/2025\/05\/NIIIdana1-1024x682.jpg 1024w, https:\/\/www.tucomarca.com\/wordpress\/segunda\/wp-content\/uploads\/2025\/05\/NIIIdana1-300x200.jpg 300w, https:\/\/www.tucomarca.com\/wordpress\/segunda\/wp-content\/uploads\/2025\/05\/NIIIdana1-768x512.jpg 768w, https:\/\/www.tucomarca.com\/wordpress\/segunda\/wp-content\/uploads\/2025\/05\/NIIIdana1-1536x1023.jpg 1536w, https:\/\/www.tucomarca.com\/wordpress\/segunda\/wp-content\/uploads\/2025\/05\/NIIIdana1.jpg 1600w\" sizes=\"auto, (max-width: 1024px) 100vw, 1024px\" \/><\/figure>\n<\/figure>\n","protected":false},"excerpt":{"rendered":"<div class=\"mh-excerpt\">Desde el Ministerio de Trasporte informan de que los trabajos que quedan por acometer, dotados con 4,2 millones de euros, consisten en el fresado y reposici\u00f3n del firme, por lo que ser\u00e1 necesario el corte <a class=\"mh-excerpt-more\" href=\"https:\/\/www.tucomarca.com\/wordpress\/segunda\/transportes-anuncia-cortes-para-abordar-la-recta-final-de-los-trabajos-de-reconstruccion-por-la-dana-en-la-n-iii-entre-siete-aguas-y-bunol\/\" title=\"Transportes anuncia cortes para abordar la recta final de los trabajos de reconstrucci\u00f3n por la DANA en la N-III entre Siete Aguas y Bu\u00f1ol\">[+] <\/a><\/div>\n","protected":false},"author":1,"featured_media":267314,"comment_status":"open","ping_status":"open","sticky":false,"template":"","format":"standard","meta":{"footnotes":""},"categories":[18,21465,128,8,72,10,117,142,3,12,116,45],"tags":[10385,12831,5952,22095,10381],"class_list":{"0":"post-267304","1":"post","2":"type-post","3":"status-publish","4":"format-standard","5":"has-post-thumbnail","7":"category-bunol","8":"category-dana","9":"category-infraestructuras","10":"category-la-comarca","11":"category-sin-categorizar","12":"category-la-hoya","13":"category-medio-ambiente-la-comarca","14":"category-politica-la-comarca","15":"category-seccion","16":"category-siete-aguas","17":"category-sucesos-la-comarca","18":"category-ventana","19":"tag-bunol","20":"tag-dana-2","21":"tag-la-hoya-de-bunol-chiva","22":"tag-n-iii","23":"tag-siete-aguas"},"_links":{"self":[{"href":"https:\/\/www.tucomarca.com\/wordpress\/segunda\/wp-json\/wp\/v2\/posts\/267304","targetHints":{"allow":["GET"]}}],"collection":[{"href":"https:\/\/www.tucomarca.com\/wordpress\/segunda\/wp-json\/wp\/v2\/posts"}],"about":[{"href":"https:\/\/www.tucomarca.com\/wordpress\/segunda\/wp-json\/wp\/v2\/types\/post"}],"author":[{"embeddable":true,"href":"https:\/\/www.tucomarca.com\/wordpress\/segunda\/wp-json\/wp\/v2\/users\/1"}],"replies":[{"embeddable":true,"href":"https:\/\/www.tucomarca.com\/wordpress\/segunda\/wp-json\/wp\/v2\/comments?post=267304"}],"version-history":[{"count":0,"href":"https:\/\/www.tucomarca.com\/wordpress\/segunda\/wp-json\/wp\/v2\/posts\/267304\/revisions"}],"wp:featuredmedia":[{"embeddable":true,"href":"https:\/\/www.tucomarca.com\/wordpress\/segunda\/wp-json\/wp\/v2\/media\/267314"}],"wp:attachment":[{"href":"https:\/\/www.tucomarca.com\/wordpress\/segunda\/wp-json\/wp\/v2\/media?parent=267304"}],"wp:term":[{"taxonomy":"category","embeddable":true,"href":"https:\/\/www.tucomarca.com\/wordpress\/segunda\/wp-json\/wp\/v2\/categories?post=267304"},{"taxonomy":"post_tag","embeddable":true,"href":"https:\/\/www.tucomarca.com\/wordpress\/segunda\/wp-json\/wp\/v2\/tags?post=267304"}],"curies":[{"name":"wp","href":"https:\/\/api.w.org\/{rel}","templated":true}]}}